{"id":171895,"date":"2021-01-05T23:56:29","date_gmt":"2021-01-06T02:56:29","guid":{"rendered":"https:\/\/aconteceunovale.com.br\/portal\/?p=171895"},"modified":"2021-01-05T23:56:46","modified_gmt":"2021-01-06T02:56:46","slug":"prefeito-de-jacobina-reduz-o-proprio-salario-em-mais-de-90","status":"publish","type":"post","link":"https:\/\/aconteceunovale.com.br\/portal\/?p=171895","title":{"rendered":"Prefeito de Jacobina reduz o pr\u00f3prio sal\u00e1rio em mais de 90%"},"content":{"rendered":"\n<p class=\"wp-block-paragraph\">O prefeito da cidade de\u00a0Jacobina, no norte da Bahia, assinou um decreto reduzindo o pr\u00f3prio sal\u00e1rio em cerca de 92%. At\u00e9 dezembro deste ano, Tiago Dias (PC do B) vai receber apenas um sal\u00e1rio m\u00ednimo, e n\u00e3o a remunera\u00e7\u00e3o de R$ 15 mil do cargo.<\/p>\n\n\n\n<p class=\"wp-block-paragraph\">O gestor, que \u00e9 agricultor, tamb\u00e9m chamou aten\u00e7\u00e3o ao ir para a posse montado em um boi. De acordo com ele, a redu\u00e7\u00e3o foi uma medida tomada para dar exemplo ao trabalhador, j\u00e1 que a maioria das pessoas de Jacobina tamb\u00e9m sobrevive com um sal\u00e1rio m\u00ednimo. \u201cEu tomei algumas decis\u00f5es j\u00e1 na pr\u00e9-candidatura, e uma delas foi que eu iria reduzir o sal\u00e1rio do prefeito para o m\u00ednimo. Pela sensibilidade que o homem p\u00fablico tem que ter, de que o trabalhador \u00e9 trabalhador. 90% das pessoas em Jacobina e em outros estados do Brasil sobrevivem com um sal\u00e1rio m\u00ednimo, diferente do prefeito. Eu tenho aqui carro \u00e0 disposi\u00e7\u00e3o, combust\u00edvel \u00e0 disposi\u00e7\u00e3o, assessoria \u00e0 disposi\u00e7\u00e3o. Estou bem \u00e0 frente do trabalhador e da trabalhadora nesse ponto. Ent\u00e3o a gente tem que dar o exemplo&#8221;, disse ele.<\/p>\n\n\n\n<figure class=\"wp-block-gallery columns-1 is-cropped wp-block-gallery-1 is-layout-flex wp-block-gallery-is-layout-flex\"><ul class=\"blocks-gallery-grid\"><li class=\"blocks-gallery-item\"><figure><img loading=\"lazy\" decoding=\"async\" width=\"750\" height=\"450\" src=\"https:\/\/aconteceunovale.com.br\/portal\/wp-content\/uploads\/2021\/01\/prefeito_bahia.jpg\" alt=\"\" data-id=\"171896\" data-full-url=\"https:\/\/aconteceunovale.com.br\/portal\/wp-content\/uploads\/2021\/01\/prefeito_bahia.jpg\" data-link=\"https:\/\/aconteceunovale.com.br\/portal\/?attachment_id=171896\" class=\"wp-image-171896\" srcset=\"https:\/\/aconteceunovale.com.br\/portal\/wp-content\/uploads\/2021\/01\/prefeito_bahia.jpg 750w, https:\/\/aconteceunovale.com.br\/portal\/wp-content\/uploads\/2021\/01\/prefeito_bahia-300x180.jpg 300w, https:\/\/aconteceunovale.com.br\/portal\/wp-content\/uploads\/2021\/01\/prefeito_bahia-696x418.jpg 696w, https:\/\/aconteceunovale.com.br\/portal\/wp-content\/uploads\/2021\/01\/prefeito_bahia-700x420.jpg 700w\" sizes=\"auto, (max-width: 750px) 100vw, 750px\" \/><figcaption class=\"blocks-gallery-item__caption\"><em>Tiago Dias montado em um boi (Foto: Reprodu\u00e7\u00e3o \/ Jacobina Not\u00edcias)<\/em><\/figcaption><\/figure><\/li><\/ul><\/figure>\n\n\n\n<p class=\"wp-block-paragraph\">No decreto publicado na segunda-feira (4\/1\/2021), apenas o prefeito teve sal\u00e1rio reduzido. Tiago Dias disse ainda que n\u00e3o chegou a mencionar a redu\u00e7\u00e3o salarial que pretendia na campanha pol\u00edtica.<\/p>\n\n\n\n<p class=\"wp-block-paragraph\">&#8220;N\u00e3o falei em campanha sobre o decreto, para n\u00e3o ser demagogo. E fiz quando tive \u00e0 disposi\u00e7\u00e3o o Di\u00e1rio Oficial, para publicar a decis\u00e3o dessa medida. Estou realizado, contente e feliz. Porque o homem p\u00fablico, o prefeito, ele n\u00e3o est\u00e1 nem acima e nem abaixo do trabalhador e da trabalhadora, tem que estar lado a lado. N\u00e3o adianta no discurso a gente colocar que est\u00e1 trabalhando para o povo, se n\u00e3o viver como o povo vive&#8221;, argumentou.<\/p>\n\n\n\n<p class=\"wp-block-paragraph\">Com a redu\u00e7\u00e3o salarial, o retorno do dinheiro para os cofres p\u00fablicos \u00e9 de cerca de R$ 170 mil. O prefeito disse que esse dinheiro ser\u00e1 investido em institui\u00e7\u00f5es que prestam apoio a crian\u00e7as em situa\u00e7\u00e3o de vulnerabilidade social.<\/p>\n\n\n\n<p class=\"wp-block-paragraph\">\u201cJ\u00e1 est\u00e3o todos atentos, para que esse recurso que vai retornar do meu sal\u00e1rio seja distribu\u00eddo proporcionalmente para as institui\u00e7\u00f5es que cuidam de crian\u00e7as vulner\u00e1veis. Algumas n\u00f3s j\u00e1 temos conv\u00eanios, do munic\u00edpio com a institui\u00e7\u00e3o. A\u00ed a minha equipe est\u00e1 vendo se vai arquivar nesses conv\u00eanios, abrindo novos recursos, ou se v\u00e3o abrir novos conv\u00eanios para os repasses. A gente vai cuidar disso at\u00e9 o final do m\u00eas\u201d, disse.<\/p>\n\n\n\n<figure class=\"wp-block-gallery columns-1 is-cropped wp-block-gallery-2 is-layout-flex wp-block-gallery-is-layout-flex\"><ul class=\"blocks-gallery-grid\"><li class=\"blocks-gallery-item\"><figure><img loading=\"lazy\" decoding=\"async\" width=\"640\" height=\"400\" src=\"https:\/\/aconteceunovale.com.br\/portal\/wp-content\/uploads\/2021\/01\/prefeito_bahia2.jpg\" alt=\"\" data-id=\"171897\" data-full-url=\"https:\/\/aconteceunovale.com.br\/portal\/wp-content\/uploads\/2021\/01\/prefeito_bahia2.jpg\" data-link=\"https:\/\/aconteceunovale.com.br\/portal\/?attachment_id=171897\" class=\"wp-image-171897\" srcset=\"https:\/\/aconteceunovale.com.br\/portal\/wp-content\/uploads\/2021\/01\/prefeito_bahia2.jpg 640w, https:\/\/aconteceunovale.com.br\/portal\/wp-content\/uploads\/2021\/01\/prefeito_bahia2-300x188.jpg 300w\" sizes=\"auto, (max-width: 640px) 100vw, 640px\" \/><figcaption class=\"blocks-gallery-item__caption\"><em>Tiago Dias &#8211; Foto: Divulga\u00e7\u00e3o<\/em><\/figcaption><\/figure><\/li><\/ul><\/figure>\n\n\n\n<p class=\"has-white-color has-vivid-cyan-blue-background-color has-text-color has-background wp-block-paragraph\">Quer saber as not\u00edcias do <strong>Aconteceu no Vale<\/strong> em primeira m\u00e3o? Siga-nos no Facebook <a rel=\"noreferrer noopener\" href=\"http:\/\/facebook.com\/aconteceunovale\" target=\"_blank\">@aconteceunovale<\/a>, Twitter <a rel=\"noreferrer noopener\" href=\"https:\/\/twitter.com\/noticiadosvales\" target=\"_blank\">@noticiadosvales<\/a> e Instagram <a rel=\"noreferrer noopener\" href=\"https:\/\/www.instagram.com\/aconteceunovale\" target=\"_blank\">@aconteceunovale<\/a>.<\/p>\n","protected":false},"excerpt":{"rendered":"<p>O prefeito da cidade de\u00a0Jacobina, no norte da Bahia, assinou um decreto reduzindo o pr\u00f3prio sal\u00e1rio em cerca de 92%. At\u00e9 dezembro deste ano, Tiago Dias (PC do B) vai receber apenas um sal\u00e1rio m\u00ednimo, e n\u00e3o a remunera\u00e7\u00e3o de R$ 15 mil do cargo. O gestor, que \u00e9 agricultor, tamb\u00e9m chamou aten\u00e7\u00e3o ao ir [&hellip;]<\/p>\n","protected":false},"author":4,"featured_media":171896,"comment_status":"open","ping_status":"closed","sticky":false,"template":"","format":"standard","meta":{"amp_status":"","footnotes":""},"categories":[6,40240],"tags":[1018,161990,234176,234171,234173,234170,234172,234175,234174],"class_list":["post-171895","post","type-post","status-publish","format-standard","has-post-thumbnail","hentry","category-br","category-politica","tag-destaque","tag-jacobina","tag-posse-montado-em-boi","tag-prefeito-da-bahia-reduz-o-proprio-salario-em-mais-de-90","tag-prefeito-de-jacobina","tag-prefeito-de-jacobina-reduz-o-proprio-salario-em-mais-de-90","tag-prefeito-de-municipio-baiano-reduz-o-proprio-salario-em-mais-de-90","tag-prefeito-montado-em-boi","tag-salario-prefeito-de-jacobina"],"yoast_head":"<!-- This site is optimized with the Yoast SEO plugin v28.3 - https:\/\/yoast.com\/product\/yoast-seo-wordpress\/ -->\n<title>Prefeito de Jacobina reduz o pr\u00f3prio sal\u00e1rio em mais de 90% - Aconteceu no Vale<\/title>\n<meta name=\"robots\" content=\"index, follow, max-snippet:-1, max-image-preview:large, max-video-preview:-1\" \/>\n<link rel=\"canonical\" href=\"https:\/\/aconteceunovale.com.br\/portal\/?p=171895\" \/>\n<meta property=\"og:locale\" content=\"pt_BR\" \/>\n<meta property=\"og:type\" content=\"article\" \/>\n<meta property=\"og:title\" content=\"Prefeito de Jacobina reduz o pr\u00f3prio sal\u00e1rio em mais de 90% - Aconteceu no Vale\" \/>\n<meta property=\"og:description\" content=\"O prefeito da cidade de\u00a0Jacobina, no norte da Bahia, assinou um decreto reduzindo o pr\u00f3prio sal\u00e1rio em cerca de 92%. At\u00e9 dezembro deste ano, Tiago Dias (PC do B) vai receber apenas um sal\u00e1rio m\u00ednimo, e n\u00e3o a remunera\u00e7\u00e3o de R$ 15 mil do cargo. O gestor, que \u00e9 agricultor, tamb\u00e9m chamou aten\u00e7\u00e3o ao ir [&hellip;]\" \/>\n<meta property=\"og:url\" content=\"https:\/\/aconteceunovale.com.br\/portal\/?p=171895\" \/>\n<meta property=\"og:site_name\" content=\"Aconteceu no Vale\" \/>\n<meta property=\"article:publisher\" content=\"https:\/\/www.facebook.com\/aconteceunovale\/\" \/>\n<meta property=\"article:published_time\" content=\"2021-01-06T02:56:29+00:00\" \/>\n<meta property=\"article:modified_time\" content=\"2021-01-06T02:56:46+00:00\" \/>\n<meta property=\"og:image\" content=\"https:\/\/aconteceunovale.com.br\/portal\/wp-content\/uploads\/2021\/01\/prefeito_bahia.jpg\" \/>\n\t<meta property=\"og:image:width\" content=\"750\" \/>\n\t<meta property=\"og:image:height\" content=\"450\" \/>\n\t<meta property=\"og:image:type\" content=\"image\/jpeg\" \/>\n<meta name=\"author\" content=\"Reda\u00e7\u00e3o Aconteceu no Vale\" \/>\n<meta name=\"twitter:card\" content=\"summary_large_image\" \/>\n<meta name=\"twitter:creator\" content=\"@noticiadosvales\" \/>\n<meta name=\"twitter:site\" content=\"@noticiadosvales\" \/>\n<meta name=\"twitter:label1\" content=\"Escrito por\" \/>\n\t<meta name=\"twitter:data1\" content=\"Reda\u00e7\u00e3o Aconteceu no Vale\" \/>\n\t<meta name=\"twitter:label2\" content=\"Est. tempo de leitura\" \/>\n\t<meta name=\"twitter:data2\" content=\"2 minutos\" \/>\n<script type=\"application\/ld+json\" class=\"yoast-schema-graph\">{\"@context\":\"https:\\\/\\\/schema.org\",\"@graph\":[{\"@type\":\"Article\",\"@id\":\"https:\\\/\\\/aconteceunovale.com.br\\\/portal\\\/?p=171895#article\",\"isPartOf\":{\"@id\":\"https:\\\/\\\/aconteceunovale.com.br\\\/portal\\\/?p=171895\"},\"author\":{\"name\":\"Reda\u00e7\u00e3o Aconteceu no Vale\",\"@id\":\"https:\\\/\\\/aconteceunovale.com.br\\\/portal\\\/#\\\/schema\\\/person\\\/7d2f26d1483f8a63de73da1ee0754d35\"},\"headline\":\"Prefeito de Jacobina reduz o pr\u00f3prio sal\u00e1rio em mais de 90%\",\"datePublished\":\"2021-01-06T02:56:29+00:00\",\"dateModified\":\"2021-01-06T02:56:46+00:00\",\"mainEntityOfPage\":{\"@id\":\"https:\\\/\\\/aconteceunovale.com.br\\\/portal\\\/?p=171895\"},\"wordCount\":490,\"commentCount\":0,\"image\":{\"@id\":\"https:\\\/\\\/aconteceunovale.com.br\\\/portal\\\/?p=171895#primaryimage\"},\"thumbnailUrl\":\"https:\\\/\\\/aconteceunovale.com.br\\\/portal\\\/wp-content\\\/uploads\\\/2021\\\/01\\\/prefeito_bahia.jpg\",\"keywords\":[\"destaque\",\"Jacobina\",\"Posse montado em boi\",\"Prefeito da Bahia reduz o pr\u00f3prio sal\u00e1rio em mais de 90%\",\"Prefeito de Jacobina\",\"Prefeito de Jacobina reduz o pr\u00f3prio sal\u00e1rio em mais de 90%\",\"Prefeito de munic\u00edpio baiano reduz o pr\u00f3prio sal\u00e1rio em mais de 90%\",\"Prefeito montado em boi\",\"Sal\u00e1rio prefeito de Jacobina\"],\"articleSection\":[\"Brasil\",\"Pol\u00edtica\"],\"inLanguage\":\"pt-BR\",\"potentialAction\":[{\"@type\":\"CommentAction\",\"name\":\"Comment\",\"target\":[\"https:\\\/\\\/aconteceunovale.com.br\\\/portal\\\/?p=171895#respond\"]}]},{\"@type\":\"WebPage\",\"@id\":\"https:\\\/\\\/aconteceunovale.com.br\\\/portal\\\/?p=171895\",\"url\":\"https:\\\/\\\/aconteceunovale.com.br\\\/portal\\\/?p=171895\",\"name\":\"Prefeito de Jacobina reduz o pr\u00f3prio sal\u00e1rio em mais de 90% - Aconteceu no Vale\",\"isPartOf\":{\"@id\":\"https:\\\/\\\/aconteceunovale.com.br\\\/portal\\\/#website\"},\"primaryImageOfPage\":{\"@id\":\"https:\\\/\\\/aconteceunovale.com.br\\\/portal\\\/?p=171895#primaryimage\"},\"image\":{\"@id\":\"https:\\\/\\\/aconteceunovale.com.br\\\/portal\\\/?p=171895#primaryimage\"},\"thumbnailUrl\":\"https:\\\/\\\/aconteceunovale.com.br\\\/portal\\\/wp-content\\\/uploads\\\/2021\\\/01\\\/prefeito_bahia.jpg\",\"datePublished\":\"2021-01-06T02:56:29+00:00\",\"dateModified\":\"2021-01-06T02:56:46+00:00\",\"author\":{\"@id\":\"https:\\\/\\\/aconteceunovale.com.br\\\/portal\\\/#\\\/schema\\\/person\\\/7d2f26d1483f8a63de73da1ee0754d35\"},\"breadcrumb\":{\"@id\":\"https:\\\/\\\/aconteceunovale.com.br\\\/portal\\\/?p=171895#breadcrumb\"},\"inLanguage\":\"pt-BR\",\"potentialAction\":[{\"@type\":\"ReadAction\",\"target\":[\"https:\\\/\\\/aconteceunovale.com.br\\\/portal\\\/?p=171895\"]}]},{\"@type\":\"ImageObject\",\"inLanguage\":\"pt-BR\",\"@id\":\"https:\\\/\\\/aconteceunovale.com.br\\\/portal\\\/?p=171895#primaryimage\",\"url\":\"https:\\\/\\\/aconteceunovale.com.br\\\/portal\\\/wp-content\\\/uploads\\\/2021\\\/01\\\/prefeito_bahia.jpg\",\"contentUrl\":\"https:\\\/\\\/aconteceunovale.com.br\\\/portal\\\/wp-content\\\/uploads\\\/2021\\\/01\\\/prefeito_bahia.jpg\",\"width\":750,\"height\":450},{\"@type\":\"BreadcrumbList\",\"@id\":\"https:\\\/\\\/aconteceunovale.com.br\\\/portal\\\/?p=171895#breadcrumb\",\"itemListElement\":[{\"@type\":\"ListItem\",\"position\":1,\"name\":\"In\u00edcio\",\"item\":\"https:\\\/\\\/aconteceunovale.com.br\\\/portal\\\/\"},{\"@type\":\"ListItem\",\"position\":2,\"name\":\"Prefeito de Jacobina reduz o pr\u00f3prio sal\u00e1rio em mais de 90%\"}]},{\"@type\":\"WebSite\",\"@id\":\"https:\\\/\\\/aconteceunovale.com.br\\\/portal\\\/#website\",\"url\":\"https:\\\/\\\/aconteceunovale.com.br\\\/portal\\\/\",\"name\":\"Aconteceu no Vale\",\"description\":\"Portal de Not\u00edcias\",\"potentialAction\":[{\"@type\":\"SearchAction\",\"target\":{\"@type\":\"EntryPoint\",\"urlTemplate\":\"https:\\\/\\\/aconteceunovale.com.br\\\/portal\\\/?s={search_term_string}\"},\"query-input\":{\"@type\":\"PropertyValueSpecification\",\"valueRequired\":true,\"valueName\":\"search_term_string\"}}],\"inLanguage\":\"pt-BR\"},{\"@type\":\"Person\",\"@id\":\"https:\\\/\\\/aconteceunovale.com.br\\\/portal\\\/#\\\/schema\\\/person\\\/7d2f26d1483f8a63de73da1ee0754d35\",\"name\":\"Reda\u00e7\u00e3o Aconteceu no Vale\",\"description\":\"Equipe de reportagem do Aconteceu no Vale, portal de not\u00edcias do Vale do Jequitinhonha, em Minas Gerais. Cobrimos as 51 cidades do Vale desde 2013. Sugest\u00f5es de pauta e pedidos de corre\u00e7\u00e3o: contato@aconteceunovale.com.br\",\"url\":\"https:\\\/\\\/aconteceunovale.com.br\\\/portal\\\/?author=4\"}]}<\/script>\n<!-- \/ Yoast SEO plugin. -->","yoast_head_json":{"title":"Prefeito de Jacobina reduz o pr\u00f3prio sal\u00e1rio em mais de 90% - Aconteceu no Vale","robots":{"index":"index","follow":"follow","max-snippet":"max-snippet:-1","max-image-preview":"max-image-preview:large","max-video-preview":"max-video-preview:-1"},"canonical":"https:\/\/aconteceunovale.com.br\/portal\/?p=171895","og_locale":"pt_BR","og_type":"article","og_title":"Prefeito de Jacobina reduz o pr\u00f3prio sal\u00e1rio em mais de 90% - Aconteceu no Vale","og_description":"O prefeito da cidade de\u00a0Jacobina, no norte da Bahia, assinou um decreto reduzindo o pr\u00f3prio sal\u00e1rio em cerca de 92%. At\u00e9 dezembro deste ano, Tiago Dias (PC do B) vai receber apenas um sal\u00e1rio m\u00ednimo, e n\u00e3o a remunera\u00e7\u00e3o de R$ 15 mil do cargo. O gestor, que \u00e9 agricultor, tamb\u00e9m chamou aten\u00e7\u00e3o ao ir [&hellip;]","og_url":"https:\/\/aconteceunovale.com.br\/portal\/?p=171895","og_site_name":"Aconteceu no Vale","article_publisher":"https:\/\/www.facebook.com\/aconteceunovale\/","article_published_time":"2021-01-06T02:56:29+00:00","article_modified_time":"2021-01-06T02:56:46+00:00","og_image":[{"width":750,"height":450,"url":"https:\/\/aconteceunovale.com.br\/portal\/wp-content\/uploads\/2021\/01\/prefeito_bahia.jpg","type":"image\/jpeg"}],"author":"Reda\u00e7\u00e3o Aconteceu no Vale","twitter_card":"summary_large_image","twitter_creator":"@noticiadosvales","twitter_site":"@noticiadosvales","twitter_misc":{"Escrito por":"Reda\u00e7\u00e3o Aconteceu no Vale","Est. tempo de leitura":"2 minutos"},"schema":{"@context":"https:\/\/schema.org","@graph":[{"@type":"Article","@id":"https:\/\/aconteceunovale.com.br\/portal\/?p=171895#article","isPartOf":{"@id":"https:\/\/aconteceunovale.com.br\/portal\/?p=171895"},"author":{"name":"Reda\u00e7\u00e3o Aconteceu no Vale","@id":"https:\/\/aconteceunovale.com.br\/portal\/#\/schema\/person\/7d2f26d1483f8a63de73da1ee0754d35"},"headline":"Prefeito de Jacobina reduz o pr\u00f3prio sal\u00e1rio em mais de 90%","datePublished":"2021-01-06T02:56:29+00:00","dateModified":"2021-01-06T02:56:46+00:00","mainEntityOfPage":{"@id":"https:\/\/aconteceunovale.com.br\/portal\/?p=171895"},"wordCount":490,"commentCount":0,"image":{"@id":"https:\/\/aconteceunovale.com.br\/portal\/?p=171895#primaryimage"},"thumbnailUrl":"https:\/\/aconteceunovale.com.br\/portal\/wp-content\/uploads\/2021\/01\/prefeito_bahia.jpg","keywords":["destaque","Jacobina","Posse montado em boi","Prefeito da Bahia reduz o pr\u00f3prio sal\u00e1rio em mais de 90%","Prefeito de Jacobina","Prefeito de Jacobina reduz o pr\u00f3prio sal\u00e1rio em mais de 90%","Prefeito de munic\u00edpio baiano reduz o pr\u00f3prio sal\u00e1rio em mais de 90%","Prefeito montado em boi","Sal\u00e1rio prefeito de Jacobina"],"articleSection":["Brasil","Pol\u00edtica"],"inLanguage":"pt-BR","potentialAction":[{"@type":"CommentAction","name":"Comment","target":["https:\/\/aconteceunovale.com.br\/portal\/?p=171895#respond"]}]},{"@type":"WebPage","@id":"https:\/\/aconteceunovale.com.br\/portal\/?p=171895","url":"https:\/\/aconteceunovale.com.br\/portal\/?p=171895","name":"Prefeito de Jacobina reduz o pr\u00f3prio sal\u00e1rio em mais de 90% - Aconteceu no Vale","isPartOf":{"@id":"https:\/\/aconteceunovale.com.br\/portal\/#website"},"primaryImageOfPage":{"@id":"https:\/\/aconteceunovale.com.br\/portal\/?p=171895#primaryimage"},"image":{"@id":"https:\/\/aconteceunovale.com.br\/portal\/?p=171895#primaryimage"},"thumbnailUrl":"https:\/\/aconteceunovale.com.br\/portal\/wp-content\/uploads\/2021\/01\/prefeito_bahia.jpg","datePublished":"2021-01-06T02:56:29+00:00","dateModified":"2021-01-06T02:56:46+00:00","author":{"@id":"https:\/\/aconteceunovale.com.br\/portal\/#\/schema\/person\/7d2f26d1483f8a63de73da1ee0754d35"},"breadcrumb":{"@id":"https:\/\/aconteceunovale.com.br\/portal\/?p=171895#breadcrumb"},"inLanguage":"pt-BR","potentialAction":[{"@type":"ReadAction","target":["https:\/\/aconteceunovale.com.br\/portal\/?p=171895"]}]},{"@type":"ImageObject","inLanguage":"pt-BR","@id":"https:\/\/aconteceunovale.com.br\/portal\/?p=171895#primaryimage","url":"https:\/\/aconteceunovale.com.br\/portal\/wp-content\/uploads\/2021\/01\/prefeito_bahia.jpg","contentUrl":"https:\/\/aconteceunovale.com.br\/portal\/wp-content\/uploads\/2021\/01\/prefeito_bahia.jpg","width":750,"height":450},{"@type":"BreadcrumbList","@id":"https:\/\/aconteceunovale.com.br\/portal\/?p=171895#breadcrumb","itemListElement":[{"@type":"ListItem","position":1,"name":"In\u00edcio","item":"https:\/\/aconteceunovale.com.br\/portal\/"},{"@type":"ListItem","position":2,"name":"Prefeito de Jacobina reduz o pr\u00f3prio sal\u00e1rio em mais de 90%"}]},{"@type":"WebSite","@id":"https:\/\/aconteceunovale.com.br\/portal\/#website","url":"https:\/\/aconteceunovale.com.br\/portal\/","name":"Aconteceu no Vale","description":"Portal de Not\u00edcias","potentialAction":[{"@type":"SearchAction","target":{"@type":"EntryPoint","urlTemplate":"https:\/\/aconteceunovale.com.br\/portal\/?s={search_term_string}"},"query-input":{"@type":"PropertyValueSpecification","valueRequired":true,"valueName":"search_term_string"}}],"inLanguage":"pt-BR"},{"@type":"Person","@id":"https:\/\/aconteceunovale.com.br\/portal\/#\/schema\/person\/7d2f26d1483f8a63de73da1ee0754d35","name":"Reda\u00e7\u00e3o Aconteceu no Vale","description":"Equipe de reportagem do Aconteceu no Vale, portal de not\u00edcias do Vale do Jequitinhonha, em Minas Gerais. Cobrimos as 51 cidades do Vale desde 2013. Sugest\u00f5es de pauta e pedidos de corre\u00e7\u00e3o: contato@aconteceunovale.com.br","url":"https:\/\/aconteceunovale.com.br\/portal\/?author=4"}]}},"_links":{"self":[{"href":"https:\/\/aconteceunovale.com.br\/portal\/index.php?rest_route=\/wp\/v2\/posts\/171895","targetHints":{"allow":["GET"]}}],"collection":[{"href":"https:\/\/aconteceunovale.com.br\/portal\/index.php?rest_route=\/wp\/v2\/posts"}],"about":[{"href":"https:\/\/aconteceunovale.com.br\/portal\/index.php?rest_route=\/wp\/v2\/types\/post"}],"author":[{"embeddable":true,"href":"https:\/\/aconteceunovale.com.br\/portal\/index.php?rest_route=\/wp\/v2\/users\/4"}],"replies":[{"embeddable":true,"href":"https:\/\/aconteceunovale.com.br\/portal\/index.php?rest_route=%2Fwp%2Fv2%2Fcomments&post=171895"}],"version-history":[{"count":1,"href":"https:\/\/aconteceunovale.com.br\/portal\/index.php?rest_route=\/wp\/v2\/posts\/171895\/revisions"}],"predecessor-version":[{"id":171898,"href":"https:\/\/aconteceunovale.com.br\/portal\/index.php?rest_route=\/wp\/v2\/posts\/171895\/revisions\/171898"}],"wp:featuredmedia":[{"embeddable":true,"href":"https:\/\/aconteceunovale.com.br\/portal\/index.php?rest_route=\/wp\/v2\/media\/171896"}],"wp:attachment":[{"href":"https:\/\/aconteceunovale.com.br\/portal\/index.php?rest_route=%2Fwp%2Fv2%2Fmedia&parent=171895"}],"wp:term":[{"taxonomy":"category","embeddable":true,"href":"https:\/\/aconteceunovale.com.br\/portal\/index.php?rest_route=%2Fwp%2Fv2%2Fcategories&post=171895"},{"taxonomy":"post_tag","embeddable":true,"href":"https:\/\/aconteceunovale.com.br\/portal\/index.php?rest_route=%2Fwp%2Fv2%2Ftags&post=171895"}],"curies":[{"name":"wp","href":"https:\/\/api.w.org\/{rel}","templated":true}]}}