{"id":171886,"date":"2021-01-05T22:27:24","date_gmt":"2021-01-06T01:27:24","guid":{"rendered":"https:\/\/aconteceunovale.com.br\/portal\/?p=171886"},"modified":"2021-01-05T22:32:30","modified_gmt":"2021-01-06T01:32:30","slug":"171886","status":"publish","type":"post","link":"https:\/\/aconteceunovale.com.br\/portal\/?p=171886","title":{"rendered":"Governo de Minas inicia nesta semana a distribui\u00e7\u00e3o de seringas para vacina\u00e7\u00e3o contra Covid-19"},"content":{"rendered":"\n<p class=\"wp-block-paragraph\">O\u00a0Governo de Minas, por meio da\u00a0<a rel=\"noreferrer noopener\" href=\"http:\/\/www.saude.mg.gov.br\/\" target=\"_blank\">Secretaria de Estado de Sa\u00fade (SES-MG)<\/a>, inicia nesta semana a distribui\u00e7\u00e3o de seringas agulhadas para o interior do Estado. A a\u00e7\u00e3o faz parte do Plano Estadual de Vacina\u00e7\u00e3o para a covid-19. O governo mineiro se antecipou e deu in\u00edcio ao Plano de Contingenciamento ainda em setembro. O Estado adquiriu 50 milh\u00f5es de seringas agulhadas, das quais mais de 19 milh\u00f5es j\u00e1 chegaram em territ\u00f3rio mineiro, e comprou 617 c\u00e2maras refrigeradas para armazenamento dos imunizantes.<\/p>\n\n\n\n<p class=\"wp-block-paragraph\">O an\u00fancio foi feito na tarde desta ter\u00e7a-feira (5\/1\/2021) pelo secret\u00e1rio adjunto de Sa\u00fade, Marcelo Cabral, durante coletiva \u00e0 imprensa. Segundo ele, a estrutura\u00e7\u00e3o das a\u00e7\u00f5es do Governo de Minas ir\u00e1 garantir mais agilidade na aplica\u00e7\u00e3o dos imunizantes assim que o governo federal iniciar a sua distribui\u00e7\u00e3o.<\/p>\n\n\n\n<p class=\"wp-block-paragraph\">\u201cEstamos iniciando a log\u00edstica para entrega, atrav\u00e9s das nossas superintend\u00eancias e ger\u00eancias regionais, para que estas seringas cheguem aos munic\u00edpios e possam, no momento pr\u00f3prio, nesse plano antecipado do Governo do Estado e da Secretaria de Estado de Sa\u00fade (SES-MG), servir para a vacina\u00e7\u00e3o de toda popula\u00e7\u00e3o mineira&#8221;, afirmou o secret\u00e1rio adjunto, Marcelo Cabral.<\/p>\n\n\n\n<p class=\"wp-block-paragraph\">A log\u00edstica elaborada pela SES-MG tamb\u00e9m leva em conta uma vacina\u00e7\u00e3o gradual durante o ano \u2013 e n\u00e3o em uma data \u00fanica.<\/p>\n\n\n\n<figure class=\"wp-block-gallery columns-1 is-cropped wp-block-gallery-1 is-layout-flex wp-block-gallery-is-layout-flex\"><ul class=\"blocks-gallery-grid\"><li class=\"blocks-gallery-item\"><figure><img loading=\"lazy\" decoding=\"async\" width=\"675\" height=\"450\" src=\"https:\/\/aconteceunovale.com.br\/portal\/wp-content\/uploads\/2021\/01\/marcelo_cabral.jpeg\" alt=\"\" data-id=\"171887\" data-full-url=\"https:\/\/aconteceunovale.com.br\/portal\/wp-content\/uploads\/2021\/01\/marcelo_cabral.jpeg\" data-link=\"https:\/\/aconteceunovale.com.br\/portal\/?attachment_id=171887\" class=\"wp-image-171887\" srcset=\"https:\/\/aconteceunovale.com.br\/portal\/wp-content\/uploads\/2021\/01\/marcelo_cabral.jpeg 675w, https:\/\/aconteceunovale.com.br\/portal\/wp-content\/uploads\/2021\/01\/marcelo_cabral-300x200.jpeg 300w, https:\/\/aconteceunovale.com.br\/portal\/wp-content\/uploads\/2021\/01\/marcelo_cabral-630x420.jpeg 630w\" sizes=\"auto, (max-width: 675px) 100vw, 675px\" \/><figcaption class=\"blocks-gallery-item__caption\"><em>Marcelo Cabral &#8211; Foto: F\u00e1bio Marchetto<\/em><\/figcaption><\/figure><\/li><\/ul><\/figure>\n\n\n\n<h2 class=\"wp-block-heading\"><strong>Momento de aten\u00e7\u00e3o<\/strong><\/h2>\n\n\n\n<p class=\"wp-block-paragraph\">Marcelo Cabral refor\u00e7ou, ainda, que o momento \u00e9 de aten\u00e7\u00e3o e que a popula\u00e7\u00e3o mineira continue tomando os devidos cuidados at\u00e9 que a vacina esteja dispon\u00edvel. De acordo com o secret\u00e1rio adjunto, as festividades do final do ano passado podem contribuir para o aumento da transmiss\u00e3o da doen\u00e7a.<\/p>\n\n\n\n<p class=\"wp-block-paragraph\">\u201cInfelizmente, no final do ano houve um relaxamento no que se refere aos cuidados. A partir do final do ano, com as reuni\u00f5es e comemora\u00e7\u00f5es que eventualmente tenham se realizado sem os maiores cuidados, os reflexos ser\u00e3o verificados, objetivamente, 14 dias ap\u00f3s estes eventos\u201d, observou.&nbsp;<\/p>\n\n\n\n<p class=\"wp-block-paragraph\">Cabral ainda destacou a import\u00e2ncia da conscientiza\u00e7\u00e3o das pessoas em continuar utilizando a m\u00e1scara, realizando a higieniza\u00e7\u00e3o adequada, mantendo o distanciamento e evitando aglomera\u00e7\u00f5es para que Minas continue com os resultados alcan\u00e7ados at\u00e9 agora. Minas Gerais \u00e9 o estado com a menor taxa de mortalidade no Brasil por milh\u00e3o de habitante.<\/p>\n\n\n\n<p class=\"wp-block-paragraph\">\u201cQualquer esfor\u00e7o ser\u00e1 em v\u00e3o caso as pessoas n\u00e3o tomem este cuidado. E isto tem reflexos na rede assistencial, na ocupa\u00e7\u00e3o de leitos, o que requer de todos n\u00f3s cidad\u00e3os os cuidados\u201d, finalizou.<\/p>\n\n\n\n<p class=\"has-white-color has-vivid-cyan-blue-background-color has-text-color has-background wp-block-paragraph\">Quer saber as not\u00edcias do <strong>Aconteceu no Vale<\/strong> em primeira m\u00e3o? Siga-nos no Facebook <a rel=\"noreferrer noopener\" href=\"http:\/\/facebook.com\/aconteceunovale\" target=\"_blank\">@aconteceunovale<\/a>, Twitter <a rel=\"noreferrer noopener\" href=\"https:\/\/twitter.com\/noticiadosvales\" target=\"_blank\">@noticiadosvales<\/a> e Instagram <a rel=\"noreferrer noopener\" href=\"https:\/\/www.instagram.com\/aconteceunovale\" target=\"_blank\">@aconteceunovale<\/a>.<\/p>\n","protected":false},"excerpt":{"rendered":"<p>O\u00a0Governo de Minas, por meio da\u00a0Secretaria de Estado de Sa\u00fade (SES-MG), inicia nesta semana a distribui\u00e7\u00e3o de seringas agulhadas para o interior do Estado. A a\u00e7\u00e3o faz parte do Plano Estadual de Vacina\u00e7\u00e3o para a covid-19. O governo mineiro se antecipou e deu in\u00edcio ao Plano de Contingenciamento ainda em setembro. O Estado adquiriu 50 [&hellip;]<\/p>\n","protected":false},"author":4,"featured_media":171887,"comment_status":"open","ping_status":"closed","sticky":false,"template":"","format":"standard","meta":{"amp_status":"","footnotes":""},"categories":[123,40242],"tags":[217799,219851,219853,214884,216498,221718,234165,232568,234167,219855,215653,221717,219854,219852,217692,221719,220285,220287,234168,234169,220286,231331,234166],"class_list":["post-171886","post","type-post","status-publish","format-standard","has-post-thumbnail","hentry","category-gerais","category-saude-2","tag-casos-de-coronavirus-em-minas-gerais","tag-casos-de-covid-19-em-minas-gerais","tag-cidades-com-casos-de-coronavirus-em-minas-gerais","tag-coronavirus","tag-covid-19","tag-curados-do-coronavirus-em-minas-gerais","tag-governo-de-minas-inicia-nesta-semana-a-distribuicao-de-seringas-para-vacinacao-contra-a-covid-19","tag-imunizacao-contra-a-covid-19-em-minas-gerais","tag-imunizacao-contra-o-coronavirus-em-minas-gerais","tag-mortes-por-coronavirus-em-minas-gerais","tag-novo-coronavirus","tag-numero-de-curados-do-coronavirus-em-minas-gerais","tag-numeros-do-coronavirus-em-minas-gerais","tag-obitos-por-coronavirus-em-minas-gerias","tag-pandemia-de-coronavirus","tag-recuperados-do-coronavirus-em-minas-gerais","tag-secretaria-de-saude-atualiza-numeros-do-coronavirus-em-minas-gerais","tag-secretaria-de-saude-de-minas-gerais-atualiza-numeros-do-coronavirus","tag-seringas-agulhadas-minas-gerais","tag-seringas-minas-gerais","tag-ses-mg-atualiza-numeros-do-coronavirus","tag-vacinacao-contra-a-covid-19-em-minas-gerais","tag-vacinacao-contra-o-coronavirus-em-minas-gerais"],"yoast_head":"<!-- This site is optimized with the Yoast SEO plugin v28.3 - https:\/\/yoast.com\/product\/yoast-seo-wordpress\/ -->\n<title>Governo de Minas inicia nesta semana a distribui\u00e7\u00e3o de seringas para vacina\u00e7\u00e3o contra Covid-19 - Aconteceu no Vale<\/title>\n<meta name=\"robots\" content=\"index, follow, max-snippet:-1, max-image-preview:large, max-video-preview:-1\" \/>\n<link rel=\"canonical\" href=\"https:\/\/aconteceunovale.com.br\/portal\/?p=171886\" \/>\n<meta property=\"og:locale\" content=\"pt_BR\" \/>\n<meta property=\"og:type\" content=\"article\" \/>\n<meta property=\"og:title\" content=\"Governo de Minas inicia nesta semana a distribui\u00e7\u00e3o de seringas para vacina\u00e7\u00e3o contra Covid-19 - Aconteceu no Vale\" \/>\n<meta property=\"og:description\" content=\"O\u00a0Governo de Minas, por meio da\u00a0Secretaria de Estado de Sa\u00fade (SES-MG), inicia nesta semana a distribui\u00e7\u00e3o de seringas agulhadas para o interior do Estado. A a\u00e7\u00e3o faz parte do Plano Estadual de Vacina\u00e7\u00e3o para a covid-19. O governo mineiro se antecipou e deu in\u00edcio ao Plano de Contingenciamento ainda em setembro. O Estado adquiriu 50 [&hellip;]\" \/>\n<meta property=\"og:url\" content=\"https:\/\/aconteceunovale.com.br\/portal\/?p=171886\" \/>\n<meta property=\"og:site_name\" content=\"Aconteceu no Vale\" \/>\n<meta property=\"article:publisher\" content=\"https:\/\/www.facebook.com\/aconteceunovale\/\" \/>\n<meta property=\"article:published_time\" content=\"2021-01-06T01:27:24+00:00\" \/>\n<meta property=\"article:modified_time\" content=\"2021-01-06T01:32:30+00:00\" \/>\n<meta property=\"og:image\" content=\"https:\/\/aconteceunovale.com.br\/portal\/wp-content\/uploads\/2021\/01\/marcelo_cabral.jpeg\" \/>\n\t<meta property=\"og:image:width\" content=\"675\" \/>\n\t<meta property=\"og:image:height\" content=\"450\" \/>\n\t<meta property=\"og:image:type\" content=\"image\/jpeg\" \/>\n<meta name=\"author\" content=\"Reda\u00e7\u00e3o Aconteceu no Vale\" \/>\n<meta name=\"twitter:card\" content=\"summary_large_image\" \/>\n<meta name=\"twitter:creator\" content=\"@noticiadosvales\" \/>\n<meta name=\"twitter:site\" content=\"@noticiadosvales\" \/>\n<meta name=\"twitter:label1\" content=\"Escrito por\" \/>\n\t<meta name=\"twitter:data1\" content=\"Reda\u00e7\u00e3o Aconteceu no Vale\" \/>\n\t<meta name=\"twitter:label2\" content=\"Est. tempo de leitura\" \/>\n\t<meta name=\"twitter:data2\" content=\"2 minutos\" \/>\n<script type=\"application\/ld+json\" class=\"yoast-schema-graph\">{\"@context\":\"https:\\\/\\\/schema.org\",\"@graph\":[{\"@type\":\"Article\",\"@id\":\"https:\\\/\\\/aconteceunovale.com.br\\\/portal\\\/?p=171886#article\",\"isPartOf\":{\"@id\":\"https:\\\/\\\/aconteceunovale.com.br\\\/portal\\\/?p=171886\"},\"author\":{\"name\":\"Reda\u00e7\u00e3o Aconteceu no Vale\",\"@id\":\"https:\\\/\\\/aconteceunovale.com.br\\\/portal\\\/#\\\/schema\\\/person\\\/7d2f26d1483f8a63de73da1ee0754d35\"},\"headline\":\"Governo de Minas inicia nesta semana a distribui\u00e7\u00e3o de seringas para vacina\u00e7\u00e3o contra Covid-19\",\"datePublished\":\"2021-01-06T01:27:24+00:00\",\"dateModified\":\"2021-01-06T01:32:30+00:00\",\"mainEntityOfPage\":{\"@id\":\"https:\\\/\\\/aconteceunovale.com.br\\\/portal\\\/?p=171886\"},\"wordCount\":477,\"commentCount\":0,\"image\":{\"@id\":\"https:\\\/\\\/aconteceunovale.com.br\\\/portal\\\/?p=171886#primaryimage\"},\"thumbnailUrl\":\"https:\\\/\\\/aconteceunovale.com.br\\\/portal\\\/wp-content\\\/uploads\\\/2021\\\/01\\\/marcelo_cabral.jpeg\",\"keywords\":[\"Casos de coronav\u00edrus em Minas Gerais\",\"Casos de covid-19 em Minas Gerais\",\"Cidades com casos de coronav\u00edrus em Minas Gerais\",\"Coronav\u00edrus\",\"COVID-19\",\"Curados do coronav\u00edrus em Minas Gerais\",\"Governo de Minas inicia nesta semana a distribui\u00e7\u00e3o de seringas para vacina\u00e7\u00e3o contra a Covid-19\",\"Imuniza\u00e7\u00e3o contra a covid-19 em Minas Gerais\",\"Imuniza\u00e7\u00e3o contra o coronav\u00edrus em Minas Gerais\",\"Mortes por coronav\u00edrus em Minas Gerais\",\"Novo coronav\u00edrus\",\"N\u00famero de curados do coronav\u00edrus em Minas Gerais\",\"N\u00fameros do coronav\u00edrus em Minas Gerais\",\"\u00d3bitos por coronav\u00edrus em Minas Gerias\",\"Pandemia de coronav\u00edrus\",\"Recuperados do coronav\u00edrus em Minas Gerais\",\"Secretaria de Sa\u00fade atualiza n\u00fameros do coronav\u00edrus em Minas Gerais\",\"Secretaria de Sa\u00fade de Minas Gerais atualiza n\u00fameros do coronav\u00edrus\",\"Seringas agulhadas Minas Gerais\",\"Seringas Minas Gerais\",\"SES-MG atualiza n\u00fameros do coronav\u00edrus\",\"Vacina\u00e7\u00e3o contra a Covid-19 em Minas Gerais\",\"Vacina\u00e7\u00e3o contra o coronav\u00edrus em Minas Gerais\"],\"articleSection\":[\"Minas Gerais\",\"Sa\u00fade\"],\"inLanguage\":\"pt-BR\",\"potentialAction\":[{\"@type\":\"CommentAction\",\"name\":\"Comment\",\"target\":[\"https:\\\/\\\/aconteceunovale.com.br\\\/portal\\\/?p=171886#respond\"]}]},{\"@type\":\"WebPage\",\"@id\":\"https:\\\/\\\/aconteceunovale.com.br\\\/portal\\\/?p=171886\",\"url\":\"https:\\\/\\\/aconteceunovale.com.br\\\/portal\\\/?p=171886\",\"name\":\"Governo de Minas inicia nesta semana a distribui\u00e7\u00e3o de seringas para vacina\u00e7\u00e3o contra Covid-19 - Aconteceu no Vale\",\"isPartOf\":{\"@id\":\"https:\\\/\\\/aconteceunovale.com.br\\\/portal\\\/#website\"},\"primaryImageOfPage\":{\"@id\":\"https:\\\/\\\/aconteceunovale.com.br\\\/portal\\\/?p=171886#primaryimage\"},\"image\":{\"@id\":\"https:\\\/\\\/aconteceunovale.com.br\\\/portal\\\/?p=171886#primaryimage\"},\"thumbnailUrl\":\"https:\\\/\\\/aconteceunovale.com.br\\\/portal\\\/wp-content\\\/uploads\\\/2021\\\/01\\\/marcelo_cabral.jpeg\",\"datePublished\":\"2021-01-06T01:27:24+00:00\",\"dateModified\":\"2021-01-06T01:32:30+00:00\",\"author\":{\"@id\":\"https:\\\/\\\/aconteceunovale.com.br\\\/portal\\\/#\\\/schema\\\/person\\\/7d2f26d1483f8a63de73da1ee0754d35\"},\"breadcrumb\":{\"@id\":\"https:\\\/\\\/aconteceunovale.com.br\\\/portal\\\/?p=171886#breadcrumb\"},\"inLanguage\":\"pt-BR\",\"potentialAction\":[{\"@type\":\"ReadAction\",\"target\":[\"https:\\\/\\\/aconteceunovale.com.br\\\/portal\\\/?p=171886\"]}]},{\"@type\":\"ImageObject\",\"inLanguage\":\"pt-BR\",\"@id\":\"https:\\\/\\\/aconteceunovale.com.br\\\/portal\\\/?p=171886#primaryimage\",\"url\":\"https:\\\/\\\/aconteceunovale.com.br\\\/portal\\\/wp-content\\\/uploads\\\/2021\\\/01\\\/marcelo_cabral.jpeg\",\"contentUrl\":\"https:\\\/\\\/aconteceunovale.com.br\\\/portal\\\/wp-content\\\/uploads\\\/2021\\\/01\\\/marcelo_cabral.jpeg\",\"width\":675,\"height\":450},{\"@type\":\"BreadcrumbList\",\"@id\":\"https:\\\/\\\/aconteceunovale.com.br\\\/portal\\\/?p=171886#breadcrumb\",\"itemListElement\":[{\"@type\":\"ListItem\",\"position\":1,\"name\":\"In\u00edcio\",\"item\":\"https:\\\/\\\/aconteceunovale.com.br\\\/portal\\\/\"},{\"@type\":\"ListItem\",\"position\":2,\"name\":\"Governo de Minas inicia nesta semana a distribui\u00e7\u00e3o de seringas para vacina\u00e7\u00e3o contra Covid-19\"}]},{\"@type\":\"WebSite\",\"@id\":\"https:\\\/\\\/aconteceunovale.com.br\\\/portal\\\/#website\",\"url\":\"https:\\\/\\\/aconteceunovale.com.br\\\/portal\\\/\",\"name\":\"Aconteceu no Vale\",\"description\":\"Portal de Not\u00edcias\",\"potentialAction\":[{\"@type\":\"SearchAction\",\"target\":{\"@type\":\"EntryPoint\",\"urlTemplate\":\"https:\\\/\\\/aconteceunovale.com.br\\\/portal\\\/?s={search_term_string}\"},\"query-input\":{\"@type\":\"PropertyValueSpecification\",\"valueRequired\":true,\"valueName\":\"search_term_string\"}}],\"inLanguage\":\"pt-BR\"},{\"@type\":\"Person\",\"@id\":\"https:\\\/\\\/aconteceunovale.com.br\\\/portal\\\/#\\\/schema\\\/person\\\/7d2f26d1483f8a63de73da1ee0754d35\",\"name\":\"Reda\u00e7\u00e3o Aconteceu no Vale\",\"description\":\"Equipe de reportagem do Aconteceu no Vale, portal de not\u00edcias do Vale do Jequitinhonha, em Minas Gerais. Cobrimos as 51 cidades do Vale desde 2013. Sugest\u00f5es de pauta e pedidos de corre\u00e7\u00e3o: contato@aconteceunovale.com.br\",\"url\":\"https:\\\/\\\/aconteceunovale.com.br\\\/portal\\\/?author=4\"}]}<\/script>\n<!-- \/ Yoast SEO plugin. -->","yoast_head_json":{"title":"Governo de Minas inicia nesta semana a distribui\u00e7\u00e3o de seringas para vacina\u00e7\u00e3o contra Covid-19 - Aconteceu no Vale","robots":{"index":"index","follow":"follow","max-snippet":"max-snippet:-1","max-image-preview":"max-image-preview:large","max-video-preview":"max-video-preview:-1"},"canonical":"https:\/\/aconteceunovale.com.br\/portal\/?p=171886","og_locale":"pt_BR","og_type":"article","og_title":"Governo de Minas inicia nesta semana a distribui\u00e7\u00e3o de seringas para vacina\u00e7\u00e3o contra Covid-19 - Aconteceu no Vale","og_description":"O\u00a0Governo de Minas, por meio da\u00a0Secretaria de Estado de Sa\u00fade (SES-MG), inicia nesta semana a distribui\u00e7\u00e3o de seringas agulhadas para o interior do Estado. A a\u00e7\u00e3o faz parte do Plano Estadual de Vacina\u00e7\u00e3o para a covid-19. O governo mineiro se antecipou e deu in\u00edcio ao Plano de Contingenciamento ainda em setembro. O Estado adquiriu 50 [&hellip;]","og_url":"https:\/\/aconteceunovale.com.br\/portal\/?p=171886","og_site_name":"Aconteceu no Vale","article_publisher":"https:\/\/www.facebook.com\/aconteceunovale\/","article_published_time":"2021-01-06T01:27:24+00:00","article_modified_time":"2021-01-06T01:32:30+00:00","og_image":[{"width":675,"height":450,"url":"https:\/\/aconteceunovale.com.br\/portal\/wp-content\/uploads\/2021\/01\/marcelo_cabral.jpeg","type":"image\/jpeg"}],"author":"Reda\u00e7\u00e3o Aconteceu no Vale","twitter_card":"summary_large_image","twitter_creator":"@noticiadosvales","twitter_site":"@noticiadosvales","twitter_misc":{"Escrito por":"Reda\u00e7\u00e3o Aconteceu no Vale","Est. tempo de leitura":"2 minutos"},"schema":{"@context":"https:\/\/schema.org","@graph":[{"@type":"Article","@id":"https:\/\/aconteceunovale.com.br\/portal\/?p=171886#article","isPartOf":{"@id":"https:\/\/aconteceunovale.com.br\/portal\/?p=171886"},"author":{"name":"Reda\u00e7\u00e3o Aconteceu no Vale","@id":"https:\/\/aconteceunovale.com.br\/portal\/#\/schema\/person\/7d2f26d1483f8a63de73da1ee0754d35"},"headline":"Governo de Minas inicia nesta semana a distribui\u00e7\u00e3o de seringas para vacina\u00e7\u00e3o contra Covid-19","datePublished":"2021-01-06T01:27:24+00:00","dateModified":"2021-01-06T01:32:30+00:00","mainEntityOfPage":{"@id":"https:\/\/aconteceunovale.com.br\/portal\/?p=171886"},"wordCount":477,"commentCount":0,"image":{"@id":"https:\/\/aconteceunovale.com.br\/portal\/?p=171886#primaryimage"},"thumbnailUrl":"https:\/\/aconteceunovale.com.br\/portal\/wp-content\/uploads\/2021\/01\/marcelo_cabral.jpeg","keywords":["Casos de coronav\u00edrus em Minas Gerais","Casos de covid-19 em Minas Gerais","Cidades com casos de coronav\u00edrus em Minas Gerais","Coronav\u00edrus","COVID-19","Curados do coronav\u00edrus em Minas Gerais","Governo de Minas inicia nesta semana a distribui\u00e7\u00e3o de seringas para vacina\u00e7\u00e3o contra a Covid-19","Imuniza\u00e7\u00e3o contra a covid-19 em Minas Gerais","Imuniza\u00e7\u00e3o contra o coronav\u00edrus em Minas Gerais","Mortes por coronav\u00edrus em Minas Gerais","Novo coronav\u00edrus","N\u00famero de curados do coronav\u00edrus em Minas Gerais","N\u00fameros do coronav\u00edrus em Minas Gerais","\u00d3bitos por coronav\u00edrus em Minas Gerias","Pandemia de coronav\u00edrus","Recuperados do coronav\u00edrus em Minas Gerais","Secretaria de Sa\u00fade atualiza n\u00fameros do coronav\u00edrus em Minas Gerais","Secretaria de Sa\u00fade de Minas Gerais atualiza n\u00fameros do coronav\u00edrus","Seringas agulhadas Minas Gerais","Seringas Minas Gerais","SES-MG atualiza n\u00fameros do coronav\u00edrus","Vacina\u00e7\u00e3o contra a Covid-19 em Minas Gerais","Vacina\u00e7\u00e3o contra o coronav\u00edrus em Minas Gerais"],"articleSection":["Minas Gerais","Sa\u00fade"],"inLanguage":"pt-BR","potentialAction":[{"@type":"CommentAction","name":"Comment","target":["https:\/\/aconteceunovale.com.br\/portal\/?p=171886#respond"]}]},{"@type":"WebPage","@id":"https:\/\/aconteceunovale.com.br\/portal\/?p=171886","url":"https:\/\/aconteceunovale.com.br\/portal\/?p=171886","name":"Governo de Minas inicia nesta semana a distribui\u00e7\u00e3o de seringas para vacina\u00e7\u00e3o contra Covid-19 - Aconteceu no Vale","isPartOf":{"@id":"https:\/\/aconteceunovale.com.br\/portal\/#website"},"primaryImageOfPage":{"@id":"https:\/\/aconteceunovale.com.br\/portal\/?p=171886#primaryimage"},"image":{"@id":"https:\/\/aconteceunovale.com.br\/portal\/?p=171886#primaryimage"},"thumbnailUrl":"https:\/\/aconteceunovale.com.br\/portal\/wp-content\/uploads\/2021\/01\/marcelo_cabral.jpeg","datePublished":"2021-01-06T01:27:24+00:00","dateModified":"2021-01-06T01:32:30+00:00","author":{"@id":"https:\/\/aconteceunovale.com.br\/portal\/#\/schema\/person\/7d2f26d1483f8a63de73da1ee0754d35"},"breadcrumb":{"@id":"https:\/\/aconteceunovale.com.br\/portal\/?p=171886#breadcrumb"},"inLanguage":"pt-BR","potentialAction":[{"@type":"ReadAction","target":["https:\/\/aconteceunovale.com.br\/portal\/?p=171886"]}]},{"@type":"ImageObject","inLanguage":"pt-BR","@id":"https:\/\/aconteceunovale.com.br\/portal\/?p=171886#primaryimage","url":"https:\/\/aconteceunovale.com.br\/portal\/wp-content\/uploads\/2021\/01\/marcelo_cabral.jpeg","contentUrl":"https:\/\/aconteceunovale.com.br\/portal\/wp-content\/uploads\/2021\/01\/marcelo_cabral.jpeg","width":675,"height":450},{"@type":"BreadcrumbList","@id":"https:\/\/aconteceunovale.com.br\/portal\/?p=171886#breadcrumb","itemListElement":[{"@type":"ListItem","position":1,"name":"In\u00edcio","item":"https:\/\/aconteceunovale.com.br\/portal\/"},{"@type":"ListItem","position":2,"name":"Governo de Minas inicia nesta semana a distribui\u00e7\u00e3o de seringas para vacina\u00e7\u00e3o contra Covid-19"}]},{"@type":"WebSite","@id":"https:\/\/aconteceunovale.com.br\/portal\/#website","url":"https:\/\/aconteceunovale.com.br\/portal\/","name":"Aconteceu no Vale","description":"Portal de Not\u00edcias","potentialAction":[{"@type":"SearchAction","target":{"@type":"EntryPoint","urlTemplate":"https:\/\/aconteceunovale.com.br\/portal\/?s={search_term_string}"},"query-input":{"@type":"PropertyValueSpecification","valueRequired":true,"valueName":"search_term_string"}}],"inLanguage":"pt-BR"},{"@type":"Person","@id":"https:\/\/aconteceunovale.com.br\/portal\/#\/schema\/person\/7d2f26d1483f8a63de73da1ee0754d35","name":"Reda\u00e7\u00e3o Aconteceu no Vale","description":"Equipe de reportagem do Aconteceu no Vale, portal de not\u00edcias do Vale do Jequitinhonha, em Minas Gerais. Cobrimos as 51 cidades do Vale desde 2013. Sugest\u00f5es de pauta e pedidos de corre\u00e7\u00e3o: contato@aconteceunovale.com.br","url":"https:\/\/aconteceunovale.com.br\/portal\/?author=4"}]}},"_links":{"self":[{"href":"https:\/\/aconteceunovale.com.br\/portal\/index.php?rest_route=\/wp\/v2\/posts\/171886","targetHints":{"allow":["GET"]}}],"collection":[{"href":"https:\/\/aconteceunovale.com.br\/portal\/index.php?rest_route=\/wp\/v2\/posts"}],"about":[{"href":"https:\/\/aconteceunovale.com.br\/portal\/index.php?rest_route=\/wp\/v2\/types\/post"}],"author":[{"embeddable":true,"href":"https:\/\/aconteceunovale.com.br\/portal\/index.php?rest_route=\/wp\/v2\/users\/4"}],"replies":[{"embeddable":true,"href":"https:\/\/aconteceunovale.com.br\/portal\/index.php?rest_route=%2Fwp%2Fv2%2Fcomments&post=171886"}],"version-history":[{"count":3,"href":"https:\/\/aconteceunovale.com.br\/portal\/index.php?rest_route=\/wp\/v2\/posts\/171886\/revisions"}],"predecessor-version":[{"id":171891,"href":"https:\/\/aconteceunovale.com.br\/portal\/index.php?rest_route=\/wp\/v2\/posts\/171886\/revisions\/171891"}],"wp:featuredmedia":[{"embeddable":true,"href":"https:\/\/aconteceunovale.com.br\/portal\/index.php?rest_route=\/wp\/v2\/media\/171887"}],"wp:attachment":[{"href":"https:\/\/aconteceunovale.com.br\/portal\/index.php?rest_route=%2Fwp%2Fv2%2Fmedia&parent=171886"}],"wp:term":[{"taxonomy":"category","embeddable":true,"href":"https:\/\/aconteceunovale.com.br\/portal\/index.php?rest_route=%2Fwp%2Fv2%2Fcategories&post=171886"},{"taxonomy":"post_tag","embeddable":true,"href":"https:\/\/aconteceunovale.com.br\/portal\/index.php?rest_route=%2Fwp%2Fv2%2Ftags&post=171886"}],"curies":[{"name":"wp","href":"https:\/\/api.w.org\/{rel}","templated":true}]}}