{"id":171876,"date":"2021-01-05T20:47:47","date_gmt":"2021-01-05T23:47:47","guid":{"rendered":"https:\/\/aconteceunovale.com.br\/portal\/?p=171876"},"modified":"2026-08-31T23:11:33","modified_gmt":"2026-09-01T02:11:33","slug":"moradora-de-capelinha-completa-105-anos","status":"publish","type":"post","link":"https:\/\/aconteceunovale.com.br\/portal\/?p=171876","title":{"rendered":"Moradora de Capelinha completa 105 anos"},"content":{"rendered":"\n<p class=\"wp-block-paragraph\">Tr\u00eas anos ap\u00f3s a funda\u00e7\u00e3o de Capelinha (MG), nasceu em Pot\u00e9, no Vale do Mucuri, a menina Dion\u00edsia Lemos Silva. Aos 12 anos, ela se mudou para a \u201cCidade do Caf\u00e9\u201d, deixou familiares em sua cidade natal e foi morar na resid\u00eancia de Doutor Alo\u00edsio Teixeira, pai do m\u00e9dico Dr. Hilton, de onde saiu casada com Vicente Fernandes da Silva.<\/p>\n\n\n\n<p class=\"wp-block-paragraph\">Desde ent\u00e3o, Dona Dion\u00edsia acompanha e participa do cotidiano capelinhense. Ela nasceu em 1916 e nessa segunda-feira (4\/1\/2021), completou 105 anos de vida. J\u00e1 Capelinha, a cidade que ela viu crescer, far\u00e1 108 anos de emancipa\u00e7\u00e3o pol\u00edtica-administrativa no dia 24 de fevereiro.<\/p>\n\n\n\n<p class=\"wp-block-paragraph\">Dona Dion\u00edsia conta que comer frutas \u00e9 um dos segredos para a boa sa\u00fade. Ela \u00e9 a matriarca de um cl\u00e3 formado por 7 filhos, 31 netos, 29 bisnetos e 3 tataranetos. Cida, a filha do cora\u00e7\u00e3o, criada por ela desde os tr\u00eas anos, \u00e9 seu bra\u00e7o direito, seus olhos, sua guia. \u201cEla faz tudo por mim, parece que adivinha as coisas\u201d, elogia.<\/p>\n\n\n\n<p class=\"wp-block-paragraph\">Na adolesc\u00eancia, conviveu com Non\u00f4 Pimenta, antigo fazendeiro de Capelinha, e lembra que ele \u201csempre tinha problema com os \u00edndios\u201d, referindo-se \u00e0s investidas ind\u00edgenas contra os primeiros moradores da cidade. Puxa na mem\u00f3ria o nome Aran\u00e3s e lembra que viveu tamb\u00e9m no C\u00f3rrego Manuel Luiz P\u00eago, terra onde morava o fundador de Capelinha, nascedouro do C\u00f3rrego Are\u00e3o.<\/p>\n\n\n\n<p class=\"wp-block-paragraph\">De vida sofrida, trabalhadora do lar, esposa, m\u00e3e, av\u00f3, bisav\u00f3. Quanta viv\u00eancia Dona Dion\u00edsia carrega em seu corpo franzino, mas que n\u00e3o esconde a mulher guerreira, honesta, honrada, vivida.<\/p>\n\n\n\n<p class=\"wp-block-paragraph\">Ela morou por muitos anos em Resplendor, e hoje vive na \u00e1rea urbana de Capelinha.<\/p>\n\n\n\n<p class=\"wp-block-paragraph\">Dona Dion\u00edsia n\u00e3o se recorda de outro parente que tenha vivido 105 anos, e quando perguntada se mant\u00e9m um antigo costume de \u201ctomar uma pinguinha para abrir o apetite\u201d, ela n\u00e3o nega: \u201cDurante muitos anos eu tomei, era escondido do meu marido\u201d, e sorri. Depois completa: \u201cMas agora n\u00e3o bebo mais, s\u00f3 mesmo caf\u00e9\u201d.<\/p>\n\n\n\n<figure class=\"wp-block-gallery columns-1 is-cropped wp-block-gallery-1 is-layout-flex wp-block-gallery-is-layout-flex\"><ul class=\"blocks-gallery-grid\"><li class=\"blocks-gallery-item\"><figure><img loading=\"lazy\" decoding=\"async\" width=\"678\" height=\"448\" src=\"https:\/\/aconteceunovale.com.br\/portal\/wp-content\/uploads\/2021\/01\/dona_dionisia2.jpg\" alt=\"\" data-id=\"171879\" data-full-url=\"https:\/\/aconteceunovale.com.br\/portal\/wp-content\/uploads\/2021\/01\/dona_dionisia2.jpg\" data-link=\"https:\/\/aconteceunovale.com.br\/portal\/?attachment_id=171879\" class=\"wp-image-171879\" srcset=\"https:\/\/aconteceunovale.com.br\/portal\/wp-content\/uploads\/2021\/01\/dona_dionisia2.jpg 678w, https:\/\/aconteceunovale.com.br\/portal\/wp-content\/uploads\/2021\/01\/dona_dionisia2-300x198.jpg 300w, https:\/\/aconteceunovale.com.br\/portal\/wp-content\/uploads\/2021\/01\/dona_dionisia2-636x420.jpg 636w\" sizes=\"auto, (max-width: 678px) 100vw, 678px\" \/><figcaption class=\"blocks-gallery-item__caption\"><em>Dion\u00edsia Lemos Silva &#8211; Foto: Divulga\u00e7\u00e3o<\/em><\/figcaption><\/figure><\/li><\/ul><\/figure>\n\n\n\n<p class=\"has-white-color has-vivid-cyan-blue-background-color has-text-color has-background wp-block-paragraph\">Quer saber as not\u00edcias do <strong>Aconteceu no Vale<\/strong> em primeira m\u00e3o? Siga-nos no Facebook <a rel=\"noreferrer noopener\" href=\"http:\/\/facebook.com\/aconteceunovale\" target=\"_blank\">@aconteceunovale<\/a>, Twitter <a rel=\"noreferrer noopener\" href=\"https:\/\/twitter.com\/noticiadosvales\" target=\"_blank\">@noticiadosvales<\/a> e Instagram <a rel=\"noreferrer noopener\" href=\"https:\/\/www.instagram.com\/aconteceunovale\" target=\"_blank\">@aconteceunovale<\/a>.<\/p>\n","protected":false},"excerpt":{"rendered":"<p>Tr\u00eas anos ap\u00f3s a funda\u00e7\u00e3o de Capelinha (MG), nasceu em Pot\u00e9, no Vale do Mucuri, a menina Dion\u00edsia Lemos Silva. Aos 12 anos, ela se mudou para a \u201cCidade do Caf\u00e9\u201d, deixou familiares em sua cidade natal e foi morar na resid\u00eancia de Doutor Alo\u00edsio Teixeira, pai do m\u00e9dico Dr. Hilton, de onde saiu casada [&hellip;]<\/p>\n","protected":false},"author":4,"featured_media":171879,"comment_status":"open","ping_status":"closed","sticky":false,"template":"","format":"standard","meta":{"amp_status":"","footnotes":""},"categories":[272535,120],"tags":[132,134415,134418,134419,1018,134422,134417,134416,134423,134424,134414,234158,234159,234160,3139,134425],"class_list":["post-171876","post","type-post","status-publish","format-standard","has-post-thumbnail","hentry","category-capelinha","category-jequi","tag-capelinha","tag-centenaria-de-capelinha","tag-centenaria-em-capelinha","tag-conheca-dona-dionisia","tag-destaque","tag-dionisia-lemos-silva","tag-dona-dionisia","tag-dona-dionisia-de-capelinha","tag-doutor-aloisio-pimenta","tag-hilton-pimenta","tag-historia-de-capelinha","tag-moradora-de-capelinha-completa-105-anos","tag-moradora-do-municipio-de-capelinha-completa-105-anos-nesta-quarta-feira","tag-moradora-do-municipio-de-capelinha-que-completa-105-anos-nesta-quarta-feira","tag-pote","tag-vicente-fernandes-da-silva"],"yoast_head":"<!-- This site is optimized with the Yoast SEO plugin v28.3 - https:\/\/yoast.com\/product\/yoast-seo-wordpress\/ -->\n<title>Moradora de Capelinha completa 105 anos - Aconteceu no Vale<\/title>\n<meta name=\"robots\" content=\"index, follow, max-snippet:-1, max-image-preview:large, max-video-preview:-1\" \/>\n<link rel=\"canonical\" href=\"https:\/\/aconteceunovale.com.br\/portal\/?p=171876\" \/>\n<meta property=\"og:locale\" content=\"pt_BR\" \/>\n<meta property=\"og:type\" content=\"article\" \/>\n<meta property=\"og:title\" content=\"Moradora de Capelinha completa 105 anos - Aconteceu no Vale\" \/>\n<meta property=\"og:description\" content=\"Tr\u00eas anos ap\u00f3s a funda\u00e7\u00e3o de Capelinha (MG), nasceu em Pot\u00e9, no Vale do Mucuri, a menina Dion\u00edsia Lemos Silva. Aos 12 anos, ela se mudou para a \u201cCidade do Caf\u00e9\u201d, deixou familiares em sua cidade natal e foi morar na resid\u00eancia de Doutor Alo\u00edsio Teixeira, pai do m\u00e9dico Dr. Hilton, de onde saiu casada [&hellip;]\" \/>\n<meta property=\"og:url\" content=\"https:\/\/aconteceunovale.com.br\/portal\/?p=171876\" \/>\n<meta property=\"og:site_name\" content=\"Aconteceu no Vale\" \/>\n<meta property=\"article:publisher\" content=\"https:\/\/www.facebook.com\/aconteceunovale\/\" \/>\n<meta property=\"article:published_time\" content=\"2021-01-05T23:47:47+00:00\" \/>\n<meta property=\"article:modified_time\" content=\"2026-09-01T02:11:33+00:00\" \/>\n<meta property=\"og:image\" content=\"https:\/\/aconteceunovale.com.br\/portal\/wp-content\/uploads\/2021\/01\/dona_dionisia2.jpg\" \/>\n\t<meta property=\"og:image:width\" content=\"678\" \/>\n\t<meta property=\"og:image:height\" content=\"448\" \/>\n\t<meta property=\"og:image:type\" content=\"image\/jpeg\" \/>\n<meta name=\"author\" content=\"Reda\u00e7\u00e3o Aconteceu no Vale\" \/>\n<meta name=\"twitter:card\" content=\"summary_large_image\" \/>\n<meta name=\"twitter:creator\" content=\"@noticiadosvales\" \/>\n<meta name=\"twitter:site\" content=\"@noticiadosvales\" \/>\n<meta name=\"twitter:label1\" content=\"Escrito por\" \/>\n\t<meta name=\"twitter:data1\" content=\"Reda\u00e7\u00e3o Aconteceu no Vale\" \/>\n\t<meta name=\"twitter:label2\" content=\"Est. tempo de leitura\" \/>\n\t<meta name=\"twitter:data2\" content=\"2 minutos\" \/>\n<script type=\"application\/ld+json\" class=\"yoast-schema-graph\">{\"@context\":\"https:\\\/\\\/schema.org\",\"@graph\":[{\"@type\":\"Article\",\"@id\":\"https:\\\/\\\/aconteceunovale.com.br\\\/portal\\\/?p=171876#article\",\"isPartOf\":{\"@id\":\"https:\\\/\\\/aconteceunovale.com.br\\\/portal\\\/?p=171876\"},\"author\":{\"name\":\"Reda\u00e7\u00e3o Aconteceu no Vale\",\"@id\":\"https:\\\/\\\/aconteceunovale.com.br\\\/portal\\\/#\\\/schema\\\/person\\\/7d2f26d1483f8a63de73da1ee0754d35\"},\"headline\":\"Moradora de Capelinha completa 105 anos\",\"datePublished\":\"2021-01-05T23:47:47+00:00\",\"dateModified\":\"2026-09-01T02:11:33+00:00\",\"mainEntityOfPage\":{\"@id\":\"https:\\\/\\\/aconteceunovale.com.br\\\/portal\\\/?p=171876\"},\"wordCount\":375,\"commentCount\":0,\"image\":{\"@id\":\"https:\\\/\\\/aconteceunovale.com.br\\\/portal\\\/?p=171876#primaryimage\"},\"thumbnailUrl\":\"https:\\\/\\\/aconteceunovale.com.br\\\/portal\\\/wp-content\\\/uploads\\\/2021\\\/01\\\/dona_dionisia2.jpg\",\"keywords\":[\"Capelinha\",\"Centen\u00e1ria de Capelinha\",\"Centen\u00e1ria em Capelinha\",\"Conhe\u00e7a Dona Dion\u00edsia\",\"destaque\",\"Dion\u00edsia Lemos Silva\",\"Dona Dion\u00edsia\",\"Dona Dion\u00edsia de Capelinha\",\"Doutor Alo\u00edsio Pimenta\",\"Hilton Pimenta\",\"Hist\u00f3ria de Capelinha\",\"Moradora de Capelinha completa 105 anos\",\"Moradora do munic\u00edpio de Capelinha completa 105 anos nesta quarta-feira\",\"moradora do munic\u00edpio de Capelinha que completa 105 anos nesta quarta-feira\",\"Pot\u00e9\",\"Vicente Fernandes da Silva\"],\"articleSection\":[\"Capelinha\",\"Vale do Jequitinhonha\"],\"inLanguage\":\"pt-BR\",\"potentialAction\":[{\"@type\":\"CommentAction\",\"name\":\"Comment\",\"target\":[\"https:\\\/\\\/aconteceunovale.com.br\\\/portal\\\/?p=171876#respond\"]}]},{\"@type\":\"WebPage\",\"@id\":\"https:\\\/\\\/aconteceunovale.com.br\\\/portal\\\/?p=171876\",\"url\":\"https:\\\/\\\/aconteceunovale.com.br\\\/portal\\\/?p=171876\",\"name\":\"Moradora de Capelinha completa 105 anos - Aconteceu no Vale\",\"isPartOf\":{\"@id\":\"https:\\\/\\\/aconteceunovale.com.br\\\/portal\\\/#website\"},\"primaryImageOfPage\":{\"@id\":\"https:\\\/\\\/aconteceunovale.com.br\\\/portal\\\/?p=171876#primaryimage\"},\"image\":{\"@id\":\"https:\\\/\\\/aconteceunovale.com.br\\\/portal\\\/?p=171876#primaryimage\"},\"thumbnailUrl\":\"https:\\\/\\\/aconteceunovale.com.br\\\/portal\\\/wp-content\\\/uploads\\\/2021\\\/01\\\/dona_dionisia2.jpg\",\"datePublished\":\"2021-01-05T23:47:47+00:00\",\"dateModified\":\"2026-09-01T02:11:33+00:00\",\"author\":{\"@id\":\"https:\\\/\\\/aconteceunovale.com.br\\\/portal\\\/#\\\/schema\\\/person\\\/7d2f26d1483f8a63de73da1ee0754d35\"},\"breadcrumb\":{\"@id\":\"https:\\\/\\\/aconteceunovale.com.br\\\/portal\\\/?p=171876#breadcrumb\"},\"inLanguage\":\"pt-BR\",\"potentialAction\":[{\"@type\":\"ReadAction\",\"target\":[\"https:\\\/\\\/aconteceunovale.com.br\\\/portal\\\/?p=171876\"]}]},{\"@type\":\"ImageObject\",\"inLanguage\":\"pt-BR\",\"@id\":\"https:\\\/\\\/aconteceunovale.com.br\\\/portal\\\/?p=171876#primaryimage\",\"url\":\"https:\\\/\\\/aconteceunovale.com.br\\\/portal\\\/wp-content\\\/uploads\\\/2021\\\/01\\\/dona_dionisia2.jpg\",\"contentUrl\":\"https:\\\/\\\/aconteceunovale.com.br\\\/portal\\\/wp-content\\\/uploads\\\/2021\\\/01\\\/dona_dionisia2.jpg\",\"width\":678,\"height\":448},{\"@type\":\"BreadcrumbList\",\"@id\":\"https:\\\/\\\/aconteceunovale.com.br\\\/portal\\\/?p=171876#breadcrumb\",\"itemListElement\":[{\"@type\":\"ListItem\",\"position\":1,\"name\":\"In\u00edcio\",\"item\":\"https:\\\/\\\/aconteceunovale.com.br\\\/portal\\\/\"},{\"@type\":\"ListItem\",\"position\":2,\"name\":\"Moradora de Capelinha completa 105 anos\"}]},{\"@type\":\"WebSite\",\"@id\":\"https:\\\/\\\/aconteceunovale.com.br\\\/portal\\\/#website\",\"url\":\"https:\\\/\\\/aconteceunovale.com.br\\\/portal\\\/\",\"name\":\"Aconteceu no Vale\",\"description\":\"Portal de Not\u00edcias\",\"potentialAction\":[{\"@type\":\"SearchAction\",\"target\":{\"@type\":\"EntryPoint\",\"urlTemplate\":\"https:\\\/\\\/aconteceunovale.com.br\\\/portal\\\/?s={search_term_string}\"},\"query-input\":{\"@type\":\"PropertyValueSpecification\",\"valueRequired\":true,\"valueName\":\"search_term_string\"}}],\"inLanguage\":\"pt-BR\"},{\"@type\":\"Person\",\"@id\":\"https:\\\/\\\/aconteceunovale.com.br\\\/portal\\\/#\\\/schema\\\/person\\\/7d2f26d1483f8a63de73da1ee0754d35\",\"name\":\"Reda\u00e7\u00e3o Aconteceu no Vale\",\"description\":\"Equipe de reportagem do Aconteceu no Vale, portal de not\u00edcias do Vale do Jequitinhonha, em Minas Gerais. Cobrimos as 51 cidades do Vale desde 2013. Sugest\u00f5es de pauta e pedidos de corre\u00e7\u00e3o: contato@aconteceunovale.com.br\",\"url\":\"https:\\\/\\\/aconteceunovale.com.br\\\/portal\\\/?author=4\"}]}<\/script>\n<!-- \/ Yoast SEO plugin. -->","yoast_head_json":{"title":"Moradora de Capelinha completa 105 anos - Aconteceu no Vale","robots":{"index":"index","follow":"follow","max-snippet":"max-snippet:-1","max-image-preview":"max-image-preview:large","max-video-preview":"max-video-preview:-1"},"canonical":"https:\/\/aconteceunovale.com.br\/portal\/?p=171876","og_locale":"pt_BR","og_type":"article","og_title":"Moradora de Capelinha completa 105 anos - Aconteceu no Vale","og_description":"Tr\u00eas anos ap\u00f3s a funda\u00e7\u00e3o de Capelinha (MG), nasceu em Pot\u00e9, no Vale do Mucuri, a menina Dion\u00edsia Lemos Silva. Aos 12 anos, ela se mudou para a \u201cCidade do Caf\u00e9\u201d, deixou familiares em sua cidade natal e foi morar na resid\u00eancia de Doutor Alo\u00edsio Teixeira, pai do m\u00e9dico Dr. Hilton, de onde saiu casada [&hellip;]","og_url":"https:\/\/aconteceunovale.com.br\/portal\/?p=171876","og_site_name":"Aconteceu no Vale","article_publisher":"https:\/\/www.facebook.com\/aconteceunovale\/","article_published_time":"2021-01-05T23:47:47+00:00","article_modified_time":"2026-09-01T02:11:33+00:00","og_image":[{"width":678,"height":448,"url":"https:\/\/aconteceunovale.com.br\/portal\/wp-content\/uploads\/2021\/01\/dona_dionisia2.jpg","type":"image\/jpeg"}],"author":"Reda\u00e7\u00e3o Aconteceu no Vale","twitter_card":"summary_large_image","twitter_creator":"@noticiadosvales","twitter_site":"@noticiadosvales","twitter_misc":{"Escrito por":"Reda\u00e7\u00e3o Aconteceu no Vale","Est. tempo de leitura":"2 minutos"},"schema":{"@context":"https:\/\/schema.org","@graph":[{"@type":"Article","@id":"https:\/\/aconteceunovale.com.br\/portal\/?p=171876#article","isPartOf":{"@id":"https:\/\/aconteceunovale.com.br\/portal\/?p=171876"},"author":{"name":"Reda\u00e7\u00e3o Aconteceu no Vale","@id":"https:\/\/aconteceunovale.com.br\/portal\/#\/schema\/person\/7d2f26d1483f8a63de73da1ee0754d35"},"headline":"Moradora de Capelinha completa 105 anos","datePublished":"2021-01-05T23:47:47+00:00","dateModified":"2026-09-01T02:11:33+00:00","mainEntityOfPage":{"@id":"https:\/\/aconteceunovale.com.br\/portal\/?p=171876"},"wordCount":375,"commentCount":0,"image":{"@id":"https:\/\/aconteceunovale.com.br\/portal\/?p=171876#primaryimage"},"thumbnailUrl":"https:\/\/aconteceunovale.com.br\/portal\/wp-content\/uploads\/2021\/01\/dona_dionisia2.jpg","keywords":["Capelinha","Centen\u00e1ria de Capelinha","Centen\u00e1ria em Capelinha","Conhe\u00e7a Dona Dion\u00edsia","destaque","Dion\u00edsia Lemos Silva","Dona Dion\u00edsia","Dona Dion\u00edsia de Capelinha","Doutor Alo\u00edsio Pimenta","Hilton Pimenta","Hist\u00f3ria de Capelinha","Moradora de Capelinha completa 105 anos","Moradora do munic\u00edpio de Capelinha completa 105 anos nesta quarta-feira","moradora do munic\u00edpio de Capelinha que completa 105 anos nesta quarta-feira","Pot\u00e9","Vicente Fernandes da Silva"],"articleSection":["Capelinha","Vale do Jequitinhonha"],"inLanguage":"pt-BR","potentialAction":[{"@type":"CommentAction","name":"Comment","target":["https:\/\/aconteceunovale.com.br\/portal\/?p=171876#respond"]}]},{"@type":"WebPage","@id":"https:\/\/aconteceunovale.com.br\/portal\/?p=171876","url":"https:\/\/aconteceunovale.com.br\/portal\/?p=171876","name":"Moradora de Capelinha completa 105 anos - Aconteceu no Vale","isPartOf":{"@id":"https:\/\/aconteceunovale.com.br\/portal\/#website"},"primaryImageOfPage":{"@id":"https:\/\/aconteceunovale.com.br\/portal\/?p=171876#primaryimage"},"image":{"@id":"https:\/\/aconteceunovale.com.br\/portal\/?p=171876#primaryimage"},"thumbnailUrl":"https:\/\/aconteceunovale.com.br\/portal\/wp-content\/uploads\/2021\/01\/dona_dionisia2.jpg","datePublished":"2021-01-05T23:47:47+00:00","dateModified":"2026-09-01T02:11:33+00:00","author":{"@id":"https:\/\/aconteceunovale.com.br\/portal\/#\/schema\/person\/7d2f26d1483f8a63de73da1ee0754d35"},"breadcrumb":{"@id":"https:\/\/aconteceunovale.com.br\/portal\/?p=171876#breadcrumb"},"inLanguage":"pt-BR","potentialAction":[{"@type":"ReadAction","target":["https:\/\/aconteceunovale.com.br\/portal\/?p=171876"]}]},{"@type":"ImageObject","inLanguage":"pt-BR","@id":"https:\/\/aconteceunovale.com.br\/portal\/?p=171876#primaryimage","url":"https:\/\/aconteceunovale.com.br\/portal\/wp-content\/uploads\/2021\/01\/dona_dionisia2.jpg","contentUrl":"https:\/\/aconteceunovale.com.br\/portal\/wp-content\/uploads\/2021\/01\/dona_dionisia2.jpg","width":678,"height":448},{"@type":"BreadcrumbList","@id":"https:\/\/aconteceunovale.com.br\/portal\/?p=171876#breadcrumb","itemListElement":[{"@type":"ListItem","position":1,"name":"In\u00edcio","item":"https:\/\/aconteceunovale.com.br\/portal\/"},{"@type":"ListItem","position":2,"name":"Moradora de Capelinha completa 105 anos"}]},{"@type":"WebSite","@id":"https:\/\/aconteceunovale.com.br\/portal\/#website","url":"https:\/\/aconteceunovale.com.br\/portal\/","name":"Aconteceu no Vale","description":"Portal de Not\u00edcias","potentialAction":[{"@type":"SearchAction","target":{"@type":"EntryPoint","urlTemplate":"https:\/\/aconteceunovale.com.br\/portal\/?s={search_term_string}"},"query-input":{"@type":"PropertyValueSpecification","valueRequired":true,"valueName":"search_term_string"}}],"inLanguage":"pt-BR"},{"@type":"Person","@id":"https:\/\/aconteceunovale.com.br\/portal\/#\/schema\/person\/7d2f26d1483f8a63de73da1ee0754d35","name":"Reda\u00e7\u00e3o Aconteceu no Vale","description":"Equipe de reportagem do Aconteceu no Vale, portal de not\u00edcias do Vale do Jequitinhonha, em Minas Gerais. Cobrimos as 51 cidades do Vale desde 2013. Sugest\u00f5es de pauta e pedidos de corre\u00e7\u00e3o: contato@aconteceunovale.com.br","url":"https:\/\/aconteceunovale.com.br\/portal\/?author=4"}]}},"_links":{"self":[{"href":"https:\/\/aconteceunovale.com.br\/portal\/index.php?rest_route=\/wp\/v2\/posts\/171876","targetHints":{"allow":["GET"]}}],"collection":[{"href":"https:\/\/aconteceunovale.com.br\/portal\/index.php?rest_route=\/wp\/v2\/posts"}],"about":[{"href":"https:\/\/aconteceunovale.com.br\/portal\/index.php?rest_route=\/wp\/v2\/types\/post"}],"author":[{"embeddable":true,"href":"https:\/\/aconteceunovale.com.br\/portal\/index.php?rest_route=\/wp\/v2\/users\/4"}],"replies":[{"embeddable":true,"href":"https:\/\/aconteceunovale.com.br\/portal\/index.php?rest_route=%2Fwp%2Fv2%2Fcomments&post=171876"}],"version-history":[{"count":2,"href":"https:\/\/aconteceunovale.com.br\/portal\/index.php?rest_route=\/wp\/v2\/posts\/171876\/revisions"}],"predecessor-version":[{"id":171880,"href":"https:\/\/aconteceunovale.com.br\/portal\/index.php?rest_route=\/wp\/v2\/posts\/171876\/revisions\/171880"}],"wp:featuredmedia":[{"embeddable":true,"href":"https:\/\/aconteceunovale.com.br\/portal\/index.php?rest_route=\/wp\/v2\/media\/171879"}],"wp:attachment":[{"href":"https:\/\/aconteceunovale.com.br\/portal\/index.php?rest_route=%2Fwp%2Fv2%2Fmedia&parent=171876"}],"wp:term":[{"taxonomy":"category","embeddable":true,"href":"https:\/\/aconteceunovale.com.br\/portal\/index.php?rest_route=%2Fwp%2Fv2%2Fcategories&post=171876"},{"taxonomy":"post_tag","embeddable":true,"href":"https:\/\/aconteceunovale.com.br\/portal\/index.php?rest_route=%2Fwp%2Fv2%2Ftags&post=171876"}],"curies":[{"name":"wp","href":"https:\/\/api.w.org\/{rel}","templated":true}]}}