{"id":171871,"date":"2021-01-05T20:30:43","date_gmt":"2021-01-05T23:30:43","guid":{"rendered":"https:\/\/aconteceunovale.com.br\/portal\/?p=171871"},"modified":"2026-08-31T23:11:33","modified_gmt":"2026-09-01T02:11:33","slug":"prefeito-de-capelinha-e-eleito-presidente-do-cisnorje","status":"publish","type":"post","link":"https:\/\/aconteceunovale.com.br\/portal\/?p=171871","title":{"rendered":"Prefeito de Capelinha \u00e9 eleito presidente do Cisnorje"},"content":{"rendered":"\n<p class=\"wp-block-paragraph\">O prefeito de Capelinha (MG), Tadeu Filipe Fernandes de Abreu, o Tadeuzinho, foi eleito nesta ter\u00e7a-feira (5\/1\/2021) presidente do Cons\u00f3rcio Intermunicipal de Sa\u00fade da Rede de Urg\u00eancia Macro Nordeste\/Jequitinhonha (CISNORJE). O \u00f3rg\u00e3o gerencia o Servi\u00e7o de Atendimento M\u00f3vel de Urg\u00eancia (SAMU) em 86 munic\u00edpios da regi\u00e3o.<\/p>\n\n\n\n<p class=\"wp-block-paragraph\">Os prefeitos presentes \u00e0 Assembleia do CISNORJE, em Te\u00f3filo Otoni (MG), elegeram Tadeuzinho por unanimidade, demonstrando assim o reconhecimento pelas a\u00e7\u00f5es realizadas, na \u00e1rea da Sa\u00fade, em sua gest\u00e3o no munic\u00edpio de Capelinha.<\/p>\n\n\n\n<p class=\"wp-block-paragraph\"><em>&#8220;Me sinto honrado pelo voto de confian\u00e7a depositado em meu nome. E, claro, sei da enorme responsabilidade em presidir o cons\u00f3rcio do SAMU. Estou inteiramente \u00e0 disposi\u00e7\u00e3o dos meus colegas prefeitos dos munic\u00edpios que comp\u00f5em o CISNORJE para lutarmos juntos por cada vez mais melhorias e a\u00e7\u00f5es efetivas na \u00e1rea da Sa\u00fade. Meu muito obrigado tamb\u00e9m ao povo de Capelinha, que confiou em nossa equipe para mais uma gest\u00e3o administrativa, confirmando assim nossa atua\u00e7\u00e3o precisa e efetiva nesta \u00e1rea, que \u00e9 de suma import\u00e2ncia, ainda mais agora nesse momento de pandemia.\u201d<\/em>, disse Tadeuzinho.<\/p>\n\n\n\n<p class=\"wp-block-paragraph\">Confira fotos de momentos da assembleia que elegeu Tadeuzinho presidente do CISNORJE:<\/p>\n\n\n\n<figure class=\"wp-block-gallery columns-1 is-cropped wp-block-gallery-1 is-layout-flex wp-block-gallery-is-layout-flex\"><ul class=\"blocks-gallery-grid\"><li class=\"blocks-gallery-item\"><figure><img loading=\"lazy\" decoding=\"async\" width=\"616\" height=\"450\" src=\"https:\/\/aconteceunovale.com.br\/portal\/wp-content\/uploads\/2021\/01\/novo_presidente_samu_3.jpg\" alt=\"\" data-id=\"171872\" data-full-url=\"https:\/\/aconteceunovale.com.br\/portal\/wp-content\/uploads\/2021\/01\/novo_presidente_samu_3.jpg\" data-link=\"https:\/\/aconteceunovale.com.br\/portal\/?attachment_id=171872\" class=\"wp-image-171872\" srcset=\"https:\/\/aconteceunovale.com.br\/portal\/wp-content\/uploads\/2021\/01\/novo_presidente_samu_3.jpg 616w, https:\/\/aconteceunovale.com.br\/portal\/wp-content\/uploads\/2021\/01\/novo_presidente_samu_3-300x219.jpg 300w, https:\/\/aconteceunovale.com.br\/portal\/wp-content\/uploads\/2021\/01\/novo_presidente_samu_3-575x420.jpg 575w\" sizes=\"auto, (max-width: 616px) 100vw, 616px\" \/><\/figure><\/li><li class=\"blocks-gallery-item\"><figure><img loading=\"lazy\" decoding=\"async\" width=\"600\" height=\"450\" src=\"https:\/\/aconteceunovale.com.br\/portal\/wp-content\/uploads\/2021\/01\/novo_presidente_samu_2.jpg\" alt=\"\" data-id=\"171873\" data-full-url=\"https:\/\/aconteceunovale.com.br\/portal\/wp-content\/uploads\/2021\/01\/novo_presidente_samu_2.jpg\" data-link=\"https:\/\/aconteceunovale.com.br\/portal\/?attachment_id=171873\" class=\"wp-image-171873\" srcset=\"https:\/\/aconteceunovale.com.br\/portal\/wp-content\/uploads\/2021\/01\/novo_presidente_samu_2.jpg 600w, https:\/\/aconteceunovale.com.br\/portal\/wp-content\/uploads\/2021\/01\/novo_presidente_samu_2-300x225.jpg 300w, https:\/\/aconteceunovale.com.br\/portal\/wp-content\/uploads\/2021\/01\/novo_presidente_samu_2-80x60.jpg 80w, https:\/\/aconteceunovale.com.br\/portal\/wp-content\/uploads\/2021\/01\/novo_presidente_samu_2-265x198.jpg 265w, https:\/\/aconteceunovale.com.br\/portal\/wp-content\/uploads\/2021\/01\/novo_presidente_samu_2-560x420.jpg 560w\" sizes=\"auto, (max-width: 600px) 100vw, 600px\" \/><\/figure><\/li><li class=\"blocks-gallery-item\"><figure><img loading=\"lazy\" decoding=\"async\" width=\"600\" height=\"450\" src=\"https:\/\/aconteceunovale.com.br\/portal\/wp-content\/uploads\/2021\/01\/novo_presidente_samu_1.jpg\" alt=\"\" data-id=\"171874\" data-full-url=\"https:\/\/aconteceunovale.com.br\/portal\/wp-content\/uploads\/2021\/01\/novo_presidente_samu_1.jpg\" data-link=\"https:\/\/aconteceunovale.com.br\/portal\/?attachment_id=171874\" class=\"wp-image-171874\" srcset=\"https:\/\/aconteceunovale.com.br\/portal\/wp-content\/uploads\/2021\/01\/novo_presidente_samu_1.jpg 600w, https:\/\/aconteceunovale.com.br\/portal\/wp-content\/uploads\/2021\/01\/novo_presidente_samu_1-300x225.jpg 300w, https:\/\/aconteceunovale.com.br\/portal\/wp-content\/uploads\/2021\/01\/novo_presidente_samu_1-80x60.jpg 80w, https:\/\/aconteceunovale.com.br\/portal\/wp-content\/uploads\/2021\/01\/novo_presidente_samu_1-265x198.jpg 265w, https:\/\/aconteceunovale.com.br\/portal\/wp-content\/uploads\/2021\/01\/novo_presidente_samu_1-560x420.jpg 560w\" sizes=\"auto, (max-width: 600px) 100vw, 600px\" \/><\/figure><\/li><\/ul><\/figure>\n\n\n\n<p class=\"has-white-color has-vivid-cyan-blue-background-color has-text-color has-background wp-block-paragraph\">Quer saber as not\u00edcias do <strong>Aconteceu no Vale<\/strong> em primeira m\u00e3o? Siga-nos no Facebook <a rel=\"noreferrer noopener\" href=\"http:\/\/facebook.com\/aconteceunovale\" target=\"_blank\">@aconteceunovale<\/a>, Twitter <a rel=\"noreferrer noopener\" href=\"https:\/\/twitter.com\/noticiadosvales\" target=\"_blank\">@noticiadosvales<\/a> e Instagram <a rel=\"noreferrer noopener\" href=\"https:\/\/www.instagram.com\/aconteceunovale\" target=\"_blank\">@aconteceunovale<\/a>.<\/p>\n","protected":false},"excerpt":{"rendered":"<p>O prefeito de Capelinha (MG), Tadeu Filipe Fernandes de Abreu, o Tadeuzinho, foi eleito nesta ter\u00e7a-feira (5\/1\/2021) presidente do Cons\u00f3rcio Intermunicipal de Sa\u00fade da Rede de Urg\u00eancia Macro Nordeste\/Jequitinhonha (CISNORJE). O \u00f3rg\u00e3o gerencia o Servi\u00e7o de Atendimento M\u00f3vel de Urg\u00eancia (SAMU) em 86 munic\u00edpios da regi\u00e3o. Os prefeitos presentes \u00e0 Assembleia do CISNORJE, em Te\u00f3filo [&hellip;]<\/p>\n","protected":false},"author":4,"featured_media":171872,"comment_status":"open","ping_status":"closed","sticky":false,"template":"","format":"standard","meta":{"amp_status":"","footnotes":""},"categories":[272535,40240,120],"tags":[132,234154,1018,234150,234156,44374,234149,234151,234155,183426,23263,234152,234153,234157,164],"class_list":["post-171871","post","type-post","status-publish","format-standard","has-post-thumbnail","hentry","category-capelinha","category-politica","category-jequi","tag-capelinha","tag-consorcio-intermunicipal-de-saude-da-rede-de-urgencia-macro-nordeste-jequitinhonha","tag-destaque","tag-novo-presidente-do-cisnorje","tag-novo-presidente-do-consorcio-intermunicipal-de-saude-da-rede-de-urgencia-macro-nordeste-jequitinhonha","tag-prefeito-de-capelinha","tag-prefeito-de-capelinha-e-eleito-presidente-do-cisnorje","tag-presidente-do-cisnorje","tag-presidente-do-consorcio-intermunicipal-de-saude-da-rede-de-urgencia-macro-nordeste-jequitinhonha","tag-samu-macro-nordeste-jequitinhonha","tag-tadeu-filipe-fernandes-de-abreu","tag-tadeuzinho-cisnorje","tag-tadeuzinho-presidente-do-cisnorje","tag-tadeuzinho-presidente-do-consorcio-intermunicipal-de-saude-da-rede-de-urgencia-macro-nordeste-jequitinhonha","tag-teofilo-otoni"],"yoast_head":"<!-- This site is optimized with the Yoast SEO plugin v28.3 - https:\/\/yoast.com\/product\/yoast-seo-wordpress\/ -->\n<title>Prefeito de Capelinha \u00e9 eleito presidente do Cisnorje - Aconteceu no Vale<\/title>\n<meta name=\"robots\" content=\"index, follow, max-snippet:-1, max-image-preview:large, max-video-preview:-1\" \/>\n<link rel=\"canonical\" href=\"https:\/\/aconteceunovale.com.br\/portal\/?p=171871\" \/>\n<meta property=\"og:locale\" content=\"pt_BR\" \/>\n<meta property=\"og:type\" content=\"article\" \/>\n<meta property=\"og:title\" content=\"Prefeito de Capelinha \u00e9 eleito presidente do Cisnorje - Aconteceu no Vale\" \/>\n<meta property=\"og:description\" content=\"O prefeito de Capelinha (MG), Tadeu Filipe Fernandes de Abreu, o Tadeuzinho, foi eleito nesta ter\u00e7a-feira (5\/1\/2021) presidente do Cons\u00f3rcio Intermunicipal de Sa\u00fade da Rede de Urg\u00eancia Macro Nordeste\/Jequitinhonha (CISNORJE). O \u00f3rg\u00e3o gerencia o Servi\u00e7o de Atendimento M\u00f3vel de Urg\u00eancia (SAMU) em 86 munic\u00edpios da regi\u00e3o. Os prefeitos presentes \u00e0 Assembleia do CISNORJE, em Te\u00f3filo [&hellip;]\" \/>\n<meta property=\"og:url\" content=\"https:\/\/aconteceunovale.com.br\/portal\/?p=171871\" \/>\n<meta property=\"og:site_name\" content=\"Aconteceu no Vale\" \/>\n<meta property=\"article:publisher\" content=\"https:\/\/www.facebook.com\/aconteceunovale\/\" \/>\n<meta property=\"article:published_time\" content=\"2021-01-05T23:30:43+00:00\" \/>\n<meta property=\"article:modified_time\" content=\"2026-09-01T02:11:33+00:00\" \/>\n<meta property=\"og:image\" content=\"https:\/\/aconteceunovale.com.br\/portal\/wp-content\/uploads\/2021\/01\/novo_presidente_samu_3.jpg\" \/>\n\t<meta property=\"og:image:width\" content=\"616\" \/>\n\t<meta property=\"og:image:height\" content=\"450\" \/>\n\t<meta property=\"og:image:type\" content=\"image\/jpeg\" \/>\n<meta name=\"author\" content=\"Reda\u00e7\u00e3o Aconteceu no Vale\" \/>\n<meta name=\"twitter:card\" content=\"summary_large_image\" \/>\n<meta name=\"twitter:creator\" content=\"@noticiadosvales\" \/>\n<meta name=\"twitter:site\" content=\"@noticiadosvales\" \/>\n<meta name=\"twitter:label1\" content=\"Escrito por\" \/>\n\t<meta name=\"twitter:data1\" content=\"Reda\u00e7\u00e3o Aconteceu no Vale\" \/>\n\t<meta name=\"twitter:label2\" content=\"Est. tempo de leitura\" \/>\n\t<meta name=\"twitter:data2\" content=\"1 minuto\" \/>\n<script type=\"application\/ld+json\" class=\"yoast-schema-graph\">{\"@context\":\"https:\\\/\\\/schema.org\",\"@graph\":[{\"@type\":\"Article\",\"@id\":\"https:\\\/\\\/aconteceunovale.com.br\\\/portal\\\/?p=171871#article\",\"isPartOf\":{\"@id\":\"https:\\\/\\\/aconteceunovale.com.br\\\/portal\\\/?p=171871\"},\"author\":{\"name\":\"Reda\u00e7\u00e3o Aconteceu no Vale\",\"@id\":\"https:\\\/\\\/aconteceunovale.com.br\\\/portal\\\/#\\\/schema\\\/person\\\/7d2f26d1483f8a63de73da1ee0754d35\"},\"headline\":\"Prefeito de Capelinha \u00e9 eleito presidente do Cisnorje\",\"datePublished\":\"2021-01-05T23:30:43+00:00\",\"dateModified\":\"2026-09-01T02:11:33+00:00\",\"mainEntityOfPage\":{\"@id\":\"https:\\\/\\\/aconteceunovale.com.br\\\/portal\\\/?p=171871\"},\"wordCount\":235,\"commentCount\":0,\"image\":{\"@id\":\"https:\\\/\\\/aconteceunovale.com.br\\\/portal\\\/?p=171871#primaryimage\"},\"thumbnailUrl\":\"https:\\\/\\\/aconteceunovale.com.br\\\/portal\\\/wp-content\\\/uploads\\\/2021\\\/01\\\/novo_presidente_samu_3.jpg\",\"keywords\":[\"Capelinha\",\"Cons\u00f3rcio Intermunicipal de Sa\u00fade da Rede de Urg\u00eancia Macro Nordeste\\\/Jequitinhonha\",\"destaque\",\"Novo presidente do Cisnorje\",\"Novo presidente do Cons\u00f3rcio Intermunicipal de Sa\u00fade da Rede de Urg\u00eancia Macro Nordeste\\\/Jequitinhonha\",\"prefeito de Capelinha\",\"Prefeito de Capelinha \u00e9 eleito presidente do Cisnorje\",\"Presidente do Cisnorje\",\"Presidente do Cons\u00f3rcio Intermunicipal de Sa\u00fade da Rede de Urg\u00eancia Macro Nordeste\\\/Jequitinhonha\",\"Samu Macro Nordeste \\\/ Jequitinhonha\",\"Tadeu Filipe Fernandes de Abreu\",\"Tadeuzinho Cisnorje\",\"Tadeuzinho presidente do Cisnorje\",\"Tadeuzinho presidente do Cons\u00f3rcio Intermunicipal de Sa\u00fade da Rede de Urg\u00eancia Macro Nordeste\\\/Jequitinhonha\",\"Te\u00f3filo Otoni\"],\"articleSection\":[\"Capelinha\",\"Pol\u00edtica\",\"Vale do Jequitinhonha\"],\"inLanguage\":\"pt-BR\",\"potentialAction\":[{\"@type\":\"CommentAction\",\"name\":\"Comment\",\"target\":[\"https:\\\/\\\/aconteceunovale.com.br\\\/portal\\\/?p=171871#respond\"]}]},{\"@type\":\"WebPage\",\"@id\":\"https:\\\/\\\/aconteceunovale.com.br\\\/portal\\\/?p=171871\",\"url\":\"https:\\\/\\\/aconteceunovale.com.br\\\/portal\\\/?p=171871\",\"name\":\"Prefeito de Capelinha \u00e9 eleito presidente do Cisnorje - Aconteceu no Vale\",\"isPartOf\":{\"@id\":\"https:\\\/\\\/aconteceunovale.com.br\\\/portal\\\/#website\"},\"primaryImageOfPage\":{\"@id\":\"https:\\\/\\\/aconteceunovale.com.br\\\/portal\\\/?p=171871#primaryimage\"},\"image\":{\"@id\":\"https:\\\/\\\/aconteceunovale.com.br\\\/portal\\\/?p=171871#primaryimage\"},\"thumbnailUrl\":\"https:\\\/\\\/aconteceunovale.com.br\\\/portal\\\/wp-content\\\/uploads\\\/2021\\\/01\\\/novo_presidente_samu_3.jpg\",\"datePublished\":\"2021-01-05T23:30:43+00:00\",\"dateModified\":\"2026-09-01T02:11:33+00:00\",\"author\":{\"@id\":\"https:\\\/\\\/aconteceunovale.com.br\\\/portal\\\/#\\\/schema\\\/person\\\/7d2f26d1483f8a63de73da1ee0754d35\"},\"breadcrumb\":{\"@id\":\"https:\\\/\\\/aconteceunovale.com.br\\\/portal\\\/?p=171871#breadcrumb\"},\"inLanguage\":\"pt-BR\",\"potentialAction\":[{\"@type\":\"ReadAction\",\"target\":[\"https:\\\/\\\/aconteceunovale.com.br\\\/portal\\\/?p=171871\"]}]},{\"@type\":\"ImageObject\",\"inLanguage\":\"pt-BR\",\"@id\":\"https:\\\/\\\/aconteceunovale.com.br\\\/portal\\\/?p=171871#primaryimage\",\"url\":\"https:\\\/\\\/aconteceunovale.com.br\\\/portal\\\/wp-content\\\/uploads\\\/2021\\\/01\\\/novo_presidente_samu_3.jpg\",\"contentUrl\":\"https:\\\/\\\/aconteceunovale.com.br\\\/portal\\\/wp-content\\\/uploads\\\/2021\\\/01\\\/novo_presidente_samu_3.jpg\",\"width\":616,\"height\":450},{\"@type\":\"BreadcrumbList\",\"@id\":\"https:\\\/\\\/aconteceunovale.com.br\\\/portal\\\/?p=171871#breadcrumb\",\"itemListElement\":[{\"@type\":\"ListItem\",\"position\":1,\"name\":\"In\u00edcio\",\"item\":\"https:\\\/\\\/aconteceunovale.com.br\\\/portal\\\/\"},{\"@type\":\"ListItem\",\"position\":2,\"name\":\"Prefeito de Capelinha \u00e9 eleito presidente do Cisnorje\"}]},{\"@type\":\"WebSite\",\"@id\":\"https:\\\/\\\/aconteceunovale.com.br\\\/portal\\\/#website\",\"url\":\"https:\\\/\\\/aconteceunovale.com.br\\\/portal\\\/\",\"name\":\"Aconteceu no Vale\",\"description\":\"Portal de Not\u00edcias\",\"potentialAction\":[{\"@type\":\"SearchAction\",\"target\":{\"@type\":\"EntryPoint\",\"urlTemplate\":\"https:\\\/\\\/aconteceunovale.com.br\\\/portal\\\/?s={search_term_string}\"},\"query-input\":{\"@type\":\"PropertyValueSpecification\",\"valueRequired\":true,\"valueName\":\"search_term_string\"}}],\"inLanguage\":\"pt-BR\"},{\"@type\":\"Person\",\"@id\":\"https:\\\/\\\/aconteceunovale.com.br\\\/portal\\\/#\\\/schema\\\/person\\\/7d2f26d1483f8a63de73da1ee0754d35\",\"name\":\"Reda\u00e7\u00e3o Aconteceu no Vale\",\"description\":\"Equipe de reportagem do Aconteceu no Vale, portal de not\u00edcias do Vale do Jequitinhonha, em Minas Gerais. Cobrimos as 51 cidades do Vale desde 2013. Sugest\u00f5es de pauta e pedidos de corre\u00e7\u00e3o: contato@aconteceunovale.com.br\",\"url\":\"https:\\\/\\\/aconteceunovale.com.br\\\/portal\\\/?author=4\"}]}<\/script>\n<!-- \/ Yoast SEO plugin. -->","yoast_head_json":{"title":"Prefeito de Capelinha \u00e9 eleito presidente do Cisnorje - Aconteceu no Vale","robots":{"index":"index","follow":"follow","max-snippet":"max-snippet:-1","max-image-preview":"max-image-preview:large","max-video-preview":"max-video-preview:-1"},"canonical":"https:\/\/aconteceunovale.com.br\/portal\/?p=171871","og_locale":"pt_BR","og_type":"article","og_title":"Prefeito de Capelinha \u00e9 eleito presidente do Cisnorje - Aconteceu no Vale","og_description":"O prefeito de Capelinha (MG), Tadeu Filipe Fernandes de Abreu, o Tadeuzinho, foi eleito nesta ter\u00e7a-feira (5\/1\/2021) presidente do Cons\u00f3rcio Intermunicipal de Sa\u00fade da Rede de Urg\u00eancia Macro Nordeste\/Jequitinhonha (CISNORJE). O \u00f3rg\u00e3o gerencia o Servi\u00e7o de Atendimento M\u00f3vel de Urg\u00eancia (SAMU) em 86 munic\u00edpios da regi\u00e3o. Os prefeitos presentes \u00e0 Assembleia do CISNORJE, em Te\u00f3filo [&hellip;]","og_url":"https:\/\/aconteceunovale.com.br\/portal\/?p=171871","og_site_name":"Aconteceu no Vale","article_publisher":"https:\/\/www.facebook.com\/aconteceunovale\/","article_published_time":"2021-01-05T23:30:43+00:00","article_modified_time":"2026-09-01T02:11:33+00:00","og_image":[{"width":616,"height":450,"url":"https:\/\/aconteceunovale.com.br\/portal\/wp-content\/uploads\/2021\/01\/novo_presidente_samu_3.jpg","type":"image\/jpeg"}],"author":"Reda\u00e7\u00e3o Aconteceu no Vale","twitter_card":"summary_large_image","twitter_creator":"@noticiadosvales","twitter_site":"@noticiadosvales","twitter_misc":{"Escrito por":"Reda\u00e7\u00e3o Aconteceu no Vale","Est. tempo de leitura":"1 minuto"},"schema":{"@context":"https:\/\/schema.org","@graph":[{"@type":"Article","@id":"https:\/\/aconteceunovale.com.br\/portal\/?p=171871#article","isPartOf":{"@id":"https:\/\/aconteceunovale.com.br\/portal\/?p=171871"},"author":{"name":"Reda\u00e7\u00e3o Aconteceu no Vale","@id":"https:\/\/aconteceunovale.com.br\/portal\/#\/schema\/person\/7d2f26d1483f8a63de73da1ee0754d35"},"headline":"Prefeito de Capelinha \u00e9 eleito presidente do Cisnorje","datePublished":"2021-01-05T23:30:43+00:00","dateModified":"2026-09-01T02:11:33+00:00","mainEntityOfPage":{"@id":"https:\/\/aconteceunovale.com.br\/portal\/?p=171871"},"wordCount":235,"commentCount":0,"image":{"@id":"https:\/\/aconteceunovale.com.br\/portal\/?p=171871#primaryimage"},"thumbnailUrl":"https:\/\/aconteceunovale.com.br\/portal\/wp-content\/uploads\/2021\/01\/novo_presidente_samu_3.jpg","keywords":["Capelinha","Cons\u00f3rcio Intermunicipal de Sa\u00fade da Rede de Urg\u00eancia Macro Nordeste\/Jequitinhonha","destaque","Novo presidente do Cisnorje","Novo presidente do Cons\u00f3rcio Intermunicipal de Sa\u00fade da Rede de Urg\u00eancia Macro Nordeste\/Jequitinhonha","prefeito de Capelinha","Prefeito de Capelinha \u00e9 eleito presidente do Cisnorje","Presidente do Cisnorje","Presidente do Cons\u00f3rcio Intermunicipal de Sa\u00fade da Rede de Urg\u00eancia Macro Nordeste\/Jequitinhonha","Samu Macro Nordeste \/ Jequitinhonha","Tadeu Filipe Fernandes de Abreu","Tadeuzinho Cisnorje","Tadeuzinho presidente do Cisnorje","Tadeuzinho presidente do Cons\u00f3rcio Intermunicipal de Sa\u00fade da Rede de Urg\u00eancia Macro Nordeste\/Jequitinhonha","Te\u00f3filo Otoni"],"articleSection":["Capelinha","Pol\u00edtica","Vale do Jequitinhonha"],"inLanguage":"pt-BR","potentialAction":[{"@type":"CommentAction","name":"Comment","target":["https:\/\/aconteceunovale.com.br\/portal\/?p=171871#respond"]}]},{"@type":"WebPage","@id":"https:\/\/aconteceunovale.com.br\/portal\/?p=171871","url":"https:\/\/aconteceunovale.com.br\/portal\/?p=171871","name":"Prefeito de Capelinha \u00e9 eleito presidente do Cisnorje - Aconteceu no Vale","isPartOf":{"@id":"https:\/\/aconteceunovale.com.br\/portal\/#website"},"primaryImageOfPage":{"@id":"https:\/\/aconteceunovale.com.br\/portal\/?p=171871#primaryimage"},"image":{"@id":"https:\/\/aconteceunovale.com.br\/portal\/?p=171871#primaryimage"},"thumbnailUrl":"https:\/\/aconteceunovale.com.br\/portal\/wp-content\/uploads\/2021\/01\/novo_presidente_samu_3.jpg","datePublished":"2021-01-05T23:30:43+00:00","dateModified":"2026-09-01T02:11:33+00:00","author":{"@id":"https:\/\/aconteceunovale.com.br\/portal\/#\/schema\/person\/7d2f26d1483f8a63de73da1ee0754d35"},"breadcrumb":{"@id":"https:\/\/aconteceunovale.com.br\/portal\/?p=171871#breadcrumb"},"inLanguage":"pt-BR","potentialAction":[{"@type":"ReadAction","target":["https:\/\/aconteceunovale.com.br\/portal\/?p=171871"]}]},{"@type":"ImageObject","inLanguage":"pt-BR","@id":"https:\/\/aconteceunovale.com.br\/portal\/?p=171871#primaryimage","url":"https:\/\/aconteceunovale.com.br\/portal\/wp-content\/uploads\/2021\/01\/novo_presidente_samu_3.jpg","contentUrl":"https:\/\/aconteceunovale.com.br\/portal\/wp-content\/uploads\/2021\/01\/novo_presidente_samu_3.jpg","width":616,"height":450},{"@type":"BreadcrumbList","@id":"https:\/\/aconteceunovale.com.br\/portal\/?p=171871#breadcrumb","itemListElement":[{"@type":"ListItem","position":1,"name":"In\u00edcio","item":"https:\/\/aconteceunovale.com.br\/portal\/"},{"@type":"ListItem","position":2,"name":"Prefeito de Capelinha \u00e9 eleito presidente do Cisnorje"}]},{"@type":"WebSite","@id":"https:\/\/aconteceunovale.com.br\/portal\/#website","url":"https:\/\/aconteceunovale.com.br\/portal\/","name":"Aconteceu no Vale","description":"Portal de Not\u00edcias","potentialAction":[{"@type":"SearchAction","target":{"@type":"EntryPoint","urlTemplate":"https:\/\/aconteceunovale.com.br\/portal\/?s={search_term_string}"},"query-input":{"@type":"PropertyValueSpecification","valueRequired":true,"valueName":"search_term_string"}}],"inLanguage":"pt-BR"},{"@type":"Person","@id":"https:\/\/aconteceunovale.com.br\/portal\/#\/schema\/person\/7d2f26d1483f8a63de73da1ee0754d35","name":"Reda\u00e7\u00e3o Aconteceu no Vale","description":"Equipe de reportagem do Aconteceu no Vale, portal de not\u00edcias do Vale do Jequitinhonha, em Minas Gerais. Cobrimos as 51 cidades do Vale desde 2013. Sugest\u00f5es de pauta e pedidos de corre\u00e7\u00e3o: contato@aconteceunovale.com.br","url":"https:\/\/aconteceunovale.com.br\/portal\/?author=4"}]}},"_links":{"self":[{"href":"https:\/\/aconteceunovale.com.br\/portal\/index.php?rest_route=\/wp\/v2\/posts\/171871","targetHints":{"allow":["GET"]}}],"collection":[{"href":"https:\/\/aconteceunovale.com.br\/portal\/index.php?rest_route=\/wp\/v2\/posts"}],"about":[{"href":"https:\/\/aconteceunovale.com.br\/portal\/index.php?rest_route=\/wp\/v2\/types\/post"}],"author":[{"embeddable":true,"href":"https:\/\/aconteceunovale.com.br\/portal\/index.php?rest_route=\/wp\/v2\/users\/4"}],"replies":[{"embeddable":true,"href":"https:\/\/aconteceunovale.com.br\/portal\/index.php?rest_route=%2Fwp%2Fv2%2Fcomments&post=171871"}],"version-history":[{"count":1,"href":"https:\/\/aconteceunovale.com.br\/portal\/index.php?rest_route=\/wp\/v2\/posts\/171871\/revisions"}],"predecessor-version":[{"id":171875,"href":"https:\/\/aconteceunovale.com.br\/portal\/index.php?rest_route=\/wp\/v2\/posts\/171871\/revisions\/171875"}],"wp:featuredmedia":[{"embeddable":true,"href":"https:\/\/aconteceunovale.com.br\/portal\/index.php?rest_route=\/wp\/v2\/media\/171872"}],"wp:attachment":[{"href":"https:\/\/aconteceunovale.com.br\/portal\/index.php?rest_route=%2Fwp%2Fv2%2Fmedia&parent=171871"}],"wp:term":[{"taxonomy":"category","embeddable":true,"href":"https:\/\/aconteceunovale.com.br\/portal\/index.php?rest_route=%2Fwp%2Fv2%2Fcategories&post=171871"},{"taxonomy":"post_tag","embeddable":true,"href":"https:\/\/aconteceunovale.com.br\/portal\/index.php?rest_route=%2Fwp%2Fv2%2Ftags&post=171871"}],"curies":[{"name":"wp","href":"https:\/\/api.w.org\/{rel}","templated":true}]}}