{"id":171854,"date":"2021-01-05T00:21:25","date_gmt":"2021-01-05T03:21:25","guid":{"rendered":"https:\/\/aconteceunovale.com.br\/portal\/?p=171854"},"modified":"2021-01-05T00:21:48","modified_gmt":"2021-01-05T03:21:48","slug":"sao-paulo-confirma-dois-casos-de-nova-variante-coronavirus","status":"publish","type":"post","link":"https:\/\/aconteceunovale.com.br\/portal\/?p=171854","title":{"rendered":"S\u00e3o Paulo confirma dois casos de nova variante coronav\u00edrus"},"content":{"rendered":"\n<p class=\"wp-block-paragraph\">A variante do novo coronav\u00edrus, detectada inicialmente no Reino Unido, j\u00e1 est\u00e1 no Brasil. A confirma\u00e7\u00e3o foi feita na tarde de\u00a0nesta segunda-feira (4) pela Secretaria Estadual da Sa\u00fade de S\u00e3o Paulo, ap\u00f3s an\u00e1lise de amostras no Laborat\u00f3rio Estrat\u00e9gico do Instituto Adolfo Lutz.<\/p>\n\n\n\n<p class=\"wp-block-paragraph\">Dois casos foram confirmados em S\u00e3o Paulo. Uma das pessoas com resultado positivo \u00e9 uma mulher de 25 anos, residente em S\u00e3o Paulo, que se infectou ap\u00f3s contato com viajantes que passaram pelo territ\u00f3rio brit\u00e2nico. No dia&nbsp;20 de dezembro, ela come\u00e7ou a apresentar sintomas como dores de cabe\u00e7a e garganta, tosse, mal-estar e perda de paladar.<\/p>\n\n\n\n<p class=\"wp-block-paragraph\">O outro infectado \u00e9 um homem de 34 anos, e a Secretaria de Sa\u00fade investiga seu local de moradia e sintomas.<\/p>\n\n\n\n<p class=\"wp-block-paragraph\">Segundo a secretaria, ambos os casos s\u00e3o da linhagem B.1.1.7, nova cepa que n\u00e3o se mostra mais letal, mas pode ser mais transmiss\u00edvel.<\/p>\n\n\n\n<p class=\"wp-block-paragraph\">Na \u00faltima\u00a0quinta-feira, o Centro de Informa\u00e7\u00f5es Estrat\u00e9gicas em Vigil\u00e2ncia em Sa\u00fade de S\u00e3o Paulo foi notificado pelo laborat\u00f3rio de medicina diagn\u00f3stica Dasa da\u00a0suspeita de dois casos\u00a0de uma variante do novo coronav\u00edrus (SARS-CoV-2) no estado de S\u00e3o Paulo. A confirma\u00e7\u00e3o da cepa em dois pacientes foi feita por meio de sequenciamento gen\u00e9tico realizado em parceria com a Faculdade de Medicina da Universidade de S\u00e3o Paulo (USP).<\/p>\n\n\n\n<p class=\"wp-block-paragraph\">Ap\u00f3s a confirma\u00e7\u00e3o do laborat\u00f3rio Dasa sobre essa suspeita, as amostras foram enviadas para o Instituto Adolfo Lutz, que deu in\u00edcio ao trabalho de an\u00e1lise e sequenciamento gen\u00e9tico para identificar se a nova cepa j\u00e1 teria mesmo chegado ao Brasil. Essa an\u00e1lise foi conclu\u00edda&nbsp;hoje&nbsp;e confirmou a suspeita.<\/p>\n\n\n\n<p class=\"wp-block-paragraph\">Os sequenciamentos de amostras realizados pelo Adolfo Lutz mostraram-se, segundo a secretaria, mais completos que o do Reino Unido e foram ent\u00e3o depositados no banco de dados\u00a0<em>online\u00a0<\/em>e mundial GISAID, uma Iniciativa Global de Compartilhamento de Todos os Dados sobre Influenza.<\/p>\n\n\n\n<p class=\"has-white-color has-vivid-cyan-blue-background-color has-text-color has-background wp-block-paragraph\">Quer saber as not\u00edcias do <strong>Aconteceu no Vale<\/strong> em primeira m\u00e3o? Siga-nos no Facebook <a rel=\"noreferrer noopener\" href=\"http:\/\/facebook.com\/aconteceunovale\" target=\"_blank\">@aconteceunovale<\/a>, Twitter <a rel=\"noreferrer noopener\" href=\"https:\/\/twitter.com\/noticiadosvales\" target=\"_blank\">@noticiadosvales<\/a> e Instagram <a rel=\"noreferrer noopener\" href=\"https:\/\/www.instagram.com\/aconteceunovale\" target=\"_blank\">@aconteceunovale<\/a>.<\/p>\n","protected":false},"excerpt":{"rendered":"<p>A variante do novo coronav\u00edrus, detectada inicialmente no Reino Unido, j\u00e1 est\u00e1 no Brasil. A confirma\u00e7\u00e3o foi feita na tarde de\u00a0nesta segunda-feira (4) pela Secretaria Estadual da Sa\u00fade de S\u00e3o Paulo, ap\u00f3s an\u00e1lise de amostras no Laborat\u00f3rio Estrat\u00e9gico do Instituto Adolfo Lutz. Dois casos foram confirmados em S\u00e3o Paulo. Uma das pessoas com resultado positivo [&hellip;]<\/p>\n","protected":false},"author":4,"featured_media":171108,"comment_status":"open","ping_status":"closed","sticky":false,"template":"","format":"standard","meta":{"amp_status":"","footnotes":""},"categories":[6,40242],"tags":[10950,233167,233168,23885,50808,15464,214884,216498,232974,99553,233169,175923,232977,233731,233730,233728,232975,232978,233729,23476,232976,140166,218365,78021,18919,37790,234135,219312],"class_list":["post-171854","post","type-post","status-publish","format-standard","has-post-thumbnail","hentry","category-br","category-saude-2","tag-argentina","tag-brasil-fecha-fronteiras-aereas-com-o-reino-unido-e-a-irlanda-do-norte","tag-brasil-proibe-voos-do-reino-unido-e-da-irlanda-do-norte","tag-buenos-aires","tag-chile","tag-colombia","tag-coronavirus","tag-covid-19","tag-fronteiras-aereas-com-o-reino-unido","tag-inglaterra","tag-irlanda-do-norte","tag-ivan-duque","tag-nova-cepa-de-coronavirus","tag-nova-cepa-de-coronavirus-no-brasil","tag-nova-variante-de-coronavirus-no-brasil","tag-nova-variante-de-covid-19-no-brasil","tag-nova-variante-do-coronavirus","tag-novo-tipo-de-coronavirus","tag-novo-tipo-de-coronavirus-no-brasil","tag-oms","tag-paises-da-america-latina-fecham-fronteiras-aereas-com-o-reino-unido","tag-pandemia","tag-pandemia-do-coronavirus","tag-peru","tag-portugal","tag-reino-unido","tag-sao-paulo-confirma-dois-casos-de-nova-variante-coronavirus","tag-sars-cov-2"],"yoast_head":"<!-- This site is optimized with the Yoast SEO plugin v28.3 - https:\/\/yoast.com\/product\/yoast-seo-wordpress\/ -->\n<title>S\u00e3o Paulo confirma dois casos de nova variante coronav\u00edrus - Aconteceu no Vale<\/title>\n<meta name=\"robots\" content=\"index, follow, max-snippet:-1, max-image-preview:large, max-video-preview:-1\" \/>\n<link rel=\"canonical\" href=\"https:\/\/aconteceunovale.com.br\/portal\/?p=171854\" \/>\n<meta property=\"og:locale\" content=\"pt_BR\" \/>\n<meta property=\"og:type\" content=\"article\" \/>\n<meta property=\"og:title\" content=\"S\u00e3o Paulo confirma dois casos de nova variante coronav\u00edrus - Aconteceu no Vale\" \/>\n<meta property=\"og:description\" content=\"A variante do novo coronav\u00edrus, detectada inicialmente no Reino Unido, j\u00e1 est\u00e1 no Brasil. A confirma\u00e7\u00e3o foi feita na tarde de\u00a0nesta segunda-feira (4) pela Secretaria Estadual da Sa\u00fade de S\u00e3o Paulo, ap\u00f3s an\u00e1lise de amostras no Laborat\u00f3rio Estrat\u00e9gico do Instituto Adolfo Lutz. Dois casos foram confirmados em S\u00e3o Paulo. Uma das pessoas com resultado positivo [&hellip;]\" \/>\n<meta property=\"og:url\" content=\"https:\/\/aconteceunovale.com.br\/portal\/?p=171854\" \/>\n<meta property=\"og:site_name\" content=\"Aconteceu no Vale\" \/>\n<meta property=\"article:publisher\" content=\"https:\/\/www.facebook.com\/aconteceunovale\/\" \/>\n<meta property=\"article:published_time\" content=\"2021-01-05T03:21:25+00:00\" \/>\n<meta property=\"article:modified_time\" content=\"2021-01-05T03:21:48+00:00\" \/>\n<meta property=\"og:image\" content=\"https:\/\/aconteceunovale.com.br\/portal\/wp-content\/uploads\/2020\/12\/nova_cepa_corona.jpg\" \/>\n\t<meta property=\"og:image:width\" content=\"601\" \/>\n\t<meta property=\"og:image:height\" content=\"450\" \/>\n\t<meta property=\"og:image:type\" content=\"image\/jpeg\" \/>\n<meta name=\"author\" content=\"Reda\u00e7\u00e3o Aconteceu no Vale\" \/>\n<meta name=\"twitter:card\" content=\"summary_large_image\" \/>\n<meta name=\"twitter:creator\" content=\"@noticiadosvales\" \/>\n<meta name=\"twitter:site\" content=\"@noticiadosvales\" \/>\n<meta name=\"twitter:label1\" content=\"Escrito por\" \/>\n\t<meta name=\"twitter:data1\" content=\"Reda\u00e7\u00e3o Aconteceu no Vale\" \/>\n\t<meta name=\"twitter:label2\" content=\"Est. tempo de leitura\" \/>\n\t<meta name=\"twitter:data2\" content=\"2 minutos\" \/>\n<script type=\"application\/ld+json\" class=\"yoast-schema-graph\">{\"@context\":\"https:\\\/\\\/schema.org\",\"@graph\":[{\"@type\":\"Article\",\"@id\":\"https:\\\/\\\/aconteceunovale.com.br\\\/portal\\\/?p=171854#article\",\"isPartOf\":{\"@id\":\"https:\\\/\\\/aconteceunovale.com.br\\\/portal\\\/?p=171854\"},\"author\":{\"name\":\"Reda\u00e7\u00e3o Aconteceu no Vale\",\"@id\":\"https:\\\/\\\/aconteceunovale.com.br\\\/portal\\\/#\\\/schema\\\/person\\\/7d2f26d1483f8a63de73da1ee0754d35\"},\"headline\":\"S\u00e3o Paulo confirma dois casos de nova variante coronav\u00edrus\",\"datePublished\":\"2021-01-05T03:21:25+00:00\",\"dateModified\":\"2021-01-05T03:21:48+00:00\",\"mainEntityOfPage\":{\"@id\":\"https:\\\/\\\/aconteceunovale.com.br\\\/portal\\\/?p=171854\"},\"wordCount\":373,\"commentCount\":0,\"image\":{\"@id\":\"https:\\\/\\\/aconteceunovale.com.br\\\/portal\\\/?p=171854#primaryimage\"},\"thumbnailUrl\":\"https:\\\/\\\/aconteceunovale.com.br\\\/portal\\\/wp-content\\\/uploads\\\/2020\\\/12\\\/nova_cepa_corona.jpg\",\"keywords\":[\"Argentina\",\"Brasil fecha fronteiras a\u00e9reas com o Reino Unido e a Irlanda do Norte\",\"Brasil pro\u00edbe voos do Reino Unido e da Irlanda do Norte\",\"Buenos Aires\",\"Chile\",\"Col\u00f4mbia\",\"Coronav\u00edrus\",\"COVID-19\",\"Fronteiras a\u00e9reas com o Reino Unido\",\"Inglaterra\",\"Irlanda do Norte\",\"Ivan Duque\",\"Nova cepa de coronav\u00edrus\",\"Nova cepa de coronav\u00edrus no Brasil\",\"Nova variante de coronav\u00edrus no Brasil\",\"Nova variante de Covid-19 no Brasil\",\"Nova variante do coronav\u00edrus\",\"Novo tipo de coronav\u00edrus\",\"Novo tipo de coronav\u00edrus no Brasil\",\"OMS\",\"Pa\u00edses da Am\u00e9rica Latina fecham fronteiras a\u00e9reas com o Reino Unido\",\"pandemia\",\"Pandemia do coronav\u00edrus\",\"Peru\",\"Portugal\",\"Reino Unido\",\"S\u00e3o Paulo confirma dois casos de nova variante coronav\u00edrus\",\"Sars-Cov-2\"],\"articleSection\":[\"Brasil\",\"Sa\u00fade\"],\"inLanguage\":\"pt-BR\",\"potentialAction\":[{\"@type\":\"CommentAction\",\"name\":\"Comment\",\"target\":[\"https:\\\/\\\/aconteceunovale.com.br\\\/portal\\\/?p=171854#respond\"]}]},{\"@type\":\"WebPage\",\"@id\":\"https:\\\/\\\/aconteceunovale.com.br\\\/portal\\\/?p=171854\",\"url\":\"https:\\\/\\\/aconteceunovale.com.br\\\/portal\\\/?p=171854\",\"name\":\"S\u00e3o Paulo confirma dois casos de nova variante coronav\u00edrus - Aconteceu no Vale\",\"isPartOf\":{\"@id\":\"https:\\\/\\\/aconteceunovale.com.br\\\/portal\\\/#website\"},\"primaryImageOfPage\":{\"@id\":\"https:\\\/\\\/aconteceunovale.com.br\\\/portal\\\/?p=171854#primaryimage\"},\"image\":{\"@id\":\"https:\\\/\\\/aconteceunovale.com.br\\\/portal\\\/?p=171854#primaryimage\"},\"thumbnailUrl\":\"https:\\\/\\\/aconteceunovale.com.br\\\/portal\\\/wp-content\\\/uploads\\\/2020\\\/12\\\/nova_cepa_corona.jpg\",\"datePublished\":\"2021-01-05T03:21:25+00:00\",\"dateModified\":\"2021-01-05T03:21:48+00:00\",\"author\":{\"@id\":\"https:\\\/\\\/aconteceunovale.com.br\\\/portal\\\/#\\\/schema\\\/person\\\/7d2f26d1483f8a63de73da1ee0754d35\"},\"breadcrumb\":{\"@id\":\"https:\\\/\\\/aconteceunovale.com.br\\\/portal\\\/?p=171854#breadcrumb\"},\"inLanguage\":\"pt-BR\",\"potentialAction\":[{\"@type\":\"ReadAction\",\"target\":[\"https:\\\/\\\/aconteceunovale.com.br\\\/portal\\\/?p=171854\"]}]},{\"@type\":\"ImageObject\",\"inLanguage\":\"pt-BR\",\"@id\":\"https:\\\/\\\/aconteceunovale.com.br\\\/portal\\\/?p=171854#primaryimage\",\"url\":\"https:\\\/\\\/aconteceunovale.com.br\\\/portal\\\/wp-content\\\/uploads\\\/2020\\\/12\\\/nova_cepa_corona.jpg\",\"contentUrl\":\"https:\\\/\\\/aconteceunovale.com.br\\\/portal\\\/wp-content\\\/uploads\\\/2020\\\/12\\\/nova_cepa_corona.jpg\",\"width\":601,\"height\":450},{\"@type\":\"BreadcrumbList\",\"@id\":\"https:\\\/\\\/aconteceunovale.com.br\\\/portal\\\/?p=171854#breadcrumb\",\"itemListElement\":[{\"@type\":\"ListItem\",\"position\":1,\"name\":\"In\u00edcio\",\"item\":\"https:\\\/\\\/aconteceunovale.com.br\\\/portal\\\/\"},{\"@type\":\"ListItem\",\"position\":2,\"name\":\"S\u00e3o Paulo confirma dois casos de nova variante coronav\u00edrus\"}]},{\"@type\":\"WebSite\",\"@id\":\"https:\\\/\\\/aconteceunovale.com.br\\\/portal\\\/#website\",\"url\":\"https:\\\/\\\/aconteceunovale.com.br\\\/portal\\\/\",\"name\":\"Aconteceu no Vale\",\"description\":\"Portal de Not\u00edcias\",\"potentialAction\":[{\"@type\":\"SearchAction\",\"target\":{\"@type\":\"EntryPoint\",\"urlTemplate\":\"https:\\\/\\\/aconteceunovale.com.br\\\/portal\\\/?s={search_term_string}\"},\"query-input\":{\"@type\":\"PropertyValueSpecification\",\"valueRequired\":true,\"valueName\":\"search_term_string\"}}],\"inLanguage\":\"pt-BR\"},{\"@type\":\"Person\",\"@id\":\"https:\\\/\\\/aconteceunovale.com.br\\\/portal\\\/#\\\/schema\\\/person\\\/7d2f26d1483f8a63de73da1ee0754d35\",\"name\":\"Reda\u00e7\u00e3o Aconteceu no Vale\",\"description\":\"Equipe de reportagem do Aconteceu no Vale, portal de not\u00edcias do Vale do Jequitinhonha, em Minas Gerais. Cobrimos as 51 cidades do Vale desde 2013. Sugest\u00f5es de pauta e pedidos de corre\u00e7\u00e3o: contato@aconteceunovale.com.br\",\"url\":\"https:\\\/\\\/aconteceunovale.com.br\\\/portal\\\/?author=4\"}]}<\/script>\n<!-- \/ Yoast SEO plugin. -->","yoast_head_json":{"title":"S\u00e3o Paulo confirma dois casos de nova variante coronav\u00edrus - Aconteceu no Vale","robots":{"index":"index","follow":"follow","max-snippet":"max-snippet:-1","max-image-preview":"max-image-preview:large","max-video-preview":"max-video-preview:-1"},"canonical":"https:\/\/aconteceunovale.com.br\/portal\/?p=171854","og_locale":"pt_BR","og_type":"article","og_title":"S\u00e3o Paulo confirma dois casos de nova variante coronav\u00edrus - Aconteceu no Vale","og_description":"A variante do novo coronav\u00edrus, detectada inicialmente no Reino Unido, j\u00e1 est\u00e1 no Brasil. A confirma\u00e7\u00e3o foi feita na tarde de\u00a0nesta segunda-feira (4) pela Secretaria Estadual da Sa\u00fade de S\u00e3o Paulo, ap\u00f3s an\u00e1lise de amostras no Laborat\u00f3rio Estrat\u00e9gico do Instituto Adolfo Lutz. Dois casos foram confirmados em S\u00e3o Paulo. Uma das pessoas com resultado positivo [&hellip;]","og_url":"https:\/\/aconteceunovale.com.br\/portal\/?p=171854","og_site_name":"Aconteceu no Vale","article_publisher":"https:\/\/www.facebook.com\/aconteceunovale\/","article_published_time":"2021-01-05T03:21:25+00:00","article_modified_time":"2021-01-05T03:21:48+00:00","og_image":[{"width":601,"height":450,"url":"https:\/\/aconteceunovale.com.br\/portal\/wp-content\/uploads\/2020\/12\/nova_cepa_corona.jpg","type":"image\/jpeg"}],"author":"Reda\u00e7\u00e3o Aconteceu no Vale","twitter_card":"summary_large_image","twitter_creator":"@noticiadosvales","twitter_site":"@noticiadosvales","twitter_misc":{"Escrito por":"Reda\u00e7\u00e3o Aconteceu no Vale","Est. tempo de leitura":"2 minutos"},"schema":{"@context":"https:\/\/schema.org","@graph":[{"@type":"Article","@id":"https:\/\/aconteceunovale.com.br\/portal\/?p=171854#article","isPartOf":{"@id":"https:\/\/aconteceunovale.com.br\/portal\/?p=171854"},"author":{"name":"Reda\u00e7\u00e3o Aconteceu no Vale","@id":"https:\/\/aconteceunovale.com.br\/portal\/#\/schema\/person\/7d2f26d1483f8a63de73da1ee0754d35"},"headline":"S\u00e3o Paulo confirma dois casos de nova variante coronav\u00edrus","datePublished":"2021-01-05T03:21:25+00:00","dateModified":"2021-01-05T03:21:48+00:00","mainEntityOfPage":{"@id":"https:\/\/aconteceunovale.com.br\/portal\/?p=171854"},"wordCount":373,"commentCount":0,"image":{"@id":"https:\/\/aconteceunovale.com.br\/portal\/?p=171854#primaryimage"},"thumbnailUrl":"https:\/\/aconteceunovale.com.br\/portal\/wp-content\/uploads\/2020\/12\/nova_cepa_corona.jpg","keywords":["Argentina","Brasil fecha fronteiras a\u00e9reas com o Reino Unido e a Irlanda do Norte","Brasil pro\u00edbe voos do Reino Unido e da Irlanda do Norte","Buenos Aires","Chile","Col\u00f4mbia","Coronav\u00edrus","COVID-19","Fronteiras a\u00e9reas com o Reino Unido","Inglaterra","Irlanda do Norte","Ivan Duque","Nova cepa de coronav\u00edrus","Nova cepa de coronav\u00edrus no Brasil","Nova variante de coronav\u00edrus no Brasil","Nova variante de Covid-19 no Brasil","Nova variante do coronav\u00edrus","Novo tipo de coronav\u00edrus","Novo tipo de coronav\u00edrus no Brasil","OMS","Pa\u00edses da Am\u00e9rica Latina fecham fronteiras a\u00e9reas com o Reino Unido","pandemia","Pandemia do coronav\u00edrus","Peru","Portugal","Reino Unido","S\u00e3o Paulo confirma dois casos de nova variante coronav\u00edrus","Sars-Cov-2"],"articleSection":["Brasil","Sa\u00fade"],"inLanguage":"pt-BR","potentialAction":[{"@type":"CommentAction","name":"Comment","target":["https:\/\/aconteceunovale.com.br\/portal\/?p=171854#respond"]}]},{"@type":"WebPage","@id":"https:\/\/aconteceunovale.com.br\/portal\/?p=171854","url":"https:\/\/aconteceunovale.com.br\/portal\/?p=171854","name":"S\u00e3o Paulo confirma dois casos de nova variante coronav\u00edrus - Aconteceu no Vale","isPartOf":{"@id":"https:\/\/aconteceunovale.com.br\/portal\/#website"},"primaryImageOfPage":{"@id":"https:\/\/aconteceunovale.com.br\/portal\/?p=171854#primaryimage"},"image":{"@id":"https:\/\/aconteceunovale.com.br\/portal\/?p=171854#primaryimage"},"thumbnailUrl":"https:\/\/aconteceunovale.com.br\/portal\/wp-content\/uploads\/2020\/12\/nova_cepa_corona.jpg","datePublished":"2021-01-05T03:21:25+00:00","dateModified":"2021-01-05T03:21:48+00:00","author":{"@id":"https:\/\/aconteceunovale.com.br\/portal\/#\/schema\/person\/7d2f26d1483f8a63de73da1ee0754d35"},"breadcrumb":{"@id":"https:\/\/aconteceunovale.com.br\/portal\/?p=171854#breadcrumb"},"inLanguage":"pt-BR","potentialAction":[{"@type":"ReadAction","target":["https:\/\/aconteceunovale.com.br\/portal\/?p=171854"]}]},{"@type":"ImageObject","inLanguage":"pt-BR","@id":"https:\/\/aconteceunovale.com.br\/portal\/?p=171854#primaryimage","url":"https:\/\/aconteceunovale.com.br\/portal\/wp-content\/uploads\/2020\/12\/nova_cepa_corona.jpg","contentUrl":"https:\/\/aconteceunovale.com.br\/portal\/wp-content\/uploads\/2020\/12\/nova_cepa_corona.jpg","width":601,"height":450},{"@type":"BreadcrumbList","@id":"https:\/\/aconteceunovale.com.br\/portal\/?p=171854#breadcrumb","itemListElement":[{"@type":"ListItem","position":1,"name":"In\u00edcio","item":"https:\/\/aconteceunovale.com.br\/portal\/"},{"@type":"ListItem","position":2,"name":"S\u00e3o Paulo confirma dois casos de nova variante coronav\u00edrus"}]},{"@type":"WebSite","@id":"https:\/\/aconteceunovale.com.br\/portal\/#website","url":"https:\/\/aconteceunovale.com.br\/portal\/","name":"Aconteceu no Vale","description":"Portal de Not\u00edcias","potentialAction":[{"@type":"SearchAction","target":{"@type":"EntryPoint","urlTemplate":"https:\/\/aconteceunovale.com.br\/portal\/?s={search_term_string}"},"query-input":{"@type":"PropertyValueSpecification","valueRequired":true,"valueName":"search_term_string"}}],"inLanguage":"pt-BR"},{"@type":"Person","@id":"https:\/\/aconteceunovale.com.br\/portal\/#\/schema\/person\/7d2f26d1483f8a63de73da1ee0754d35","name":"Reda\u00e7\u00e3o Aconteceu no Vale","description":"Equipe de reportagem do Aconteceu no Vale, portal de not\u00edcias do Vale do Jequitinhonha, em Minas Gerais. Cobrimos as 51 cidades do Vale desde 2013. Sugest\u00f5es de pauta e pedidos de corre\u00e7\u00e3o: contato@aconteceunovale.com.br","url":"https:\/\/aconteceunovale.com.br\/portal\/?author=4"}]}},"_links":{"self":[{"href":"https:\/\/aconteceunovale.com.br\/portal\/index.php?rest_route=\/wp\/v2\/posts\/171854","targetHints":{"allow":["GET"]}}],"collection":[{"href":"https:\/\/aconteceunovale.com.br\/portal\/index.php?rest_route=\/wp\/v2\/posts"}],"about":[{"href":"https:\/\/aconteceunovale.com.br\/portal\/index.php?rest_route=\/wp\/v2\/types\/post"}],"author":[{"embeddable":true,"href":"https:\/\/aconteceunovale.com.br\/portal\/index.php?rest_route=\/wp\/v2\/users\/4"}],"replies":[{"embeddable":true,"href":"https:\/\/aconteceunovale.com.br\/portal\/index.php?rest_route=%2Fwp%2Fv2%2Fcomments&post=171854"}],"version-history":[{"count":1,"href":"https:\/\/aconteceunovale.com.br\/portal\/index.php?rest_route=\/wp\/v2\/posts\/171854\/revisions"}],"predecessor-version":[{"id":171855,"href":"https:\/\/aconteceunovale.com.br\/portal\/index.php?rest_route=\/wp\/v2\/posts\/171854\/revisions\/171855"}],"wp:featuredmedia":[{"embeddable":true,"href":"https:\/\/aconteceunovale.com.br\/portal\/index.php?rest_route=\/wp\/v2\/media\/171108"}],"wp:attachment":[{"href":"https:\/\/aconteceunovale.com.br\/portal\/index.php?rest_route=%2Fwp%2Fv2%2Fmedia&parent=171854"}],"wp:term":[{"taxonomy":"category","embeddable":true,"href":"https:\/\/aconteceunovale.com.br\/portal\/index.php?rest_route=%2Fwp%2Fv2%2Fcategories&post=171854"},{"taxonomy":"post_tag","embeddable":true,"href":"https:\/\/aconteceunovale.com.br\/portal\/index.php?rest_route=%2Fwp%2Fv2%2Ftags&post=171854"}],"curies":[{"name":"wp","href":"https:\/\/api.w.org\/{rel}","templated":true}]}}