{"id":171826,"date":"2021-01-04T13:54:41","date_gmt":"2021-01-04T16:54:41","guid":{"rendered":"https:\/\/aconteceunovale.com.br\/portal\/?p=171826"},"modified":"2021-01-04T13:58:04","modified_gmt":"2021-01-04T16:58:04","slug":"contran-autoriza-digitalizacao-de-documentos-de-registro","status":"publish","type":"post","link":"https:\/\/aconteceunovale.com.br\/portal\/?p=171826","title":{"rendered":"Contran autoriza digitaliza\u00e7\u00e3o de documentos de registro"},"content":{"rendered":"\n<p class=\"wp-block-paragraph\">A partir de hoje (4\/1\/2021) entra em vigor a resolu\u00e7\u00e3o emitida pelo Conselho Nacional de Tr\u00e2nsito (Contran) que autoriza a digitaliza\u00e7\u00e3o dos documentos de registro e de transfer\u00eancia de ve\u00edculos \u2013 no caso, o Certificado de Registro do Ve\u00edculo (CRV), o Certificado de Licenciamento Anual (CLA) e o comprovante de transfer\u00eancia de propriedade (antigo DUT).<img decoding=\"async\" src=\"https:\/\/agenciabrasil.ebc.com.br\/ebc.png?id=1397872&amp;o=node\"><img decoding=\"async\" src=\"https:\/\/agenciabrasil.ebc.com.br\/ebc.gif?id=1397872&amp;o=node\"><\/p>\n\n\n\n<p class=\"wp-block-paragraph\">\u201cO CRV e o CLA ser\u00e3o integrados ao Certificado de Registro e Licenciamento do Ve\u00edculo (CRLV-e) e o DUT se desvincula do CRV e se transforma na Autoriza\u00e7\u00e3o para Transfer\u00eancia de Propriedade do Ve\u00edculo (ATPV-e)\u201d, informa por meio de nota o Minist\u00e9rio da Infraestrutura.<\/p>\n\n\n\n<p class=\"wp-block-paragraph\">De acordo com a pasta, a medida vale para ve\u00edculos registrados a partir de hoje. Documentos expedidos antes disso, impressos em papel-moeda verde, continuar\u00e3o valendo.<\/p>\n\n\n\n<p class=\"wp-block-paragraph\">O CRLV-e estar\u00e1 dispon\u00edvel em formato digital, ap\u00f3s a quita\u00e7\u00e3o de todos os d\u00e9bitos, no aplicativo da Carteira Digital de Tr\u00e2nsito (CDT), pelo celular, no portal do Denatran ou por meio dos canais de atendimento dos Detrans.<\/p>\n\n\n\n<p class=\"wp-block-paragraph\">\u201cO propriet\u00e1rio tamb\u00e9m pode imprimir o documento em papel A4 comum, branco, que ter\u00e1 o QR Code de seguran\u00e7a, v\u00e1lido para fiscaliza\u00e7\u00e3o\u201d, complementa a nota ao ressaltar que o registro deve ser feito nos casos de compra de ve\u00edculo zero km; de compra ou venda de ve\u00edculo usado; de mudan\u00e7a de munic\u00edpio de domic\u00edlio ou resid\u00eancia do propriet\u00e1rio; e de mudan\u00e7a de categoria ou altera\u00e7\u00e3o de caracter\u00edstica do ve\u00edculo.<\/p>\n\n\n\n<h2 class=\"wp-block-heading\">Mudan\u00e7as<\/h2>\n\n\n\n<p class=\"wp-block-paragraph\">Para quem j\u00e1 possui o documento de registro e a autoriza\u00e7\u00e3o para transfer\u00eancia de propriedade (DUT) em papel-moeda (para ve\u00edculos registrados antes de 2021), as mudan\u00e7as n\u00e3o trar\u00e3o impactos pr\u00e1ticos.<\/p>\n\n\n\n<p class=\"wp-block-paragraph\">Nesse caso, quando o propriet\u00e1rio for vender o ve\u00edculo, dever\u00e1 seguir o mesmo procedimento atual, que \u00e9 de preencher o verso do documento com os dados do comprador, reconhecer firma no cart\u00f3rio e, por fim, ir ao Detran para efetivar a transfer\u00eancia.<\/p>\n\n\n\n<p class=\"wp-block-paragraph\">Segundo o Contran, os procedimentos mudar\u00e3o apenas no caso de ve\u00edculos registrados a partir do dia 4 de janeiro, com o Detran passando a expedir somente o CRLV-e em formato digital.<\/p>\n\n\n\n<p class=\"wp-block-paragraph\">\u201cA ATPV-e, que antes vinha em branco, no verso do documento, a partir de agora ser\u00e1 expedida somente quando o propriet\u00e1rio for vender o ve\u00edculo. Na ocasi\u00e3o, o propriet\u00e1rio solicita junto ao Detran, presencialmente ou por meio de algum canal de atendimento digital, a expedi\u00e7\u00e3o do documento de transfer\u00eancia, informando os dados do comprador. O Detran disponibiliza a ATPV-e preenchida e com o QR Code de seguran\u00e7a. A partir da\u00ed, o procedimento \u00e9 o mesmo de antes: reconhecimento de firma no cart\u00f3rio e efetiva\u00e7\u00e3o da transfer\u00eancia no Detran\u201d, detalha o Contran ao antecipar que, em breve, a transfer\u00eancia poder\u00e1 ser realizada totalmente em meio digital.<\/p>\n\n\n\n<p class=\"wp-block-paragraph\">A expectativa do \u00f3rg\u00e3o \u00e9 de que, at\u00e9 o fim do primeiro semestre, seja poss\u00edvel transferir a titularidade do ve\u00edculo por meio da CDT ou pelos portais do Denatran e do Detran onde o ve\u00edculo estiver registrado. Para isso, ser\u00e1 necess\u00e1rio que o antigo e o novo propriet\u00e1rios tenham algum tipo de assinatura digital v\u00e1lida.<\/p>\n\n\n\n<p class=\"has-white-color has-vivid-cyan-blue-background-color has-text-color has-background wp-block-paragraph\">Quer saber as not\u00edcias do <strong>Aconteceu no Vale<\/strong> em primeira m\u00e3o? Siga-nos no Facebook <a rel=\"noreferrer noopener\" href=\"http:\/\/facebook.com\/aconteceunovale\" target=\"_blank\">@aconteceunovale<\/a>, Twitter <a rel=\"noreferrer noopener\" href=\"https:\/\/twitter.com\/noticiadosvales\" target=\"_blank\">@noticiadosvales<\/a> e Instagram <a rel=\"noreferrer noopener\" href=\"https:\/\/www.instagram.com\/aconteceunovale\" target=\"_blank\">@aconteceunovale<\/a>.<\/p>\n","protected":false},"excerpt":{"rendered":"<p>A partir de hoje (4\/1\/2021) entra em vigor a resolu\u00e7\u00e3o emitida pelo Conselho Nacional de Tr\u00e2nsito (Contran) que autoriza a digitaliza\u00e7\u00e3o dos documentos de registro e de transfer\u00eancia de ve\u00edculos \u2013 no caso, o Certificado de Registro do Ve\u00edculo (CRV), o Certificado de Licenciamento Anual (CLA) e o comprovante de transfer\u00eancia de propriedade (antigo DUT). [&hellip;]<\/p>\n","protected":false},"author":4,"featured_media":171827,"comment_status":"open","ping_status":"closed","sticky":false,"template":"","format":"standard","meta":{"amp_status":"","footnotes":""},"categories":[6],"tags":[234098,234096,234095,234094,28934,25297,214105,189882,234091,234097,234092,234093],"class_list":["post-171826","post","type-post","status-publish","format-standard","has-post-thumbnail","hentry","category-br","tag-atpv-e","tag-certificado-de-licenciamento-anual","tag-certificado-de-registro-de-veiculo","tag-cla","tag-conselho-nacional-de-transito","tag-contran","tag-crlv-e","tag-crv","tag-digitalizacao-de-documentos-de-registro-de-carros","tag-dut","tag-registro-de-carros","tag-transferencia-de-veiculos"],"yoast_head":"<!-- This site is optimized with the Yoast SEO plugin v28.3 - https:\/\/yoast.com\/product\/yoast-seo-wordpress\/ -->\n<title>Contran autoriza digitaliza\u00e7\u00e3o de documentos de registro - Aconteceu no Vale<\/title>\n<meta name=\"robots\" content=\"index, follow, max-snippet:-1, max-image-preview:large, max-video-preview:-1\" \/>\n<link rel=\"canonical\" href=\"https:\/\/aconteceunovale.com.br\/portal\/?p=171826\" \/>\n<meta property=\"og:locale\" content=\"pt_BR\" \/>\n<meta property=\"og:type\" content=\"article\" \/>\n<meta property=\"og:title\" content=\"Contran autoriza digitaliza\u00e7\u00e3o de documentos de registro - Aconteceu no Vale\" \/>\n<meta property=\"og:description\" content=\"A partir de hoje (4\/1\/2021) entra em vigor a resolu\u00e7\u00e3o emitida pelo Conselho Nacional de Tr\u00e2nsito (Contran) que autoriza a digitaliza\u00e7\u00e3o dos documentos de registro e de transfer\u00eancia de ve\u00edculos \u2013 no caso, o Certificado de Registro do Ve\u00edculo (CRV), o Certificado de Licenciamento Anual (CLA) e o comprovante de transfer\u00eancia de propriedade (antigo DUT). [&hellip;]\" \/>\n<meta property=\"og:url\" content=\"https:\/\/aconteceunovale.com.br\/portal\/?p=171826\" \/>\n<meta property=\"og:site_name\" content=\"Aconteceu no Vale\" \/>\n<meta property=\"article:publisher\" content=\"https:\/\/www.facebook.com\/aconteceunovale\/\" \/>\n<meta property=\"article:published_time\" content=\"2021-01-04T16:54:41+00:00\" \/>\n<meta property=\"article:modified_time\" content=\"2021-01-04T16:58:04+00:00\" \/>\n<meta property=\"og:image\" content=\"https:\/\/aconteceunovale.com.br\/portal\/wp-content\/uploads\/2021\/01\/registro_veiculo.jpg\" \/>\n\t<meta property=\"og:image:width\" content=\"678\" \/>\n\t<meta property=\"og:image:height\" content=\"406\" \/>\n\t<meta property=\"og:image:type\" content=\"image\/jpeg\" \/>\n<meta name=\"author\" content=\"Reda\u00e7\u00e3o Aconteceu no Vale\" \/>\n<meta name=\"twitter:card\" content=\"summary_large_image\" \/>\n<meta name=\"twitter:creator\" content=\"@noticiadosvales\" \/>\n<meta name=\"twitter:site\" content=\"@noticiadosvales\" \/>\n<meta name=\"twitter:label1\" content=\"Escrito por\" \/>\n\t<meta name=\"twitter:data1\" content=\"Reda\u00e7\u00e3o Aconteceu no Vale\" \/>\n\t<meta name=\"twitter:label2\" content=\"Est. tempo de leitura\" \/>\n\t<meta name=\"twitter:data2\" content=\"3 minutos\" \/>\n<script type=\"application\/ld+json\" class=\"yoast-schema-graph\">{\"@context\":\"https:\\\/\\\/schema.org\",\"@graph\":[{\"@type\":\"Article\",\"@id\":\"https:\\\/\\\/aconteceunovale.com.br\\\/portal\\\/?p=171826#article\",\"isPartOf\":{\"@id\":\"https:\\\/\\\/aconteceunovale.com.br\\\/portal\\\/?p=171826\"},\"author\":{\"name\":\"Reda\u00e7\u00e3o Aconteceu no Vale\",\"@id\":\"https:\\\/\\\/aconteceunovale.com.br\\\/portal\\\/#\\\/schema\\\/person\\\/7d2f26d1483f8a63de73da1ee0754d35\"},\"headline\":\"Contran autoriza digitaliza\u00e7\u00e3o de documentos de registro\",\"datePublished\":\"2021-01-04T16:54:41+00:00\",\"dateModified\":\"2021-01-04T16:58:04+00:00\",\"mainEntityOfPage\":{\"@id\":\"https:\\\/\\\/aconteceunovale.com.br\\\/portal\\\/?p=171826\"},\"wordCount\":585,\"commentCount\":0,\"image\":{\"@id\":\"https:\\\/\\\/aconteceunovale.com.br\\\/portal\\\/?p=171826#primaryimage\"},\"thumbnailUrl\":\"https:\\\/\\\/aconteceunovale.com.br\\\/portal\\\/wp-content\\\/uploads\\\/2021\\\/01\\\/registro_veiculo.jpg\",\"keywords\":[\"ATPV-e\",\"Certificado de Licenciamento Anual\",\"Certificado de Registro de Ve\u00edculo\",\"CLA\",\"Conselho Nacional de Tr\u00e2nsito\",\"Contran\",\"CRLV-e\",\"CRV\",\"Digitaliza\u00e7\u00e3o de documentos de registro de carros\",\"DUT\",\"Registro de carros\",\"Transfer\u00eancia de ve\u00edculos\"],\"articleSection\":[\"Brasil\"],\"inLanguage\":\"pt-BR\",\"potentialAction\":[{\"@type\":\"CommentAction\",\"name\":\"Comment\",\"target\":[\"https:\\\/\\\/aconteceunovale.com.br\\\/portal\\\/?p=171826#respond\"]}]},{\"@type\":\"WebPage\",\"@id\":\"https:\\\/\\\/aconteceunovale.com.br\\\/portal\\\/?p=171826\",\"url\":\"https:\\\/\\\/aconteceunovale.com.br\\\/portal\\\/?p=171826\",\"name\":\"Contran autoriza digitaliza\u00e7\u00e3o de documentos de registro - Aconteceu no Vale\",\"isPartOf\":{\"@id\":\"https:\\\/\\\/aconteceunovale.com.br\\\/portal\\\/#website\"},\"primaryImageOfPage\":{\"@id\":\"https:\\\/\\\/aconteceunovale.com.br\\\/portal\\\/?p=171826#primaryimage\"},\"image\":{\"@id\":\"https:\\\/\\\/aconteceunovale.com.br\\\/portal\\\/?p=171826#primaryimage\"},\"thumbnailUrl\":\"https:\\\/\\\/aconteceunovale.com.br\\\/portal\\\/wp-content\\\/uploads\\\/2021\\\/01\\\/registro_veiculo.jpg\",\"datePublished\":\"2021-01-04T16:54:41+00:00\",\"dateModified\":\"2021-01-04T16:58:04+00:00\",\"author\":{\"@id\":\"https:\\\/\\\/aconteceunovale.com.br\\\/portal\\\/#\\\/schema\\\/person\\\/7d2f26d1483f8a63de73da1ee0754d35\"},\"breadcrumb\":{\"@id\":\"https:\\\/\\\/aconteceunovale.com.br\\\/portal\\\/?p=171826#breadcrumb\"},\"inLanguage\":\"pt-BR\",\"potentialAction\":[{\"@type\":\"ReadAction\",\"target\":[\"https:\\\/\\\/aconteceunovale.com.br\\\/portal\\\/?p=171826\"]}]},{\"@type\":\"ImageObject\",\"inLanguage\":\"pt-BR\",\"@id\":\"https:\\\/\\\/aconteceunovale.com.br\\\/portal\\\/?p=171826#primaryimage\",\"url\":\"https:\\\/\\\/aconteceunovale.com.br\\\/portal\\\/wp-content\\\/uploads\\\/2021\\\/01\\\/registro_veiculo.jpg\",\"contentUrl\":\"https:\\\/\\\/aconteceunovale.com.br\\\/portal\\\/wp-content\\\/uploads\\\/2021\\\/01\\\/registro_veiculo.jpg\",\"width\":678,\"height\":406},{\"@type\":\"BreadcrumbList\",\"@id\":\"https:\\\/\\\/aconteceunovale.com.br\\\/portal\\\/?p=171826#breadcrumb\",\"itemListElement\":[{\"@type\":\"ListItem\",\"position\":1,\"name\":\"In\u00edcio\",\"item\":\"https:\\\/\\\/aconteceunovale.com.br\\\/portal\\\/\"},{\"@type\":\"ListItem\",\"position\":2,\"name\":\"Contran autoriza digitaliza\u00e7\u00e3o de documentos de registro\"}]},{\"@type\":\"WebSite\",\"@id\":\"https:\\\/\\\/aconteceunovale.com.br\\\/portal\\\/#website\",\"url\":\"https:\\\/\\\/aconteceunovale.com.br\\\/portal\\\/\",\"name\":\"Aconteceu no Vale\",\"description\":\"Portal de Not\u00edcias\",\"potentialAction\":[{\"@type\":\"SearchAction\",\"target\":{\"@type\":\"EntryPoint\",\"urlTemplate\":\"https:\\\/\\\/aconteceunovale.com.br\\\/portal\\\/?s={search_term_string}\"},\"query-input\":{\"@type\":\"PropertyValueSpecification\",\"valueRequired\":true,\"valueName\":\"search_term_string\"}}],\"inLanguage\":\"pt-BR\"},{\"@type\":\"Person\",\"@id\":\"https:\\\/\\\/aconteceunovale.com.br\\\/portal\\\/#\\\/schema\\\/person\\\/7d2f26d1483f8a63de73da1ee0754d35\",\"name\":\"Reda\u00e7\u00e3o Aconteceu no Vale\",\"description\":\"Equipe de reportagem do Aconteceu no Vale, portal de not\u00edcias do Vale do Jequitinhonha, em Minas Gerais. Cobrimos as 51 cidades do Vale desde 2013. Sugest\u00f5es de pauta e pedidos de corre\u00e7\u00e3o: contato@aconteceunovale.com.br\",\"url\":\"https:\\\/\\\/aconteceunovale.com.br\\\/portal\\\/?author=4\"}]}<\/script>\n<!-- \/ Yoast SEO plugin. -->","yoast_head_json":{"title":"Contran autoriza digitaliza\u00e7\u00e3o de documentos de registro - Aconteceu no Vale","robots":{"index":"index","follow":"follow","max-snippet":"max-snippet:-1","max-image-preview":"max-image-preview:large","max-video-preview":"max-video-preview:-1"},"canonical":"https:\/\/aconteceunovale.com.br\/portal\/?p=171826","og_locale":"pt_BR","og_type":"article","og_title":"Contran autoriza digitaliza\u00e7\u00e3o de documentos de registro - Aconteceu no Vale","og_description":"A partir de hoje (4\/1\/2021) entra em vigor a resolu\u00e7\u00e3o emitida pelo Conselho Nacional de Tr\u00e2nsito (Contran) que autoriza a digitaliza\u00e7\u00e3o dos documentos de registro e de transfer\u00eancia de ve\u00edculos \u2013 no caso, o Certificado de Registro do Ve\u00edculo (CRV), o Certificado de Licenciamento Anual (CLA) e o comprovante de transfer\u00eancia de propriedade (antigo DUT). [&hellip;]","og_url":"https:\/\/aconteceunovale.com.br\/portal\/?p=171826","og_site_name":"Aconteceu no Vale","article_publisher":"https:\/\/www.facebook.com\/aconteceunovale\/","article_published_time":"2021-01-04T16:54:41+00:00","article_modified_time":"2021-01-04T16:58:04+00:00","og_image":[{"width":678,"height":406,"url":"https:\/\/aconteceunovale.com.br\/portal\/wp-content\/uploads\/2021\/01\/registro_veiculo.jpg","type":"image\/jpeg"}],"author":"Reda\u00e7\u00e3o Aconteceu no Vale","twitter_card":"summary_large_image","twitter_creator":"@noticiadosvales","twitter_site":"@noticiadosvales","twitter_misc":{"Escrito por":"Reda\u00e7\u00e3o Aconteceu no Vale","Est. tempo de leitura":"3 minutos"},"schema":{"@context":"https:\/\/schema.org","@graph":[{"@type":"Article","@id":"https:\/\/aconteceunovale.com.br\/portal\/?p=171826#article","isPartOf":{"@id":"https:\/\/aconteceunovale.com.br\/portal\/?p=171826"},"author":{"name":"Reda\u00e7\u00e3o Aconteceu no Vale","@id":"https:\/\/aconteceunovale.com.br\/portal\/#\/schema\/person\/7d2f26d1483f8a63de73da1ee0754d35"},"headline":"Contran autoriza digitaliza\u00e7\u00e3o de documentos de registro","datePublished":"2021-01-04T16:54:41+00:00","dateModified":"2021-01-04T16:58:04+00:00","mainEntityOfPage":{"@id":"https:\/\/aconteceunovale.com.br\/portal\/?p=171826"},"wordCount":585,"commentCount":0,"image":{"@id":"https:\/\/aconteceunovale.com.br\/portal\/?p=171826#primaryimage"},"thumbnailUrl":"https:\/\/aconteceunovale.com.br\/portal\/wp-content\/uploads\/2021\/01\/registro_veiculo.jpg","keywords":["ATPV-e","Certificado de Licenciamento Anual","Certificado de Registro de Ve\u00edculo","CLA","Conselho Nacional de Tr\u00e2nsito","Contran","CRLV-e","CRV","Digitaliza\u00e7\u00e3o de documentos de registro de carros","DUT","Registro de carros","Transfer\u00eancia de ve\u00edculos"],"articleSection":["Brasil"],"inLanguage":"pt-BR","potentialAction":[{"@type":"CommentAction","name":"Comment","target":["https:\/\/aconteceunovale.com.br\/portal\/?p=171826#respond"]}]},{"@type":"WebPage","@id":"https:\/\/aconteceunovale.com.br\/portal\/?p=171826","url":"https:\/\/aconteceunovale.com.br\/portal\/?p=171826","name":"Contran autoriza digitaliza\u00e7\u00e3o de documentos de registro - Aconteceu no Vale","isPartOf":{"@id":"https:\/\/aconteceunovale.com.br\/portal\/#website"},"primaryImageOfPage":{"@id":"https:\/\/aconteceunovale.com.br\/portal\/?p=171826#primaryimage"},"image":{"@id":"https:\/\/aconteceunovale.com.br\/portal\/?p=171826#primaryimage"},"thumbnailUrl":"https:\/\/aconteceunovale.com.br\/portal\/wp-content\/uploads\/2021\/01\/registro_veiculo.jpg","datePublished":"2021-01-04T16:54:41+00:00","dateModified":"2021-01-04T16:58:04+00:00","author":{"@id":"https:\/\/aconteceunovale.com.br\/portal\/#\/schema\/person\/7d2f26d1483f8a63de73da1ee0754d35"},"breadcrumb":{"@id":"https:\/\/aconteceunovale.com.br\/portal\/?p=171826#breadcrumb"},"inLanguage":"pt-BR","potentialAction":[{"@type":"ReadAction","target":["https:\/\/aconteceunovale.com.br\/portal\/?p=171826"]}]},{"@type":"ImageObject","inLanguage":"pt-BR","@id":"https:\/\/aconteceunovale.com.br\/portal\/?p=171826#primaryimage","url":"https:\/\/aconteceunovale.com.br\/portal\/wp-content\/uploads\/2021\/01\/registro_veiculo.jpg","contentUrl":"https:\/\/aconteceunovale.com.br\/portal\/wp-content\/uploads\/2021\/01\/registro_veiculo.jpg","width":678,"height":406},{"@type":"BreadcrumbList","@id":"https:\/\/aconteceunovale.com.br\/portal\/?p=171826#breadcrumb","itemListElement":[{"@type":"ListItem","position":1,"name":"In\u00edcio","item":"https:\/\/aconteceunovale.com.br\/portal\/"},{"@type":"ListItem","position":2,"name":"Contran autoriza digitaliza\u00e7\u00e3o de documentos de registro"}]},{"@type":"WebSite","@id":"https:\/\/aconteceunovale.com.br\/portal\/#website","url":"https:\/\/aconteceunovale.com.br\/portal\/","name":"Aconteceu no Vale","description":"Portal de Not\u00edcias","potentialAction":[{"@type":"SearchAction","target":{"@type":"EntryPoint","urlTemplate":"https:\/\/aconteceunovale.com.br\/portal\/?s={search_term_string}"},"query-input":{"@type":"PropertyValueSpecification","valueRequired":true,"valueName":"search_term_string"}}],"inLanguage":"pt-BR"},{"@type":"Person","@id":"https:\/\/aconteceunovale.com.br\/portal\/#\/schema\/person\/7d2f26d1483f8a63de73da1ee0754d35","name":"Reda\u00e7\u00e3o Aconteceu no Vale","description":"Equipe de reportagem do Aconteceu no Vale, portal de not\u00edcias do Vale do Jequitinhonha, em Minas Gerais. Cobrimos as 51 cidades do Vale desde 2013. Sugest\u00f5es de pauta e pedidos de corre\u00e7\u00e3o: contato@aconteceunovale.com.br","url":"https:\/\/aconteceunovale.com.br\/portal\/?author=4"}]}},"_links":{"self":[{"href":"https:\/\/aconteceunovale.com.br\/portal\/index.php?rest_route=\/wp\/v2\/posts\/171826","targetHints":{"allow":["GET"]}}],"collection":[{"href":"https:\/\/aconteceunovale.com.br\/portal\/index.php?rest_route=\/wp\/v2\/posts"}],"about":[{"href":"https:\/\/aconteceunovale.com.br\/portal\/index.php?rest_route=\/wp\/v2\/types\/post"}],"author":[{"embeddable":true,"href":"https:\/\/aconteceunovale.com.br\/portal\/index.php?rest_route=\/wp\/v2\/users\/4"}],"replies":[{"embeddable":true,"href":"https:\/\/aconteceunovale.com.br\/portal\/index.php?rest_route=%2Fwp%2Fv2%2Fcomments&post=171826"}],"version-history":[{"count":1,"href":"https:\/\/aconteceunovale.com.br\/portal\/index.php?rest_route=\/wp\/v2\/posts\/171826\/revisions"}],"predecessor-version":[{"id":171828,"href":"https:\/\/aconteceunovale.com.br\/portal\/index.php?rest_route=\/wp\/v2\/posts\/171826\/revisions\/171828"}],"wp:featuredmedia":[{"embeddable":true,"href":"https:\/\/aconteceunovale.com.br\/portal\/index.php?rest_route=\/wp\/v2\/media\/171827"}],"wp:attachment":[{"href":"https:\/\/aconteceunovale.com.br\/portal\/index.php?rest_route=%2Fwp%2Fv2%2Fmedia&parent=171826"}],"wp:term":[{"taxonomy":"category","embeddable":true,"href":"https:\/\/aconteceunovale.com.br\/portal\/index.php?rest_route=%2Fwp%2Fv2%2Fcategories&post=171826"},{"taxonomy":"post_tag","embeddable":true,"href":"https:\/\/aconteceunovale.com.br\/portal\/index.php?rest_route=%2Fwp%2Fv2%2Ftags&post=171826"}],"curies":[{"name":"wp","href":"https:\/\/api.w.org\/{rel}","templated":true}]}}