{"id":171814,"date":"2021-01-04T07:44:50","date_gmt":"2021-01-04T10:44:50","guid":{"rendered":"https:\/\/aconteceunovale.com.br\/portal\/?p=171814"},"modified":"2021-01-04T07:45:04","modified_gmt":"2021-01-04T10:45:04","slug":"dia-mundial-do-braile-chama-atencao-para-inclusao-na-escrita-e-leitura","status":"publish","type":"post","link":"https:\/\/aconteceunovale.com.br\/portal\/?p=171814","title":{"rendered":"Dia Mundial do Braile chama aten\u00e7\u00e3o para inclus\u00e3o na escrita e leitura"},"content":{"rendered":"\n<p class=\"wp-block-paragraph\">O Dia Mundial do Braile \u00e9 comemorado&nbsp;hoje&nbsp;(4). A data foi institu\u00edda para chamar a aten\u00e7\u00e3o da sociedade sobre a import\u00e2ncia de assegurar formas de inclus\u00e3o de deficientes visuais tamb\u00e9m na escrita e no acesso a livros.&nbsp;<img decoding=\"async\" src=\"https:\/\/agenciabrasil.ebc.com.br\/ebc.png?id=1397854&amp;o=node\"><img decoding=\"async\" src=\"https:\/\/agenciabrasil.ebc.com.br\/ebc.gif?id=1397854&amp;o=node\"><\/p>\n\n\n\n<p class=\"wp-block-paragraph\">Os dados oficiais mais recentes sobre a presen\u00e7a de deficientes visuais no Brasil s\u00e3o do Censo de 2010. Segundo o levantamento, cerca de 24% da popula\u00e7\u00e3o tinham algum tipo de defici\u00eancia naquele momento, o que correspondia a 46 milh\u00f5es de brasileiros.&nbsp;&nbsp;<\/p>\n\n\n\n<p class=\"wp-block-paragraph\">A visual \u00e9 a modalidade mais comum. Se consideradas pessoas com qualquer tipo de dificuldade, o n\u00famero de cidad\u00e3os com algum grau de problema para enxergar chega a quase 20%.&nbsp;<\/p>\n\n\n\n<p class=\"wp-block-paragraph\">Se considerados aqueles que n\u00e3o conseguem ver de forma alguma ou que t\u00eam grande dificuldade, o \u00edndice cai para 3,4%, o equivalente a 6,5 milh\u00f5es de pessoas. Desse total, 582,6 mil\u00a0s\u00e3o incapazes de enxergar.\u00a0<\/p>\n\n\n\n<figure class=\"wp-block-gallery columns-1 is-cropped wp-block-gallery-1 is-layout-flex wp-block-gallery-is-layout-flex\"><ul class=\"blocks-gallery-grid\"><li class=\"blocks-gallery-item\"><figure><img loading=\"lazy\" decoding=\"async\" width=\"678\" height=\"406\" src=\"https:\/\/aconteceunovale.com.br\/portal\/wp-content\/uploads\/2021\/01\/dia_do_braile.jpg\" alt=\"\" data-id=\"171815\" data-full-url=\"https:\/\/aconteceunovale.com.br\/portal\/wp-content\/uploads\/2021\/01\/dia_do_braile.jpg\" data-link=\"https:\/\/aconteceunovale.com.br\/portal\/?attachment_id=171815\" class=\"wp-image-171815\" srcset=\"https:\/\/aconteceunovale.com.br\/portal\/wp-content\/uploads\/2021\/01\/dia_do_braile.jpg 678w, https:\/\/aconteceunovale.com.br\/portal\/wp-content\/uploads\/2021\/01\/dia_do_braile-300x180.jpg 300w\" sizes=\"auto, (max-width: 678px) 100vw, 678px\" \/><figcaption class=\"blocks-gallery-item__caption\"><em>Foto: Marcello Casal Jr.\/Ag\u00eancia Brasil<\/em><\/figcaption><\/figure><\/li><\/ul><\/figure>\n\n\n\n<p class=\"wp-block-paragraph\">De acordo com o Relat\u00f3rio Mundial sobre Vis\u00e3o 2019, da Organiza\u00e7\u00e3o Mundial da Sa\u00fade (OMS), 2,2 bilh\u00f5es de pessoas t\u00eam algum tipo de defici\u00eancia visual, sendo 1 bilh\u00e3o com uma condi\u00e7\u00e3o que poderia ser prevenida ou tratada.<\/p>\n\n\n\n<p class=\"wp-block-paragraph\">Ainda conforme a OMS, a incid\u00eancia de defici\u00eancia visual \u00e9 quatro vezes maior em pa\u00edses de rendas baixa e m\u00e9dia do que nas na\u00e7\u00f5es mais ricas.&nbsp; &nbsp;<\/p>\n\n\n\n<p class=\"wp-block-paragraph\">O Sistema Braile \u00e9 uma alternativa para que pessoas enquadradas nessas situa\u00e7\u00f5es possam entrar em&nbsp;contato com a leitura. Assim, o m\u00e9todo contribui para a inclus\u00e3o em uma das principais formas de registro e aquisi\u00e7\u00e3o de conhecimento, a escrita.&nbsp;<\/p>\n\n\n\n<p class=\"wp-block-paragraph\">O Sistema Braile foi criado pelo franc\u00eas Louis Braille, em 1925. Cego ap\u00f3s um acidente na oficina do pai, adaptou m\u00e9todos utilizados por soldados franceses para comunica\u00e7\u00e3o noturna. A vers\u00e3o final foi apresentada por ele em 1837.&nbsp;<\/p>\n\n\n\n<p class=\"wp-block-paragraph\">O sistema \u00e9 baseado em pontos com relevo em pap\u00e9is, que s\u00e3o apreendidos por meio do contato com a ponta dos dedos. Por meio da combina\u00e7\u00e3o de seis pontos, \u00e9 poss\u00edvel fazer at\u00e9 63 caracteres diferentes.&nbsp;<\/p>\n\n\n\n<p class=\"wp-block-paragraph\">Segundo a Uni\u00e3o Mundial de Cegos, apenas 5% dos livros em todo o mundo s\u00e3o transcritos para o Braile. Em pa\u00edses mais pobres, esse percentual cai para 1%.<\/p>\n\n\n\n<p class=\"has-white-color has-vivid-cyan-blue-background-color has-text-color has-background wp-block-paragraph\">Quer saber as not\u00edcias do <strong>Aconteceu no Vale<\/strong> em primeira m\u00e3o? Siga-nos no Facebook <a rel=\"noreferrer noopener\" href=\"http:\/\/facebook.com\/aconteceunovale\" target=\"_blank\">@aconteceunovale<\/a>, Twitter <a rel=\"noreferrer noopener\" href=\"https:\/\/twitter.com\/noticiadosvales\" target=\"_blank\">@noticiadosvales<\/a> e Instagram <a rel=\"noreferrer noopener\" href=\"https:\/\/www.instagram.com\/aconteceunovale\" target=\"_blank\">@aconteceunovale<\/a>.<\/p>\n","protected":false},"excerpt":{"rendered":"<p>O Dia Mundial do Braile \u00e9 comemorado&nbsp;hoje&nbsp;(4). A data foi institu\u00edda para chamar a aten\u00e7\u00e3o da sociedade sobre a import\u00e2ncia de assegurar formas de inclus\u00e3o de deficientes visuais tamb\u00e9m na escrita e no acesso a livros.&nbsp; Os dados oficiais mais recentes sobre a presen\u00e7a de deficientes visuais no Brasil s\u00e3o do Censo de 2010. Segundo [&hellip;]<\/p>\n","protected":false},"author":4,"featured_media":171815,"comment_status":"open","ping_status":"closed","sticky":false,"template":"","format":"standard","meta":{"amp_status":"","footnotes":""},"categories":[28848],"tags":[234074,234073,234077,234075,234076,234078,23476],"class_list":["post-171814","post","type-post","status-publish","format-standard","has-post-thumbnail","hentry","category-mundo","tag-braile","tag-dia-mundial-do-braile","tag-inclusao-de-deficientes-visuais","tag-inclusao-na-escrita","tag-inclusao-na-leitura","tag-louis-braille","tag-oms"],"yoast_head":"<!-- This site is optimized with the Yoast SEO plugin v28.3 - https:\/\/yoast.com\/product\/yoast-seo-wordpress\/ -->\n<title>Dia Mundial do Braile chama aten\u00e7\u00e3o para inclus\u00e3o na escrita e leitura - Aconteceu no Vale<\/title>\n<meta name=\"robots\" content=\"index, follow, max-snippet:-1, max-image-preview:large, max-video-preview:-1\" \/>\n<link rel=\"canonical\" href=\"https:\/\/aconteceunovale.com.br\/portal\/?p=171814\" \/>\n<meta property=\"og:locale\" content=\"pt_BR\" \/>\n<meta property=\"og:type\" content=\"article\" \/>\n<meta property=\"og:title\" content=\"Dia Mundial do Braile chama aten\u00e7\u00e3o para inclus\u00e3o na escrita e leitura - Aconteceu no Vale\" \/>\n<meta property=\"og:description\" content=\"O Dia Mundial do Braile \u00e9 comemorado&nbsp;hoje&nbsp;(4). A data foi institu\u00edda para chamar a aten\u00e7\u00e3o da sociedade sobre a import\u00e2ncia de assegurar formas de inclus\u00e3o de deficientes visuais tamb\u00e9m na escrita e no acesso a livros.&nbsp; Os dados oficiais mais recentes sobre a presen\u00e7a de deficientes visuais no Brasil s\u00e3o do Censo de 2010. Segundo [&hellip;]\" \/>\n<meta property=\"og:url\" content=\"https:\/\/aconteceunovale.com.br\/portal\/?p=171814\" \/>\n<meta property=\"og:site_name\" content=\"Aconteceu no Vale\" \/>\n<meta property=\"article:publisher\" content=\"https:\/\/www.facebook.com\/aconteceunovale\/\" \/>\n<meta property=\"article:published_time\" content=\"2021-01-04T10:44:50+00:00\" \/>\n<meta property=\"article:modified_time\" content=\"2021-01-04T10:45:04+00:00\" \/>\n<meta property=\"og:image\" content=\"https:\/\/aconteceunovale.com.br\/portal\/wp-content\/uploads\/2021\/01\/dia_do_braile.jpg\" \/>\n\t<meta property=\"og:image:width\" content=\"678\" \/>\n\t<meta property=\"og:image:height\" content=\"406\" \/>\n\t<meta property=\"og:image:type\" content=\"image\/jpeg\" \/>\n<meta name=\"author\" content=\"Reda\u00e7\u00e3o Aconteceu no Vale\" \/>\n<meta name=\"twitter:card\" content=\"summary_large_image\" \/>\n<meta name=\"twitter:creator\" content=\"@noticiadosvales\" \/>\n<meta name=\"twitter:site\" content=\"@noticiadosvales\" \/>\n<meta name=\"twitter:label1\" content=\"Escrito por\" \/>\n\t<meta name=\"twitter:data1\" content=\"Reda\u00e7\u00e3o Aconteceu no Vale\" \/>\n\t<meta name=\"twitter:label2\" content=\"Est. tempo de leitura\" \/>\n\t<meta name=\"twitter:data2\" content=\"2 minutos\" \/>\n<script type=\"application\/ld+json\" class=\"yoast-schema-graph\">{\"@context\":\"https:\\\/\\\/schema.org\",\"@graph\":[{\"@type\":\"Article\",\"@id\":\"https:\\\/\\\/aconteceunovale.com.br\\\/portal\\\/?p=171814#article\",\"isPartOf\":{\"@id\":\"https:\\\/\\\/aconteceunovale.com.br\\\/portal\\\/?p=171814\"},\"author\":{\"name\":\"Reda\u00e7\u00e3o Aconteceu no Vale\",\"@id\":\"https:\\\/\\\/aconteceunovale.com.br\\\/portal\\\/#\\\/schema\\\/person\\\/7d2f26d1483f8a63de73da1ee0754d35\"},\"headline\":\"Dia Mundial do Braile chama aten\u00e7\u00e3o para inclus\u00e3o na escrita e leitura\",\"datePublished\":\"2021-01-04T10:44:50+00:00\",\"dateModified\":\"2021-01-04T10:45:04+00:00\",\"mainEntityOfPage\":{\"@id\":\"https:\\\/\\\/aconteceunovale.com.br\\\/portal\\\/?p=171814\"},\"wordCount\":426,\"commentCount\":0,\"image\":{\"@id\":\"https:\\\/\\\/aconteceunovale.com.br\\\/portal\\\/?p=171814#primaryimage\"},\"thumbnailUrl\":\"https:\\\/\\\/aconteceunovale.com.br\\\/portal\\\/wp-content\\\/uploads\\\/2021\\\/01\\\/dia_do_braile.jpg\",\"keywords\":[\"Braile\",\"Dia Mundial do Braile\",\"Inclus\u00e3o de deficientes visuais\",\"Inclus\u00e3o na escrita\",\"Inclus\u00e3o na leitura\",\"Louis Braille\",\"OMS\"],\"articleSection\":[\"Mundo\"],\"inLanguage\":\"pt-BR\",\"potentialAction\":[{\"@type\":\"CommentAction\",\"name\":\"Comment\",\"target\":[\"https:\\\/\\\/aconteceunovale.com.br\\\/portal\\\/?p=171814#respond\"]}]},{\"@type\":\"WebPage\",\"@id\":\"https:\\\/\\\/aconteceunovale.com.br\\\/portal\\\/?p=171814\",\"url\":\"https:\\\/\\\/aconteceunovale.com.br\\\/portal\\\/?p=171814\",\"name\":\"Dia Mundial do Braile chama aten\u00e7\u00e3o para inclus\u00e3o na escrita e leitura - Aconteceu no Vale\",\"isPartOf\":{\"@id\":\"https:\\\/\\\/aconteceunovale.com.br\\\/portal\\\/#website\"},\"primaryImageOfPage\":{\"@id\":\"https:\\\/\\\/aconteceunovale.com.br\\\/portal\\\/?p=171814#primaryimage\"},\"image\":{\"@id\":\"https:\\\/\\\/aconteceunovale.com.br\\\/portal\\\/?p=171814#primaryimage\"},\"thumbnailUrl\":\"https:\\\/\\\/aconteceunovale.com.br\\\/portal\\\/wp-content\\\/uploads\\\/2021\\\/01\\\/dia_do_braile.jpg\",\"datePublished\":\"2021-01-04T10:44:50+00:00\",\"dateModified\":\"2021-01-04T10:45:04+00:00\",\"author\":{\"@id\":\"https:\\\/\\\/aconteceunovale.com.br\\\/portal\\\/#\\\/schema\\\/person\\\/7d2f26d1483f8a63de73da1ee0754d35\"},\"breadcrumb\":{\"@id\":\"https:\\\/\\\/aconteceunovale.com.br\\\/portal\\\/?p=171814#breadcrumb\"},\"inLanguage\":\"pt-BR\",\"potentialAction\":[{\"@type\":\"ReadAction\",\"target\":[\"https:\\\/\\\/aconteceunovale.com.br\\\/portal\\\/?p=171814\"]}]},{\"@type\":\"ImageObject\",\"inLanguage\":\"pt-BR\",\"@id\":\"https:\\\/\\\/aconteceunovale.com.br\\\/portal\\\/?p=171814#primaryimage\",\"url\":\"https:\\\/\\\/aconteceunovale.com.br\\\/portal\\\/wp-content\\\/uploads\\\/2021\\\/01\\\/dia_do_braile.jpg\",\"contentUrl\":\"https:\\\/\\\/aconteceunovale.com.br\\\/portal\\\/wp-content\\\/uploads\\\/2021\\\/01\\\/dia_do_braile.jpg\",\"width\":678,\"height\":406},{\"@type\":\"BreadcrumbList\",\"@id\":\"https:\\\/\\\/aconteceunovale.com.br\\\/portal\\\/?p=171814#breadcrumb\",\"itemListElement\":[{\"@type\":\"ListItem\",\"position\":1,\"name\":\"In\u00edcio\",\"item\":\"https:\\\/\\\/aconteceunovale.com.br\\\/portal\\\/\"},{\"@type\":\"ListItem\",\"position\":2,\"name\":\"Dia Mundial do Braile chama aten\u00e7\u00e3o para inclus\u00e3o na escrita e leitura\"}]},{\"@type\":\"WebSite\",\"@id\":\"https:\\\/\\\/aconteceunovale.com.br\\\/portal\\\/#website\",\"url\":\"https:\\\/\\\/aconteceunovale.com.br\\\/portal\\\/\",\"name\":\"Aconteceu no Vale\",\"description\":\"Portal de Not\u00edcias\",\"potentialAction\":[{\"@type\":\"SearchAction\",\"target\":{\"@type\":\"EntryPoint\",\"urlTemplate\":\"https:\\\/\\\/aconteceunovale.com.br\\\/portal\\\/?s={search_term_string}\"},\"query-input\":{\"@type\":\"PropertyValueSpecification\",\"valueRequired\":true,\"valueName\":\"search_term_string\"}}],\"inLanguage\":\"pt-BR\"},{\"@type\":\"Person\",\"@id\":\"https:\\\/\\\/aconteceunovale.com.br\\\/portal\\\/#\\\/schema\\\/person\\\/7d2f26d1483f8a63de73da1ee0754d35\",\"name\":\"Reda\u00e7\u00e3o Aconteceu no Vale\",\"description\":\"Equipe de reportagem do Aconteceu no Vale, portal de not\u00edcias do Vale do Jequitinhonha, em Minas Gerais. Cobrimos as 51 cidades do Vale desde 2013. Sugest\u00f5es de pauta e pedidos de corre\u00e7\u00e3o: contato@aconteceunovale.com.br\",\"url\":\"https:\\\/\\\/aconteceunovale.com.br\\\/portal\\\/?author=4\"}]}<\/script>\n<!-- \/ Yoast SEO plugin. -->","yoast_head_json":{"title":"Dia Mundial do Braile chama aten\u00e7\u00e3o para inclus\u00e3o na escrita e leitura - Aconteceu no Vale","robots":{"index":"index","follow":"follow","max-snippet":"max-snippet:-1","max-image-preview":"max-image-preview:large","max-video-preview":"max-video-preview:-1"},"canonical":"https:\/\/aconteceunovale.com.br\/portal\/?p=171814","og_locale":"pt_BR","og_type":"article","og_title":"Dia Mundial do Braile chama aten\u00e7\u00e3o para inclus\u00e3o na escrita e leitura - Aconteceu no Vale","og_description":"O Dia Mundial do Braile \u00e9 comemorado&nbsp;hoje&nbsp;(4). A data foi institu\u00edda para chamar a aten\u00e7\u00e3o da sociedade sobre a import\u00e2ncia de assegurar formas de inclus\u00e3o de deficientes visuais tamb\u00e9m na escrita e no acesso a livros.&nbsp; Os dados oficiais mais recentes sobre a presen\u00e7a de deficientes visuais no Brasil s\u00e3o do Censo de 2010. Segundo [&hellip;]","og_url":"https:\/\/aconteceunovale.com.br\/portal\/?p=171814","og_site_name":"Aconteceu no Vale","article_publisher":"https:\/\/www.facebook.com\/aconteceunovale\/","article_published_time":"2021-01-04T10:44:50+00:00","article_modified_time":"2021-01-04T10:45:04+00:00","og_image":[{"width":678,"height":406,"url":"https:\/\/aconteceunovale.com.br\/portal\/wp-content\/uploads\/2021\/01\/dia_do_braile.jpg","type":"image\/jpeg"}],"author":"Reda\u00e7\u00e3o Aconteceu no Vale","twitter_card":"summary_large_image","twitter_creator":"@noticiadosvales","twitter_site":"@noticiadosvales","twitter_misc":{"Escrito por":"Reda\u00e7\u00e3o Aconteceu no Vale","Est. tempo de leitura":"2 minutos"},"schema":{"@context":"https:\/\/schema.org","@graph":[{"@type":"Article","@id":"https:\/\/aconteceunovale.com.br\/portal\/?p=171814#article","isPartOf":{"@id":"https:\/\/aconteceunovale.com.br\/portal\/?p=171814"},"author":{"name":"Reda\u00e7\u00e3o Aconteceu no Vale","@id":"https:\/\/aconteceunovale.com.br\/portal\/#\/schema\/person\/7d2f26d1483f8a63de73da1ee0754d35"},"headline":"Dia Mundial do Braile chama aten\u00e7\u00e3o para inclus\u00e3o na escrita e leitura","datePublished":"2021-01-04T10:44:50+00:00","dateModified":"2021-01-04T10:45:04+00:00","mainEntityOfPage":{"@id":"https:\/\/aconteceunovale.com.br\/portal\/?p=171814"},"wordCount":426,"commentCount":0,"image":{"@id":"https:\/\/aconteceunovale.com.br\/portal\/?p=171814#primaryimage"},"thumbnailUrl":"https:\/\/aconteceunovale.com.br\/portal\/wp-content\/uploads\/2021\/01\/dia_do_braile.jpg","keywords":["Braile","Dia Mundial do Braile","Inclus\u00e3o de deficientes visuais","Inclus\u00e3o na escrita","Inclus\u00e3o na leitura","Louis Braille","OMS"],"articleSection":["Mundo"],"inLanguage":"pt-BR","potentialAction":[{"@type":"CommentAction","name":"Comment","target":["https:\/\/aconteceunovale.com.br\/portal\/?p=171814#respond"]}]},{"@type":"WebPage","@id":"https:\/\/aconteceunovale.com.br\/portal\/?p=171814","url":"https:\/\/aconteceunovale.com.br\/portal\/?p=171814","name":"Dia Mundial do Braile chama aten\u00e7\u00e3o para inclus\u00e3o na escrita e leitura - Aconteceu no Vale","isPartOf":{"@id":"https:\/\/aconteceunovale.com.br\/portal\/#website"},"primaryImageOfPage":{"@id":"https:\/\/aconteceunovale.com.br\/portal\/?p=171814#primaryimage"},"image":{"@id":"https:\/\/aconteceunovale.com.br\/portal\/?p=171814#primaryimage"},"thumbnailUrl":"https:\/\/aconteceunovale.com.br\/portal\/wp-content\/uploads\/2021\/01\/dia_do_braile.jpg","datePublished":"2021-01-04T10:44:50+00:00","dateModified":"2021-01-04T10:45:04+00:00","author":{"@id":"https:\/\/aconteceunovale.com.br\/portal\/#\/schema\/person\/7d2f26d1483f8a63de73da1ee0754d35"},"breadcrumb":{"@id":"https:\/\/aconteceunovale.com.br\/portal\/?p=171814#breadcrumb"},"inLanguage":"pt-BR","potentialAction":[{"@type":"ReadAction","target":["https:\/\/aconteceunovale.com.br\/portal\/?p=171814"]}]},{"@type":"ImageObject","inLanguage":"pt-BR","@id":"https:\/\/aconteceunovale.com.br\/portal\/?p=171814#primaryimage","url":"https:\/\/aconteceunovale.com.br\/portal\/wp-content\/uploads\/2021\/01\/dia_do_braile.jpg","contentUrl":"https:\/\/aconteceunovale.com.br\/portal\/wp-content\/uploads\/2021\/01\/dia_do_braile.jpg","width":678,"height":406},{"@type":"BreadcrumbList","@id":"https:\/\/aconteceunovale.com.br\/portal\/?p=171814#breadcrumb","itemListElement":[{"@type":"ListItem","position":1,"name":"In\u00edcio","item":"https:\/\/aconteceunovale.com.br\/portal\/"},{"@type":"ListItem","position":2,"name":"Dia Mundial do Braile chama aten\u00e7\u00e3o para inclus\u00e3o na escrita e leitura"}]},{"@type":"WebSite","@id":"https:\/\/aconteceunovale.com.br\/portal\/#website","url":"https:\/\/aconteceunovale.com.br\/portal\/","name":"Aconteceu no Vale","description":"Portal de Not\u00edcias","potentialAction":[{"@type":"SearchAction","target":{"@type":"EntryPoint","urlTemplate":"https:\/\/aconteceunovale.com.br\/portal\/?s={search_term_string}"},"query-input":{"@type":"PropertyValueSpecification","valueRequired":true,"valueName":"search_term_string"}}],"inLanguage":"pt-BR"},{"@type":"Person","@id":"https:\/\/aconteceunovale.com.br\/portal\/#\/schema\/person\/7d2f26d1483f8a63de73da1ee0754d35","name":"Reda\u00e7\u00e3o Aconteceu no Vale","description":"Equipe de reportagem do Aconteceu no Vale, portal de not\u00edcias do Vale do Jequitinhonha, em Minas Gerais. Cobrimos as 51 cidades do Vale desde 2013. Sugest\u00f5es de pauta e pedidos de corre\u00e7\u00e3o: contato@aconteceunovale.com.br","url":"https:\/\/aconteceunovale.com.br\/portal\/?author=4"}]}},"_links":{"self":[{"href":"https:\/\/aconteceunovale.com.br\/portal\/index.php?rest_route=\/wp\/v2\/posts\/171814","targetHints":{"allow":["GET"]}}],"collection":[{"href":"https:\/\/aconteceunovale.com.br\/portal\/index.php?rest_route=\/wp\/v2\/posts"}],"about":[{"href":"https:\/\/aconteceunovale.com.br\/portal\/index.php?rest_route=\/wp\/v2\/types\/post"}],"author":[{"embeddable":true,"href":"https:\/\/aconteceunovale.com.br\/portal\/index.php?rest_route=\/wp\/v2\/users\/4"}],"replies":[{"embeddable":true,"href":"https:\/\/aconteceunovale.com.br\/portal\/index.php?rest_route=%2Fwp%2Fv2%2Fcomments&post=171814"}],"version-history":[{"count":1,"href":"https:\/\/aconteceunovale.com.br\/portal\/index.php?rest_route=\/wp\/v2\/posts\/171814\/revisions"}],"predecessor-version":[{"id":171816,"href":"https:\/\/aconteceunovale.com.br\/portal\/index.php?rest_route=\/wp\/v2\/posts\/171814\/revisions\/171816"}],"wp:featuredmedia":[{"embeddable":true,"href":"https:\/\/aconteceunovale.com.br\/portal\/index.php?rest_route=\/wp\/v2\/media\/171815"}],"wp:attachment":[{"href":"https:\/\/aconteceunovale.com.br\/portal\/index.php?rest_route=%2Fwp%2Fv2%2Fmedia&parent=171814"}],"wp:term":[{"taxonomy":"category","embeddable":true,"href":"https:\/\/aconteceunovale.com.br\/portal\/index.php?rest_route=%2Fwp%2Fv2%2Fcategories&post=171814"},{"taxonomy":"post_tag","embeddable":true,"href":"https:\/\/aconteceunovale.com.br\/portal\/index.php?rest_route=%2Fwp%2Fv2%2Ftags&post=171814"}],"curies":[{"name":"wp","href":"https:\/\/api.w.org\/{rel}","templated":true}]}}