{"id":171808,"date":"2021-01-03T21:13:27","date_gmt":"2021-01-04T00:13:27","guid":{"rendered":"https:\/\/aconteceunovale.com.br\/portal\/?p=171808"},"modified":"2021-01-03T21:14:45","modified_gmt":"2021-01-04T00:14:45","slug":"anvisa-aprova-importacao-de-2-milhoes-de-doses-de-vacina-contra-covid-19","status":"publish","type":"post","link":"https:\/\/aconteceunovale.com.br\/portal\/?p=171808","title":{"rendered":"Anvisa aprova importa\u00e7\u00e3o de 2 milh\u00f5es de doses de vacina contra Covid-19"},"content":{"rendered":"\n<p class=\"wp-block-paragraph\">A Ag\u00eancia Nacional de Vigil\u00e2ncia Sanit\u00e1ria (Anvisa) autorizou a Funda\u00e7\u00e3o Oswaldo Cruz (Fiocruz) a importar 2 milh\u00f5es de doses de vacinas contra covid-19. Apesar de ainda n\u00e3o estar autorizada a aplica\u00e7\u00e3o do imunizante no pa\u00eds, a Anvisa liberou a importa\u00e7\u00e3o para antecipar a disponibiliza\u00e7\u00e3o quando o registro ou uso emergencial for aprovado.<\/p>\n\n\n\n<p class=\"wp-block-paragraph\">A Fiocruz \u00e9 a respons\u00e1vel por produzir a vacina desenvolvida pela AstraZeneca em parceria com a Universidade de Oxford, no Brasil. A vacina com a importa\u00e7\u00e3o aprovada foi a produzida na \u00cdndia pela Serum Institute of India. A empresa produz a vacina da AstraZeneca, na \u00cdndia. L\u00e1, o uso emergencial j\u00e1 foi aprovado.<\/p>\n\n\n\n<p class=\"wp-block-paragraph\">\u201cA principal exig\u00eancia \u00e9 que as vacinas importadas fiquem sob a guarda espec\u00edfica da Fiocruz at\u00e9 que a Anvisa autorize o uso do produto no pa\u00eds. Para isso, a Fiocruz deve garantir as condi\u00e7\u00f5es de armazenamento e seguran\u00e7a para manuten\u00e7\u00e3o da qualidade&#8221;, diz a ag\u00eancia, em nota. Segundo a Anvisa, a indica\u00e7\u00e3o \u00e9 que as vacinas cheguem ao pa\u00eds ainda neste m\u00eas.<\/p>\n\n\n\n<p class=\"wp-block-paragraph\">Existem quatro vacinas com pesquisas autorizadas no pa\u00eds e a ag\u00eancia j\u00e1 analisa os dados pr\u00e9vios enviados pelos laborat\u00f3rios. Mas, segundo a Anvisa, ainda n\u00e3o h\u00e1 pedidos de uso emergencial ou de registro no pa\u00eds.<\/p>\n\n\n\n<p class=\"has-white-color has-vivid-cyan-blue-background-color has-text-color has-background wp-block-paragraph\">Quer saber as not\u00edcias do <strong>Aconteceu no Vale<\/strong> em primeira m\u00e3o? Siga-nos no Facebook <a rel=\"noreferrer noopener\" href=\"http:\/\/facebook.com\/aconteceunovale\" target=\"_blank\">@aconteceunovale<\/a>, Twitter <a rel=\"noreferrer noopener\" href=\"https:\/\/twitter.com\/noticiadosvales\" target=\"_blank\">@noticiadosvales<\/a> e Instagram <a rel=\"noreferrer noopener\" href=\"https:\/\/www.instagram.com\/aconteceunovale\" target=\"_blank\">@aconteceunovale<\/a>.<\/p>\n","protected":false},"excerpt":{"rendered":"<p>A Ag\u00eancia Nacional de Vigil\u00e2ncia Sanit\u00e1ria (Anvisa) autorizou a Funda\u00e7\u00e3o Oswaldo Cruz (Fiocruz) a importar 2 milh\u00f5es de doses de vacinas contra covid-19. Apesar de ainda n\u00e3o estar autorizada a aplica\u00e7\u00e3o do imunizante no pa\u00eds, a Anvisa liberou a importa\u00e7\u00e3o para antecipar a disponibiliza\u00e7\u00e3o quando o registro ou uso emergencial for aprovado. A Fiocruz \u00e9 [&hellip;]<\/p>\n","protected":false},"author":4,"featured_media":169944,"comment_status":"open","ping_status":"closed","sticky":false,"template":"","format":"standard","meta":{"amp_status":"","footnotes":""},"categories":[6,28848,40242],"tags":[2278,234064,233064,233613,224214,224638,230835,232261,233065,233066,224211,214884,216498,233511,233181,1018,224636,230836,230833,81258,82401,105724,224479,234065,232264,43376,124586,224213,224635,19326,224483,215653,140166,219687,224485,218365,219103,224484,224482,224481,39755,230827,230834,223374,232262,232263,224480,233612,224637,234066,225780,224212,224215,78002,80737,21730,224210,219775,230832,219773,230830,233614,230828,230831,230829,231097,47710,160110],"class_list":["post-171808","post","type-post","status-publish","format-standard","has-post-thumbnail","hentry","category-br","category-mundo","category-saude-2","tag-anvisa","tag-anvisa-aprova-importacao-de-2-milhoes-de-doses-de-vacina-contra-covid-19","tag-anvisa-certifica-farmaceutica-que-desenvolveu-a-coronavac","tag-aprovacao-de-vacina-da-astrazeneca","tag-astrazeneca","tag-astrazeneca-brazil","tag-biontech-se","tag-butantan-inicia-producao-da-coronavac","tag-certificacao-da-coronavac","tag-certificacao-da-fabrica-da-coronavac","tag-chadox1-ncov-19","tag-coronavirus","tag-covid-19","tag-covid-19-anvisa-certifica-pfizer","tag-covid-19-imunizante-da-astrazeneca-recebe-certificacao-da-anvisa","tag-destaque","tag-diretora-do-grupo-astrazeneca","tag-eficacia","tag-eficacia-da-vacina-da-pfizer","tag-fundacao-lemann","tag-governador-de-sao-paulo","tag-governo-brasileiro","tag-governo-brasileiro-anuncia-parceria-para-producao-de-vacina-contra-covid-19","tag-importacao-de-vacina-contra-covid-19","tag-imunizacao-contra-o-coronavirus","tag-instituto-butantan","tag-joao-doria","tag-jorge-paulo-lemann","tag-maria-augusta-bernardini","tag-ministerio-da-saude","tag-ministerio-da-saude-brasileiro-anuncia-parceria-para-producao-de-vacina-contra-covid-19","tag-novo-coronavirus","tag-pandemia","tag-pandemia-da-covid-19","tag-pandemia-da-covid-19-no-brasil","tag-pandemia-do-coronavirus","tag-pandemia-do-coronavirus-no-brasil","tag-pandemia-no-brasil","tag-parceria-para-producao-de-vacina-contra-covid-19","tag-parceria-para-vacina-contra-covid-19","tag-pfizer","tag-pfizer-conclui-testes-de-vacina-para-covid-19","tag-pfizer-inc","tag-producao-da-coronavac","tag-producao-da-coronavac-no-brasil","tag-producao-da-coronavac-no-instituto-butantan","tag-producao-de-vacina-contra-covid-19","tag-reino-unido-aprova-vacina-da-astrazeneca","tag-reino-unido-no-brasil","tag-serum-institute-of-india","tag-sinovac","tag-teste-da-vacina-chadox1-ncov-19","tag-testes-com-vacina-contra-covid-19-comecam-em-sao-paulo","tag-unifesp","tag-universidade-de-oxford","tag-vacina","tag-vacina-chadox1-ncov-19","tag-vacina-contra-coronavirus","tag-vacina-contra-coronavirus-da-pfizer","tag-vacina-contra-covid-19","tag-vacina-contra-covid-19-da-pfizer","tag-vacina-da-astrazeneca-e-aprovada-no-reino-unido","tag-vacina-da-pfizer","tag-vacina-para-coronavirus-da-pfizer","tag-vacina-para-covid-19-da-pfizer","tag-vacinacao-contra-o-coronavirus","tag-vacinas","tag-vijay-rangarajan"],"yoast_head":"<!-- This site is optimized with the Yoast SEO plugin v28.3 - https:\/\/yoast.com\/product\/yoast-seo-wordpress\/ -->\n<title>Anvisa aprova importa\u00e7\u00e3o de 2 milh\u00f5es de doses de vacina contra Covid-19 - Aconteceu no Vale<\/title>\n<meta name=\"robots\" content=\"index, follow, max-snippet:-1, max-image-preview:large, max-video-preview:-1\" \/>\n<link rel=\"canonical\" href=\"https:\/\/aconteceunovale.com.br\/portal\/?p=171808\" \/>\n<meta property=\"og:locale\" content=\"pt_BR\" \/>\n<meta property=\"og:type\" content=\"article\" \/>\n<meta property=\"og:title\" content=\"Anvisa aprova importa\u00e7\u00e3o de 2 milh\u00f5es de doses de vacina contra Covid-19 - Aconteceu no Vale\" \/>\n<meta property=\"og:description\" content=\"A Ag\u00eancia Nacional de Vigil\u00e2ncia Sanit\u00e1ria (Anvisa) autorizou a Funda\u00e7\u00e3o Oswaldo Cruz (Fiocruz) a importar 2 milh\u00f5es de doses de vacinas contra covid-19. Apesar de ainda n\u00e3o estar autorizada a aplica\u00e7\u00e3o do imunizante no pa\u00eds, a Anvisa liberou a importa\u00e7\u00e3o para antecipar a disponibiliza\u00e7\u00e3o quando o registro ou uso emergencial for aprovado. A Fiocruz \u00e9 [&hellip;]\" \/>\n<meta property=\"og:url\" content=\"https:\/\/aconteceunovale.com.br\/portal\/?p=171808\" \/>\n<meta property=\"og:site_name\" content=\"Aconteceu no Vale\" \/>\n<meta property=\"article:publisher\" content=\"https:\/\/www.facebook.com\/aconteceunovale\/\" \/>\n<meta property=\"article:published_time\" content=\"2021-01-04T00:13:27+00:00\" \/>\n<meta property=\"article:modified_time\" content=\"2021-01-04T00:14:45+00:00\" \/>\n<meta property=\"og:image\" content=\"https:\/\/aconteceunovale.com.br\/portal\/wp-content\/uploads\/2020\/11\/vacina_oxford.jpg\" \/>\n\t<meta property=\"og:image:width\" content=\"678\" \/>\n\t<meta property=\"og:image:height\" content=\"406\" \/>\n\t<meta property=\"og:image:type\" content=\"image\/jpeg\" \/>\n<meta name=\"author\" content=\"Reda\u00e7\u00e3o Aconteceu no Vale\" \/>\n<meta name=\"twitter:card\" content=\"summary_large_image\" \/>\n<meta name=\"twitter:creator\" content=\"@noticiadosvales\" \/>\n<meta name=\"twitter:site\" content=\"@noticiadosvales\" \/>\n<meta name=\"twitter:label1\" content=\"Escrito por\" \/>\n\t<meta name=\"twitter:data1\" content=\"Reda\u00e7\u00e3o Aconteceu no Vale\" \/>\n\t<meta name=\"twitter:label2\" content=\"Est. tempo de leitura\" \/>\n\t<meta name=\"twitter:data2\" content=\"1 minuto\" \/>\n<script type=\"application\/ld+json\" class=\"yoast-schema-graph\">{\"@context\":\"https:\\\/\\\/schema.org\",\"@graph\":[{\"@type\":\"Article\",\"@id\":\"https:\\\/\\\/aconteceunovale.com.br\\\/portal\\\/?p=171808#article\",\"isPartOf\":{\"@id\":\"https:\\\/\\\/aconteceunovale.com.br\\\/portal\\\/?p=171808\"},\"author\":{\"name\":\"Reda\u00e7\u00e3o Aconteceu no Vale\",\"@id\":\"https:\\\/\\\/aconteceunovale.com.br\\\/portal\\\/#\\\/schema\\\/person\\\/7d2f26d1483f8a63de73da1ee0754d35\"},\"headline\":\"Anvisa aprova importa\u00e7\u00e3o de 2 milh\u00f5es de doses de vacina contra Covid-19\",\"datePublished\":\"2021-01-04T00:13:27+00:00\",\"dateModified\":\"2021-01-04T00:14:45+00:00\",\"mainEntityOfPage\":{\"@id\":\"https:\\\/\\\/aconteceunovale.com.br\\\/portal\\\/?p=171808\"},\"wordCount\":261,\"commentCount\":0,\"image\":{\"@id\":\"https:\\\/\\\/aconteceunovale.com.br\\\/portal\\\/?p=171808#primaryimage\"},\"thumbnailUrl\":\"https:\\\/\\\/aconteceunovale.com.br\\\/portal\\\/wp-content\\\/uploads\\\/2020\\\/11\\\/vacina_oxford.jpg\",\"keywords\":[\"Anvisa\",\"Anvisa aprova importa\u00e7\u00e3o de 2 milh\u00f5es de doses de vacina contra Covid-19\",\"Anvisa certifica farmac\u00eautica que desenvolveu a CoronaVac\",\"Aprova\u00e7\u00e3o de vacina da AstraZeneca\",\"AstraZeneca\",\"AstraZeneca Brazil\",\"BioNTech SE\",\"Butantan inicia produ\u00e7\u00e3o da CoronaVac\",\"Certifica\u00e7\u00e3o da Coronavac\",\"Certifica\u00e7\u00e3o da f\u00e1brica da Coronavac\",\"ChAdOx1 nCoV-19\",\"Coronav\u00edrus\",\"COVID-19\",\"Covid-19: Anvisa certifica Pfizer\",\"Covid-19: imunizante da AstraZeneca recebe certifica\u00e7\u00e3o da Anvisa\",\"destaque\",\"Diretora do grupo Astrazeneca\",\"Efic\u00e1cia\",\"Efic\u00e1cia da vacina da Pfizer\",\"Funda\u00e7\u00e3o Lemann\",\"governador de S\u00e3o Paulo\",\"governo brasileiro\",\"Governo brasileiro anuncia parceria para produ\u00e7\u00e3o de vacina contra Covid-19\",\"Importa\u00e7\u00e3o de vacina contra covid-19\",\"Imuniza\u00e7\u00e3o contra o coronav\u00edrus\",\"Instituto Butantan\",\"Jo\u00e3o D\u00f3ria\",\"Jorge Paulo Lemann\",\"Maria Augusta Bernardini\",\"Minist\u00e9rio da Sa\u00fade\",\"Minist\u00e9rio da Sa\u00fade brasileiro anuncia parceria para produ\u00e7\u00e3o de vacina contra Covid-19\",\"Novo coronav\u00edrus\",\"pandemia\",\"Pandemia da covid-19\",\"Pandemia da Covid-19 no Brasil\",\"Pandemia do coronav\u00edrus\",\"Pandemia do coronav\u00edrus no Brasil\",\"Pandemia no Brasil\",\"Parceria para produ\u00e7\u00e3o de vacina contra Covid-19\",\"Parceria para vacina contra Covid-19\",\"Pfizer\",\"Pfizer conclui testes de vacina para Covid-19\",\"Pfizer Inc\",\"Produ\u00e7\u00e3o da CoronaVac\",\"Produ\u00e7\u00e3o da CoronaVac no Brasil\",\"Produ\u00e7\u00e3o da CoronaVac no Instituto Butantan\",\"Produ\u00e7\u00e3o de vacina contra Covid-19\",\"Reino Unido aprova vacina da AstraZeneca\",\"Reino Unido no Brasil\",\"Serum Institute of India\",\"Sinovac\",\"Teste da Vacina ChAdOx1 nCoV-19\",\"Testes com vacina contra Covid-19 come\u00e7am em S\u00e3o Paulo\",\"Unifesp\",\"Universidade de Oxford\",\"vacina\",\"Vacina ChAdOx1 nCoV-19\",\"Vacina contra coronav\u00edrus\",\"Vacina contra coronav\u00edrus da Pfizer\",\"Vacina contra covid-19\",\"Vacina contra covid-19 da Pfizer\",\"Vacina da AstraZeneca \u00e9 aprovada no Reino Unido\",\"Vacina da Pfizer\",\"Vacina para coronav\u00edrus da Pfizer\",\"Vacina para covid-19 da Pfizer\",\"Vacina\u00e7\u00e3o contra o coronav\u00edrus\",\"vacinas\",\"Vijay Rangarajan\"],\"articleSection\":[\"Brasil\",\"Mundo\",\"Sa\u00fade\"],\"inLanguage\":\"pt-BR\",\"potentialAction\":[{\"@type\":\"CommentAction\",\"name\":\"Comment\",\"target\":[\"https:\\\/\\\/aconteceunovale.com.br\\\/portal\\\/?p=171808#respond\"]}]},{\"@type\":\"WebPage\",\"@id\":\"https:\\\/\\\/aconteceunovale.com.br\\\/portal\\\/?p=171808\",\"url\":\"https:\\\/\\\/aconteceunovale.com.br\\\/portal\\\/?p=171808\",\"name\":\"Anvisa aprova importa\u00e7\u00e3o de 2 milh\u00f5es de doses de vacina contra Covid-19 - Aconteceu no Vale\",\"isPartOf\":{\"@id\":\"https:\\\/\\\/aconteceunovale.com.br\\\/portal\\\/#website\"},\"primaryImageOfPage\":{\"@id\":\"https:\\\/\\\/aconteceunovale.com.br\\\/portal\\\/?p=171808#primaryimage\"},\"image\":{\"@id\":\"https:\\\/\\\/aconteceunovale.com.br\\\/portal\\\/?p=171808#primaryimage\"},\"thumbnailUrl\":\"https:\\\/\\\/aconteceunovale.com.br\\\/portal\\\/wp-content\\\/uploads\\\/2020\\\/11\\\/vacina_oxford.jpg\",\"datePublished\":\"2021-01-04T00:13:27+00:00\",\"dateModified\":\"2021-01-04T00:14:45+00:00\",\"author\":{\"@id\":\"https:\\\/\\\/aconteceunovale.com.br\\\/portal\\\/#\\\/schema\\\/person\\\/7d2f26d1483f8a63de73da1ee0754d35\"},\"breadcrumb\":{\"@id\":\"https:\\\/\\\/aconteceunovale.com.br\\\/portal\\\/?p=171808#breadcrumb\"},\"inLanguage\":\"pt-BR\",\"potentialAction\":[{\"@type\":\"ReadAction\",\"target\":[\"https:\\\/\\\/aconteceunovale.com.br\\\/portal\\\/?p=171808\"]}]},{\"@type\":\"ImageObject\",\"inLanguage\":\"pt-BR\",\"@id\":\"https:\\\/\\\/aconteceunovale.com.br\\\/portal\\\/?p=171808#primaryimage\",\"url\":\"https:\\\/\\\/aconteceunovale.com.br\\\/portal\\\/wp-content\\\/uploads\\\/2020\\\/11\\\/vacina_oxford.jpg\",\"contentUrl\":\"https:\\\/\\\/aconteceunovale.com.br\\\/portal\\\/wp-content\\\/uploads\\\/2020\\\/11\\\/vacina_oxford.jpg\",\"width\":678,\"height\":406,\"caption\":\"Foto: REUTERS\\\/Dado Ruvic\\\/Reprodu\u00e7\u00e3o Ag\u00eancia Brasil\"},{\"@type\":\"BreadcrumbList\",\"@id\":\"https:\\\/\\\/aconteceunovale.com.br\\\/portal\\\/?p=171808#breadcrumb\",\"itemListElement\":[{\"@type\":\"ListItem\",\"position\":1,\"name\":\"In\u00edcio\",\"item\":\"https:\\\/\\\/aconteceunovale.com.br\\\/portal\\\/\"},{\"@type\":\"ListItem\",\"position\":2,\"name\":\"Anvisa aprova importa\u00e7\u00e3o de 2 milh\u00f5es de doses de vacina contra Covid-19\"}]},{\"@type\":\"WebSite\",\"@id\":\"https:\\\/\\\/aconteceunovale.com.br\\\/portal\\\/#website\",\"url\":\"https:\\\/\\\/aconteceunovale.com.br\\\/portal\\\/\",\"name\":\"Aconteceu no Vale\",\"description\":\"Portal de Not\u00edcias\",\"potentialAction\":[{\"@type\":\"SearchAction\",\"target\":{\"@type\":\"EntryPoint\",\"urlTemplate\":\"https:\\\/\\\/aconteceunovale.com.br\\\/portal\\\/?s={search_term_string}\"},\"query-input\":{\"@type\":\"PropertyValueSpecification\",\"valueRequired\":true,\"valueName\":\"search_term_string\"}}],\"inLanguage\":\"pt-BR\"},{\"@type\":\"Person\",\"@id\":\"https:\\\/\\\/aconteceunovale.com.br\\\/portal\\\/#\\\/schema\\\/person\\\/7d2f26d1483f8a63de73da1ee0754d35\",\"name\":\"Reda\u00e7\u00e3o Aconteceu no Vale\",\"description\":\"Equipe de reportagem do Aconteceu no Vale, portal de not\u00edcias do Vale do Jequitinhonha, em Minas Gerais. Cobrimos as 51 cidades do Vale desde 2013. Sugest\u00f5es de pauta e pedidos de corre\u00e7\u00e3o: contato@aconteceunovale.com.br\",\"url\":\"https:\\\/\\\/aconteceunovale.com.br\\\/portal\\\/?author=4\"}]}<\/script>\n<!-- \/ Yoast SEO plugin. -->","yoast_head_json":{"title":"Anvisa aprova importa\u00e7\u00e3o de 2 milh\u00f5es de doses de vacina contra Covid-19 - Aconteceu no Vale","robots":{"index":"index","follow":"follow","max-snippet":"max-snippet:-1","max-image-preview":"max-image-preview:large","max-video-preview":"max-video-preview:-1"},"canonical":"https:\/\/aconteceunovale.com.br\/portal\/?p=171808","og_locale":"pt_BR","og_type":"article","og_title":"Anvisa aprova importa\u00e7\u00e3o de 2 milh\u00f5es de doses de vacina contra Covid-19 - Aconteceu no Vale","og_description":"A Ag\u00eancia Nacional de Vigil\u00e2ncia Sanit\u00e1ria (Anvisa) autorizou a Funda\u00e7\u00e3o Oswaldo Cruz (Fiocruz) a importar 2 milh\u00f5es de doses de vacinas contra covid-19. Apesar de ainda n\u00e3o estar autorizada a aplica\u00e7\u00e3o do imunizante no pa\u00eds, a Anvisa liberou a importa\u00e7\u00e3o para antecipar a disponibiliza\u00e7\u00e3o quando o registro ou uso emergencial for aprovado. A Fiocruz \u00e9 [&hellip;]","og_url":"https:\/\/aconteceunovale.com.br\/portal\/?p=171808","og_site_name":"Aconteceu no Vale","article_publisher":"https:\/\/www.facebook.com\/aconteceunovale\/","article_published_time":"2021-01-04T00:13:27+00:00","article_modified_time":"2021-01-04T00:14:45+00:00","og_image":[{"width":678,"height":406,"url":"https:\/\/aconteceunovale.com.br\/portal\/wp-content\/uploads\/2020\/11\/vacina_oxford.jpg","type":"image\/jpeg"}],"author":"Reda\u00e7\u00e3o Aconteceu no Vale","twitter_card":"summary_large_image","twitter_creator":"@noticiadosvales","twitter_site":"@noticiadosvales","twitter_misc":{"Escrito por":"Reda\u00e7\u00e3o Aconteceu no Vale","Est. tempo de leitura":"1 minuto"},"schema":{"@context":"https:\/\/schema.org","@graph":[{"@type":"Article","@id":"https:\/\/aconteceunovale.com.br\/portal\/?p=171808#article","isPartOf":{"@id":"https:\/\/aconteceunovale.com.br\/portal\/?p=171808"},"author":{"name":"Reda\u00e7\u00e3o Aconteceu no Vale","@id":"https:\/\/aconteceunovale.com.br\/portal\/#\/schema\/person\/7d2f26d1483f8a63de73da1ee0754d35"},"headline":"Anvisa aprova importa\u00e7\u00e3o de 2 milh\u00f5es de doses de vacina contra Covid-19","datePublished":"2021-01-04T00:13:27+00:00","dateModified":"2021-01-04T00:14:45+00:00","mainEntityOfPage":{"@id":"https:\/\/aconteceunovale.com.br\/portal\/?p=171808"},"wordCount":261,"commentCount":0,"image":{"@id":"https:\/\/aconteceunovale.com.br\/portal\/?p=171808#primaryimage"},"thumbnailUrl":"https:\/\/aconteceunovale.com.br\/portal\/wp-content\/uploads\/2020\/11\/vacina_oxford.jpg","keywords":["Anvisa","Anvisa aprova importa\u00e7\u00e3o de 2 milh\u00f5es de doses de vacina contra Covid-19","Anvisa certifica farmac\u00eautica que desenvolveu a CoronaVac","Aprova\u00e7\u00e3o de vacina da AstraZeneca","AstraZeneca","AstraZeneca Brazil","BioNTech SE","Butantan inicia produ\u00e7\u00e3o da CoronaVac","Certifica\u00e7\u00e3o da Coronavac","Certifica\u00e7\u00e3o da f\u00e1brica da Coronavac","ChAdOx1 nCoV-19","Coronav\u00edrus","COVID-19","Covid-19: Anvisa certifica Pfizer","Covid-19: imunizante da AstraZeneca recebe certifica\u00e7\u00e3o da Anvisa","destaque","Diretora do grupo Astrazeneca","Efic\u00e1cia","Efic\u00e1cia da vacina da Pfizer","Funda\u00e7\u00e3o Lemann","governador de S\u00e3o Paulo","governo brasileiro","Governo brasileiro anuncia parceria para produ\u00e7\u00e3o de vacina contra Covid-19","Importa\u00e7\u00e3o de vacina contra covid-19","Imuniza\u00e7\u00e3o contra o coronav\u00edrus","Instituto Butantan","Jo\u00e3o D\u00f3ria","Jorge Paulo Lemann","Maria Augusta Bernardini","Minist\u00e9rio da Sa\u00fade","Minist\u00e9rio da Sa\u00fade brasileiro anuncia parceria para produ\u00e7\u00e3o de vacina contra Covid-19","Novo coronav\u00edrus","pandemia","Pandemia da covid-19","Pandemia da Covid-19 no Brasil","Pandemia do coronav\u00edrus","Pandemia do coronav\u00edrus no Brasil","Pandemia no Brasil","Parceria para produ\u00e7\u00e3o de vacina contra Covid-19","Parceria para vacina contra Covid-19","Pfizer","Pfizer conclui testes de vacina para Covid-19","Pfizer Inc","Produ\u00e7\u00e3o da CoronaVac","Produ\u00e7\u00e3o da CoronaVac no Brasil","Produ\u00e7\u00e3o da CoronaVac no Instituto Butantan","Produ\u00e7\u00e3o de vacina contra Covid-19","Reino Unido aprova vacina da AstraZeneca","Reino Unido no Brasil","Serum Institute of India","Sinovac","Teste da Vacina ChAdOx1 nCoV-19","Testes com vacina contra Covid-19 come\u00e7am em S\u00e3o Paulo","Unifesp","Universidade de Oxford","vacina","Vacina ChAdOx1 nCoV-19","Vacina contra coronav\u00edrus","Vacina contra coronav\u00edrus da Pfizer","Vacina contra covid-19","Vacina contra covid-19 da Pfizer","Vacina da AstraZeneca \u00e9 aprovada no Reino Unido","Vacina da Pfizer","Vacina para coronav\u00edrus da Pfizer","Vacina para covid-19 da Pfizer","Vacina\u00e7\u00e3o contra o coronav\u00edrus","vacinas","Vijay Rangarajan"],"articleSection":["Brasil","Mundo","Sa\u00fade"],"inLanguage":"pt-BR","potentialAction":[{"@type":"CommentAction","name":"Comment","target":["https:\/\/aconteceunovale.com.br\/portal\/?p=171808#respond"]}]},{"@type":"WebPage","@id":"https:\/\/aconteceunovale.com.br\/portal\/?p=171808","url":"https:\/\/aconteceunovale.com.br\/portal\/?p=171808","name":"Anvisa aprova importa\u00e7\u00e3o de 2 milh\u00f5es de doses de vacina contra Covid-19 - Aconteceu no Vale","isPartOf":{"@id":"https:\/\/aconteceunovale.com.br\/portal\/#website"},"primaryImageOfPage":{"@id":"https:\/\/aconteceunovale.com.br\/portal\/?p=171808#primaryimage"},"image":{"@id":"https:\/\/aconteceunovale.com.br\/portal\/?p=171808#primaryimage"},"thumbnailUrl":"https:\/\/aconteceunovale.com.br\/portal\/wp-content\/uploads\/2020\/11\/vacina_oxford.jpg","datePublished":"2021-01-04T00:13:27+00:00","dateModified":"2021-01-04T00:14:45+00:00","author":{"@id":"https:\/\/aconteceunovale.com.br\/portal\/#\/schema\/person\/7d2f26d1483f8a63de73da1ee0754d35"},"breadcrumb":{"@id":"https:\/\/aconteceunovale.com.br\/portal\/?p=171808#breadcrumb"},"inLanguage":"pt-BR","potentialAction":[{"@type":"ReadAction","target":["https:\/\/aconteceunovale.com.br\/portal\/?p=171808"]}]},{"@type":"ImageObject","inLanguage":"pt-BR","@id":"https:\/\/aconteceunovale.com.br\/portal\/?p=171808#primaryimage","url":"https:\/\/aconteceunovale.com.br\/portal\/wp-content\/uploads\/2020\/11\/vacina_oxford.jpg","contentUrl":"https:\/\/aconteceunovale.com.br\/portal\/wp-content\/uploads\/2020\/11\/vacina_oxford.jpg","width":678,"height":406,"caption":"Foto: REUTERS\/Dado Ruvic\/Reprodu\u00e7\u00e3o Ag\u00eancia Brasil"},{"@type":"BreadcrumbList","@id":"https:\/\/aconteceunovale.com.br\/portal\/?p=171808#breadcrumb","itemListElement":[{"@type":"ListItem","position":1,"name":"In\u00edcio","item":"https:\/\/aconteceunovale.com.br\/portal\/"},{"@type":"ListItem","position":2,"name":"Anvisa aprova importa\u00e7\u00e3o de 2 milh\u00f5es de doses de vacina contra Covid-19"}]},{"@type":"WebSite","@id":"https:\/\/aconteceunovale.com.br\/portal\/#website","url":"https:\/\/aconteceunovale.com.br\/portal\/","name":"Aconteceu no Vale","description":"Portal de Not\u00edcias","potentialAction":[{"@type":"SearchAction","target":{"@type":"EntryPoint","urlTemplate":"https:\/\/aconteceunovale.com.br\/portal\/?s={search_term_string}"},"query-input":{"@type":"PropertyValueSpecification","valueRequired":true,"valueName":"search_term_string"}}],"inLanguage":"pt-BR"},{"@type":"Person","@id":"https:\/\/aconteceunovale.com.br\/portal\/#\/schema\/person\/7d2f26d1483f8a63de73da1ee0754d35","name":"Reda\u00e7\u00e3o Aconteceu no Vale","description":"Equipe de reportagem do Aconteceu no Vale, portal de not\u00edcias do Vale do Jequitinhonha, em Minas Gerais. Cobrimos as 51 cidades do Vale desde 2013. Sugest\u00f5es de pauta e pedidos de corre\u00e7\u00e3o: contato@aconteceunovale.com.br","url":"https:\/\/aconteceunovale.com.br\/portal\/?author=4"}]}},"_links":{"self":[{"href":"https:\/\/aconteceunovale.com.br\/portal\/index.php?rest_route=\/wp\/v2\/posts\/171808","targetHints":{"allow":["GET"]}}],"collection":[{"href":"https:\/\/aconteceunovale.com.br\/portal\/index.php?rest_route=\/wp\/v2\/posts"}],"about":[{"href":"https:\/\/aconteceunovale.com.br\/portal\/index.php?rest_route=\/wp\/v2\/types\/post"}],"author":[{"embeddable":true,"href":"https:\/\/aconteceunovale.com.br\/portal\/index.php?rest_route=\/wp\/v2\/users\/4"}],"replies":[{"embeddable":true,"href":"https:\/\/aconteceunovale.com.br\/portal\/index.php?rest_route=%2Fwp%2Fv2%2Fcomments&post=171808"}],"version-history":[{"count":1,"href":"https:\/\/aconteceunovale.com.br\/portal\/index.php?rest_route=\/wp\/v2\/posts\/171808\/revisions"}],"predecessor-version":[{"id":171809,"href":"https:\/\/aconteceunovale.com.br\/portal\/index.php?rest_route=\/wp\/v2\/posts\/171808\/revisions\/171809"}],"wp:featuredmedia":[{"embeddable":true,"href":"https:\/\/aconteceunovale.com.br\/portal\/index.php?rest_route=\/wp\/v2\/media\/169944"}],"wp:attachment":[{"href":"https:\/\/aconteceunovale.com.br\/portal\/index.php?rest_route=%2Fwp%2Fv2%2Fmedia&parent=171808"}],"wp:term":[{"taxonomy":"category","embeddable":true,"href":"https:\/\/aconteceunovale.com.br\/portal\/index.php?rest_route=%2Fwp%2Fv2%2Fcategories&post=171808"},{"taxonomy":"post_tag","embeddable":true,"href":"https:\/\/aconteceunovale.com.br\/portal\/index.php?rest_route=%2Fwp%2Fv2%2Ftags&post=171808"}],"curies":[{"name":"wp","href":"https:\/\/api.w.org\/{rel}","templated":true}]}}