{"id":171729,"date":"2021-01-02T17:45:12","date_gmt":"2021-01-02T20:45:12","guid":{"rendered":"https:\/\/aconteceunovale.com.br\/portal\/?p=171729"},"modified":"2021-01-02T17:46:03","modified_gmt":"2021-01-02T20:46:03","slug":"jovem-morre-em-acidente-em-aimores","status":"publish","type":"post","link":"https:\/\/aconteceunovale.com.br\/portal\/?p=171729","title":{"rendered":"Jovem morre em acidente em Aimor\u00e9s"},"content":{"rendered":"\n<p>Um jovem de 26 anos morreu em um acidente em Aimor\u00e9s, no Vale do Rio Doce, no in\u00edcio da madrugada deste s\u00e1bado (2\/1\/2021). Segundo informa\u00e7\u00f5es repassadas ao Aconteceu no Vale, Dienerson Marques perdeu o controle do ve\u00edculo que conduzia e colidiu contra uma \u00e1rvore no bairro Barra do Manhua\u00e7u.<\/p>\n\n\n\n<p>O autom\u00f3vel parou entre a \u00e1rvore e o muro de uma resid\u00eancia. Dienerson ficou preso \u00e0s ferragens e n\u00e3o resistiu.<\/p>\n\n\n\n<p>As causas do acidente ser\u00e3o investigadas.<\/p>\n\n\n\n<figure class=\"wp-block-gallery columns-1 is-cropped wp-block-gallery-1 is-layout-flex wp-block-gallery-is-layout-flex\"><ul class=\"blocks-gallery-grid\"><li class=\"blocks-gallery-item\"><figure><img loading=\"lazy\" decoding=\"async\" width=\"678\" height=\"436\" src=\"https:\/\/aconteceunovale.com.br\/portal\/wp-content\/uploads\/2021\/01\/acidente_aimores.jpg\" alt=\"\" data-id=\"171730\" class=\"wp-image-171730\" srcset=\"https:\/\/aconteceunovale.com.br\/portal\/wp-content\/uploads\/2021\/01\/acidente_aimores.jpg 678w, https:\/\/aconteceunovale.com.br\/portal\/wp-content\/uploads\/2021\/01\/acidente_aimores-300x193.jpg 300w, https:\/\/aconteceunovale.com.br\/portal\/wp-content\/uploads\/2021\/01\/acidente_aimores-653x420.jpg 653w\" sizes=\"auto, (max-width: 678px) 100vw, 678px\" \/><figcaption class=\"blocks-gallery-item__caption\"><em>Foto: Reprodu\u00e7\u00e3o \/ Baixo Guandu On Line<\/em><\/figcaption><\/figure><\/li><\/ul><\/figure>\n\n\n\n<p class=\"has-white-color has-vivid-cyan-blue-background-color has-text-color has-background\">Quer saber as not\u00edcias do <strong>Aconteceu no Vale<\/strong> em primeira m\u00e3o? Siga-nos no Facebook <a rel=\"noreferrer noopener\" href=\"http:\/\/facebook.com\/aconteceunovale\" target=\"_blank\">@aconteceunovale<\/a>, Twitter <a rel=\"noreferrer noopener\" href=\"https:\/\/twitter.com\/noticiadosvales\" target=\"_blank\">@noticiadosvales<\/a> e Instagram <a rel=\"noreferrer noopener\" href=\"https:\/\/www.instagram.com\/aconteceunovale\" target=\"_blank\">@aconteceunovale<\/a>.<\/p>\n","protected":false},"excerpt":{"rendered":"<p>Um jovem de 26 anos morreu em um acidente em Aimor\u00e9s, no Vale do Rio Doce, no in\u00edcio da madrugada deste s\u00e1bado (2\/1\/2021). Segundo informa\u00e7\u00f5es repassadas ao Aconteceu no Vale, Dienerson Marques perdeu o controle do ve\u00edculo que conduzia e colidiu contra uma \u00e1rvore no bairro Barra do Manhua\u00e7u. O autom\u00f3vel parou entre a \u00e1rvore [&hellip;]<\/p>\n","protected":false},"author":4,"featured_media":171730,"comment_status":"open","ping_status":"closed","sticky":false,"template":"","format":"standard","meta":{"amp_status":"","footnotes":""},"categories":[121],"tags":[233971,233970,25555,233973,273,233972,233969],"class_list":["post-171729","post","type-post","status-publish","format-standard","has-post-thumbnail","hentry","category-leste","tag-acidente-com-carro-em-aimores","tag-acidente-de-transito-em-aimores","tag-acidente-em-aimores","tag-acidente-na-barra-do-manhuacu-em-aimores","tag-aimores","tag-dienerson-marques","tag-jovem-morre-em-acidente-em-aimores"],"_links":{"self":[{"href":"https:\/\/aconteceunovale.com.br\/portal\/index.php?rest_route=\/wp\/v2\/posts\/171729","targetHints":{"allow":["GET"]}}],"collection":[{"href":"https:\/\/aconteceunovale.com.br\/portal\/index.php?rest_route=\/wp\/v2\/posts"}],"about":[{"href":"https:\/\/aconteceunovale.com.br\/portal\/index.php?rest_route=\/wp\/v2\/types\/post"}],"author":[{"embeddable":true,"href":"https:\/\/aconteceunovale.com.br\/portal\/index.php?rest_route=\/wp\/v2\/users\/4"}],"replies":[{"embeddable":true,"href":"https:\/\/aconteceunovale.com.br\/portal\/index.php?rest_route=%2Fwp%2Fv2%2Fcomments&post=171729"}],"version-history":[{"count":1,"href":"https:\/\/aconteceunovale.com.br\/portal\/index.php?rest_route=\/wp\/v2\/posts\/171729\/revisions"}],"predecessor-version":[{"id":171731,"href":"https:\/\/aconteceunovale.com.br\/portal\/index.php?rest_route=\/wp\/v2\/posts\/171729\/revisions\/171731"}],"wp:featuredmedia":[{"embeddable":true,"href":"https:\/\/aconteceunovale.com.br\/portal\/index.php?rest_route=\/wp\/v2\/media\/171730"}],"wp:attachment":[{"href":"https:\/\/aconteceunovale.com.br\/portal\/index.php?rest_route=%2Fwp%2Fv2%2Fmedia&parent=171729"}],"wp:term":[{"taxonomy":"category","embeddable":true,"href":"https:\/\/aconteceunovale.com.br\/portal\/index.php?rest_route=%2Fwp%2Fv2%2Fcategories&post=171729"},{"taxonomy":"post_tag","embeddable":true,"href":"https:\/\/aconteceunovale.com.br\/portal\/index.php?rest_route=%2Fwp%2Fv2%2Ftags&post=171729"}],"curies":[{"name":"wp","href":"https:\/\/api.w.org\/{rel}","templated":true}]}}