{"id":171725,"date":"2021-01-02T17:21:52","date_gmt":"2021-01-02T20:21:52","guid":{"rendered":"https:\/\/aconteceunovale.com.br\/portal\/?p=171725"},"modified":"2021-01-02T17:23:04","modified_gmt":"2021-01-02T20:23:04","slug":"bombeiros-registram-mortes-por-afogamento-em-ataleia-governador-valadares-e-belo-oriente","status":"publish","type":"post","link":"https:\/\/aconteceunovale.com.br\/portal\/?p=171725","title":{"rendered":"Bombeiros registram mortes por afogamento em Atal\u00e9ia, Governador Valadares e Belo Oriente"},"content":{"rendered":"\n<p>Tr\u00eas pessoas morreram afogadas nesta sexta-feira (1\/1\/2021) no Vale do Mucuri e no Leste de Minas Gerais. As ocorr\u00eancias foram registradas em Atal\u00e9ia, Governador Valadares e Belo Oriente.<\/p>\n\n\n\n<p>Em Atal\u00e9ia, no Vale do Mucuri, F\u00e1bio Henrique Rodrigues Lima, de 17 anos, estava com a namorada \u00e0s margens do rio S\u00e3o Mateus, na regi\u00e3o dos Pereiras, zona rural do munic\u00edpio. Testemunhas relataram aos bombeiros que ele entrou na \u00e1gua para tentar resgatar os \u00f3culos quando se afogou.<\/p>\n\n\n\n<h2 class=\"wp-block-heading\"><strong>Leste do Estado<\/strong><\/h2>\n\n\n\n<p>Os outros dois \u00f3bitos foram registrados na regi\u00e3o Leste do Estado. Um adolescente de 15 anos tomava banho em uma lagoa no bairro Cidade Nova, em Governador Valadares, quando se afogou. O corpo de Milton J\u00fanio Santos Silva foi encontrado em um ponto de dois metros de profundidade.<\/p>\n\n\n\n<figure class=\"wp-block-gallery columns-1 is-cropped wp-block-gallery-1 is-layout-flex wp-block-gallery-is-layout-flex\"><ul class=\"blocks-gallery-grid\"><li class=\"blocks-gallery-item\"><figure><img loading=\"lazy\" decoding=\"async\" width=\"678\" height=\"450\" src=\"https:\/\/aconteceunovale.com.br\/portal\/wp-content\/uploads\/2021\/01\/afogamento_valadares-1.jpeg\" alt=\"\" data-id=\"171727\" data-full-url=\"https:\/\/aconteceunovale.com.br\/portal\/wp-content\/uploads\/2021\/01\/afogamento_valadares-1.jpeg\" data-link=\"https:\/\/aconteceunovale.com.br\/portal\/?attachment_id=171727\" class=\"wp-image-171727\" srcset=\"https:\/\/aconteceunovale.com.br\/portal\/wp-content\/uploads\/2021\/01\/afogamento_valadares-1.jpeg 678w, https:\/\/aconteceunovale.com.br\/portal\/wp-content\/uploads\/2021\/01\/afogamento_valadares-1-300x199.jpeg 300w, https:\/\/aconteceunovale.com.br\/portal\/wp-content\/uploads\/2021\/01\/afogamento_valadares-1-633x420.jpeg 633w\" sizes=\"auto, (max-width: 678px) 100vw, 678px\" \/><figcaption class=\"blocks-gallery-item__caption\"><em>Adolescente morreu afogado em Valadares &#8211; Foto: Reprodu\u00e7\u00e3o<\/em><\/figcaption><\/figure><\/li><\/ul><\/figure>\n\n\n\n<p>J\u00e1 no distrito de Cachoeira Escura, munic\u00edpio de Belo Oriente, um homem de 34 anos submergiu em um rio e n\u00e3o foi mais visto. Testemunhas informaram que Hebert da Silva Alves havia bebido antes entrar na \u00e1gua. Os bombeiros iniciaram as buscas pela v\u00edtima na manh\u00e3 deste s\u00e1bado (2).<\/p>\n\n\n\n<p class=\"has-white-color has-vivid-cyan-blue-background-color has-text-color has-background\">Quer saber as not\u00edcias do <strong>Aconteceu no Vale<\/strong> em primeira m\u00e3o? Siga-nos no Facebook <a rel=\"noreferrer noopener\" href=\"http:\/\/facebook.com\/aconteceunovale\" target=\"_blank\">@aconteceunovale<\/a>, Twitter <a rel=\"noreferrer noopener\" href=\"https:\/\/twitter.com\/noticiadosvales\" target=\"_blank\">@noticiadosvales<\/a> e Instagram <a rel=\"noreferrer noopener\" href=\"https:\/\/www.instagram.com\/aconteceunovale\" target=\"_blank\">@aconteceunovale<\/a>.<\/p>\n","protected":false},"excerpt":{"rendered":"<p>Tr\u00eas pessoas morreram afogadas nesta sexta-feira (1\/1\/2021) no Vale do Mucuri e no Leste de Minas Gerais. As ocorr\u00eancias foram registradas em Atal\u00e9ia, Governador Valadares e Belo Oriente. Em Atal\u00e9ia, no Vale do Mucuri, F\u00e1bio Henrique Rodrigues Lima, de 17 anos, estava com a namorada \u00e0s margens do rio S\u00e3o Mateus, na regi\u00e3o dos Pereiras, [&hellip;]<\/p>\n","protected":false},"author":4,"featured_media":171726,"comment_status":"open","ping_status":"closed","sticky":false,"template":"","format":"standard","meta":{"amp_status":"","footnotes":""},"categories":[121,122],"tags":[233964,233965,29537,183,350,233963,2496,233966,247,233968,233967],"class_list":["post-171725","post","type-post","status-publish","format-standard","has-post-thumbnail","hentry","category-leste","category-mucuri","tag-afogamento-em-ataleia","tag-afogamento-em-belo-oriente","tag-afogamento-em-governador-valadares","tag-ataleia","tag-belo-oriente","tag-bombeiros-registram-mortes-por-afogamento-em-ataleia-e-governador-valadares","tag-cachoeira-escura","tag-fabio-henrique-rodrigues-lima","tag-governador-valadares","tag-hebert-da-silva-alves","tag-milton-junio-santos-silva"],"_links":{"self":[{"href":"https:\/\/aconteceunovale.com.br\/portal\/index.php?rest_route=\/wp\/v2\/posts\/171725","targetHints":{"allow":["GET"]}}],"collection":[{"href":"https:\/\/aconteceunovale.com.br\/portal\/index.php?rest_route=\/wp\/v2\/posts"}],"about":[{"href":"https:\/\/aconteceunovale.com.br\/portal\/index.php?rest_route=\/wp\/v2\/types\/post"}],"author":[{"embeddable":true,"href":"https:\/\/aconteceunovale.com.br\/portal\/index.php?rest_route=\/wp\/v2\/users\/4"}],"replies":[{"embeddable":true,"href":"https:\/\/aconteceunovale.com.br\/portal\/index.php?rest_route=%2Fwp%2Fv2%2Fcomments&post=171725"}],"version-history":[{"count":1,"href":"https:\/\/aconteceunovale.com.br\/portal\/index.php?rest_route=\/wp\/v2\/posts\/171725\/revisions"}],"predecessor-version":[{"id":171728,"href":"https:\/\/aconteceunovale.com.br\/portal\/index.php?rest_route=\/wp\/v2\/posts\/171725\/revisions\/171728"}],"wp:featuredmedia":[{"embeddable":true,"href":"https:\/\/aconteceunovale.com.br\/portal\/index.php?rest_route=\/wp\/v2\/media\/171726"}],"wp:attachment":[{"href":"https:\/\/aconteceunovale.com.br\/portal\/index.php?rest_route=%2Fwp%2Fv2%2Fmedia&parent=171725"}],"wp:term":[{"taxonomy":"category","embeddable":true,"href":"https:\/\/aconteceunovale.com.br\/portal\/index.php?rest_route=%2Fwp%2Fv2%2Fcategories&post=171725"},{"taxonomy":"post_tag","embeddable":true,"href":"https:\/\/aconteceunovale.com.br\/portal\/index.php?rest_route=%2Fwp%2Fv2%2Ftags&post=171725"}],"curies":[{"name":"wp","href":"https:\/\/api.w.org\/{rel}","templated":true}]}}