{"id":171676,"date":"2021-01-02T11:56:23","date_gmt":"2021-01-02T14:56:23","guid":{"rendered":"https:\/\/aconteceunovale.com.br\/portal\/?p=171676"},"modified":"2021-01-02T11:56:54","modified_gmt":"2021-01-02T14:56:54","slug":"quase-500-mil-pacientes-ja-se-recuperaram-da-covid-19-em-minas-gerais","status":"publish","type":"post","link":"https:\/\/aconteceunovale.com.br\/portal\/?p=171676","title":{"rendered":"Quase 500 mil pacientes j\u00e1 se recuperaram da Covid-19 em Minas Gerais"},"content":{"rendered":"\n<p>496.011 pessoas infectadas j\u00e1 se recuperaram da Covid-19 em Minas Gerais. A informa\u00e7\u00e3o est\u00e1 no boletim epidemiol\u00f3gico divulgado pela Secretaria de Estado de Sa\u00fade (SES-MG) na manh\u00e3 deste s\u00e1bado (2\/1\/2021).<\/p>\n\n\n\n<p>O Estado soma 549.302 casos confirmados e 12.023 mortes. S\u00f3 nas \u00faltimas 24 horas, foram 2.418 novos infectados e 22 \u00f3bitos. 41.268 pacientes permanecem em acompanhamento.<\/p>\n\n\n\n<figure class=\"wp-block-image size-large\"><img loading=\"lazy\" decoding=\"async\" width=\"633\" height=\"489\" src=\"https:\/\/aconteceunovale.com.br\/portal\/wp-content\/uploads\/2021\/01\/corona_mg_2janeiro.png\" alt=\"\" class=\"wp-image-171677\" srcset=\"https:\/\/aconteceunovale.com.br\/portal\/wp-content\/uploads\/2021\/01\/corona_mg_2janeiro.png 633w, https:\/\/aconteceunovale.com.br\/portal\/wp-content\/uploads\/2021\/01\/corona_mg_2janeiro-300x232.png 300w, https:\/\/aconteceunovale.com.br\/portal\/wp-content\/uploads\/2021\/01\/corona_mg_2janeiro-544x420.png 544w\" sizes=\"auto, (max-width: 633px) 100vw, 633px\" \/><\/figure>\n\n\n\n<p class=\"has-white-color has-vivid-cyan-blue-background-color has-text-color has-background\">Quer saber as not\u00edcias do <strong>Aconteceu no Vale<\/strong> em primeira m\u00e3o? Siga-nos no Facebook <a rel=\"noreferrer noopener\" href=\"http:\/\/facebook.com\/aconteceunovale\" target=\"_blank\">@aconteceunovale<\/a>, Twitter <a rel=\"noreferrer noopener\" href=\"https:\/\/twitter.com\/noticiadosvales\" target=\"_blank\">@noticiadosvales<\/a> e Instagram <a rel=\"noreferrer noopener\" href=\"https:\/\/www.instagram.com\/aconteceunovale\" target=\"_blank\">@aconteceunovale<\/a>.<\/p>\n","protected":false},"excerpt":{"rendered":"<p>496.011 pessoas infectadas j\u00e1 se recuperaram da Covid-19 em Minas Gerais. A informa\u00e7\u00e3o est\u00e1 no boletim epidemiol\u00f3gico divulgado pela Secretaria de Estado de Sa\u00fade (SES-MG) na manh\u00e3 deste s\u00e1bado (2\/1\/2021). O Estado soma 549.302 casos confirmados e 12.023 mortes. S\u00f3 nas \u00faltimas 24 horas, foram 2.418 novos infectados e 22 \u00f3bitos. 41.268 pacientes permanecem em [&hellip;]<\/p>\n","protected":false},"author":4,"featured_media":162057,"comment_status":"open","ping_status":"closed","sticky":false,"template":"","format":"standard","meta":{"amp_status":"","footnotes":""},"categories":[123,40242],"tags":[233937,218641,217799,219851,219853,214884,216498,221718,233773,219855,215653,221717,219854,219852,217692,233938,221719,220285,220287,220286],"class_list":["post-171676","post","type-post","status-publish","format-standard","has-post-thumbnail","hentry","category-gerais","category-saude-2","tag-boletim-coronavirus-em-minas-gerais","tag-boletim-covid-19-em-minas-gerais","tag-casos-de-coronavirus-em-minas-gerais","tag-casos-de-covid-19-em-minas-gerais","tag-cidades-com-casos-de-coronavirus-em-minas-gerais","tag-coronavirus","tag-covid-19","tag-curados-do-coronavirus-em-minas-gerais","tag-minas-gerais-passa-de-12-mil-mortes-por-covid-19","tag-mortes-por-coronavirus-em-minas-gerais","tag-novo-coronavirus","tag-numero-de-curados-do-coronavirus-em-minas-gerais","tag-numeros-do-coronavirus-em-minas-gerais","tag-obitos-por-coronavirus-em-minas-gerias","tag-pandemia-de-coronavirus","tag-quase-500-mil-pacientes-ja-se-recuperaram-da-covid-19-em-minas-gerais","tag-recuperados-do-coronavirus-em-minas-gerais","tag-secretaria-de-saude-atualiza-numeros-do-coronavirus-em-minas-gerais","tag-secretaria-de-saude-de-minas-gerais-atualiza-numeros-do-coronavirus","tag-ses-mg-atualiza-numeros-do-coronavirus"],"_links":{"self":[{"href":"https:\/\/aconteceunovale.com.br\/portal\/index.php?rest_route=\/wp\/v2\/posts\/171676","targetHints":{"allow":["GET"]}}],"collection":[{"href":"https:\/\/aconteceunovale.com.br\/portal\/index.php?rest_route=\/wp\/v2\/posts"}],"about":[{"href":"https:\/\/aconteceunovale.com.br\/portal\/index.php?rest_route=\/wp\/v2\/types\/post"}],"author":[{"embeddable":true,"href":"https:\/\/aconteceunovale.com.br\/portal\/index.php?rest_route=\/wp\/v2\/users\/4"}],"replies":[{"embeddable":true,"href":"https:\/\/aconteceunovale.com.br\/portal\/index.php?rest_route=%2Fwp%2Fv2%2Fcomments&post=171676"}],"version-history":[{"count":1,"href":"https:\/\/aconteceunovale.com.br\/portal\/index.php?rest_route=\/wp\/v2\/posts\/171676\/revisions"}],"predecessor-version":[{"id":171678,"href":"https:\/\/aconteceunovale.com.br\/portal\/index.php?rest_route=\/wp\/v2\/posts\/171676\/revisions\/171678"}],"wp:featuredmedia":[{"embeddable":true,"href":"https:\/\/aconteceunovale.com.br\/portal\/index.php?rest_route=\/wp\/v2\/media\/162057"}],"wp:attachment":[{"href":"https:\/\/aconteceunovale.com.br\/portal\/index.php?rest_route=%2Fwp%2Fv2%2Fmedia&parent=171676"}],"wp:term":[{"taxonomy":"category","embeddable":true,"href":"https:\/\/aconteceunovale.com.br\/portal\/index.php?rest_route=%2Fwp%2Fv2%2Fcategories&post=171676"},{"taxonomy":"post_tag","embeddable":true,"href":"https:\/\/aconteceunovale.com.br\/portal\/index.php?rest_route=%2Fwp%2Fv2%2Ftags&post=171676"}],"curies":[{"name":"wp","href":"https:\/\/api.w.org\/{rel}","templated":true}]}}