{"id":171668,"date":"2021-01-02T11:23:23","date_gmt":"2021-01-02T14:23:23","guid":{"rendered":"https:\/\/aconteceunovale.com.br\/portal\/?p=171668"},"modified":"2021-01-02T23:08:24","modified_gmt":"2021-01-03T02:08:24","slug":"acidente-com-aviao-deixa-feridos-em-diamantina-no-vale-do-jequitinhonha","status":"publish","type":"post","link":"https:\/\/aconteceunovale.com.br\/portal\/?p=171668","title":{"rendered":"Acidente com avi\u00e3o deixa feridos em Diamantina, no Vale do Jequitinhonha"},"content":{"rendered":"\n<p>Um acidente com uma aeronave usada no transporte de pacientes deixou feridos em Diamantina, no Vale do Jequitinhonha, na manh\u00e3 deste s\u00e1bado (2\/1\/2021). O jato caiu em um barranco durante pouso no Aeroporto Juscelino Kubitschek (IATA: DTI, ICAO: SNDT).<\/p>\n\n\n\n<p>Segundo informa\u00e7\u00f5es do Corpo de Bombeiros, uma m\u00e9dica, um enfermeiro, o piloto e o copiloto estavam no avi\u00e3o no momento do acidente. Eles fariam o transporte de um paciente, de 62 anos, que estava em Coluna (MG). O homem reside no Estado de S\u00e3o Paulo e passou o final de ano na cidade mineira.<\/p>\n\n\n\n<p>Tr\u00eas dos quatro tripulantes da aeronave tiveram ferimentos leves\u00a0e foram encaminhados para o Pronto Atendimento Santa Isabel, da Santa Casa de Diamantina, onde foram atendidos e liberados.<\/p>\n\n\n\n<figure class=\"wp-block-gallery columns-1 is-cropped wp-block-gallery-1 is-layout-flex wp-block-gallery-is-layout-flex\"><ul class=\"blocks-gallery-grid\"><li class=\"blocks-gallery-item\"><figure><img loading=\"lazy\" decoding=\"async\" width=\"677\" height=\"369\" src=\"https:\/\/aconteceunovale.com.br\/portal\/wp-content\/uploads\/2021\/01\/acidente_aviao_dtna_1.jpeg\" alt=\"\" data-id=\"171669\" data-link=\"https:\/\/aconteceunovale.com.br\/portal\/?attachment_id=171669\" class=\"wp-image-171669\" srcset=\"https:\/\/aconteceunovale.com.br\/portal\/wp-content\/uploads\/2021\/01\/acidente_aviao_dtna_1.jpeg 677w, https:\/\/aconteceunovale.com.br\/portal\/wp-content\/uploads\/2021\/01\/acidente_aviao_dtna_1-300x164.jpeg 300w\" sizes=\"auto, (max-width: 677px) 100vw, 677px\" \/><figcaption class=\"blocks-gallery-item__caption\"><em>Foto: Reprodu\u00e7\u00e3o \/ CBMMG<\/em><\/figcaption><\/figure><\/li><\/ul><\/figure>\n\n\n\n<figure class=\"wp-block-gallery columns-1 is-cropped wp-block-gallery-2 is-layout-flex wp-block-gallery-is-layout-flex\"><ul class=\"blocks-gallery-grid\"><li class=\"blocks-gallery-item\"><figure><img loading=\"lazy\" decoding=\"async\" width=\"678\" height=\"435\" src=\"https:\/\/aconteceunovale.com.br\/portal\/wp-content\/uploads\/2021\/01\/acidente_aviao_dtna_4.jpg\" alt=\"\" data-id=\"171680\" data-full-url=\"https:\/\/aconteceunovale.com.br\/portal\/wp-content\/uploads\/2021\/01\/acidente_aviao_dtna_4.jpg\" data-link=\"https:\/\/aconteceunovale.com.br\/portal\/?attachment_id=171680\" class=\"wp-image-171680\" srcset=\"https:\/\/aconteceunovale.com.br\/portal\/wp-content\/uploads\/2021\/01\/acidente_aviao_dtna_4.jpg 678w, https:\/\/aconteceunovale.com.br\/portal\/wp-content\/uploads\/2021\/01\/acidente_aviao_dtna_4-300x192.jpg 300w, https:\/\/aconteceunovale.com.br\/portal\/wp-content\/uploads\/2021\/01\/acidente_aviao_dtna_4-655x420.jpg 655w\" sizes=\"auto, (max-width: 678px) 100vw, 678px\" \/><figcaption class=\"blocks-gallery-item__caption\"><em>Foto: Reprodu\u00e7\u00e3o \/ <em>CBMMG<\/em><\/em><\/figcaption><\/figure><\/li><\/ul><\/figure>\n\n\n\n<p>O avi\u00e3o \u00e9 um jato Learjet modelo 31A,\u00a0fabricado em 1995, tem capacidade para dez pessoas e est\u00e1 registrado em nome da\u00a0Brasil Vida T\u00e1xi A\u00e9reo.<\/p>\n\n\n\n<p>A per\u00edcia do Centro de Investiga\u00e7\u00e3o e Preven\u00e7\u00e3o de Acidentes Aeron\u00e1uticos (Cenipa)\u00a0foi acionada para investigar as causas do acidente.<\/p>\n\n\n\n<h2 class=\"wp-block-heading\"><strong>V\u00eddeos<\/strong><\/h2>\n\n\n\n<figure class=\"wp-block-embed is-type-rich is-provider-incorporar-manipulador wp-block-embed-incorporar-manipulador wp-embed-aspect-16-9 wp-has-aspect-ratio\"><div class=\"wp-block-embed__wrapper\">\n<iframe loading=\"lazy\" title=\"Avi\u00e3o sai da pista em Diamantina - 2\/1\/2021\" width=\"696\" height=\"392\" src=\"https:\/\/www.youtube.com\/embed\/-Kjb4NRUc9M?feature=oembed\" frameborder=\"0\" allow=\"accelerometer; autoplay; clipboard-write; encrypted-media; gyroscope; picture-in-picture\" allowfullscreen><\/iframe>\n<\/div><\/figure>\n\n\n\n<figure class=\"wp-block-embed is-type-rich is-provider-incorporar-manipulador wp-block-embed-incorporar-manipulador wp-embed-aspect-16-9 wp-has-aspect-ratio\"><div class=\"wp-block-embed__wrapper\">\n<iframe loading=\"lazy\" title=\"Acidente com jato em Diamantina - 2\/1\/2021\" width=\"696\" height=\"392\" src=\"https:\/\/www.youtube.com\/embed\/fj13-nddU2w?feature=oembed\" frameborder=\"0\" allow=\"accelerometer; autoplay; clipboard-write; encrypted-media; gyroscope; picture-in-picture\" allowfullscreen><\/iframe>\n<\/div><\/figure>\n\n\n\n<figure class=\"wp-block-embed is-type-rich is-provider-incorporar-manipulador wp-block-embed-incorporar-manipulador wp-embed-aspect-16-9 wp-has-aspect-ratio\"><div class=\"wp-block-embed__wrapper\">\n<iframe loading=\"lazy\" title=\"Acidente com avi\u00e3o em Diamantina \u2013 2\/1\/2021\" width=\"696\" height=\"392\" src=\"https:\/\/www.youtube.com\/embed\/XxJgrN-zGrc?feature=oembed\" frameborder=\"0\" allow=\"accelerometer; autoplay; clipboard-write; encrypted-media; gyroscope; picture-in-picture\" allowfullscreen><\/iframe>\n<\/div><\/figure>\n\n\n\n<figure class=\"wp-block-embed is-type-rich is-provider-incorporar-manipulador wp-block-embed-incorporar-manipulador wp-embed-aspect-16-9 wp-has-aspect-ratio\"><div class=\"wp-block-embed__wrapper\">\n<iframe loading=\"lazy\" title=\"Jato sai da pista em Diamantina \u2013 2\/1\/2021\" width=\"696\" height=\"392\" src=\"https:\/\/www.youtube.com\/embed\/-AKJ14oUAD0?feature=oembed\" frameborder=\"0\" allow=\"accelerometer; autoplay; clipboard-write; encrypted-media; gyroscope; picture-in-picture\" allowfullscreen><\/iframe>\n<\/div><\/figure>\n\n\n\n<h2 class=\"wp-block-heading\"><strong>Nota da Brasil Vida Taxi A\u00e9reo<\/strong><\/h2>\n\n\n\n<p><em>A Brasil Vida Taxi A\u00e9reo informa que houve ocorr\u00eancia com uma de suas aeronaves, neste s\u00e1bado (2). O Learjet 31A, que viajava com piloto, copiloto, enfermeiro e m\u00e9dica, saiu da pista no momento da aterrisagem, no Aeroporto de Diamantina, em Minas Gerais.<\/em><\/p>\n\n\n\n<p><em>O jato possui todas as certifica\u00e7\u00f5es e autoriza\u00e7\u00f5es necess\u00e1rias v\u00e1lidas junto \u00e0 Ag\u00eancia Nacional de Avia\u00e7\u00e3o Civil (ANAC), portanto, perfeitamente apto a operar em qualquer parte do Brasil. O avi\u00e3o opera com manuten\u00e7\u00e3o rigorosamente em dia, sob responsabilidade de empresa devidamente certificada.<\/em><\/p>\n\n\n\n<p><em>A empresa foi contratada para uma miss\u00e3o particular no munic\u00edpio e enviou outro avi\u00e3o para o atendimento &#8211; que j\u00e1 foi realizado. N\u00e3o havia passageiros a bordo.<\/em><\/p>\n\n\n\n<p><em>Parte da equipe sofreu ferimentos leves e est\u00e1 sendo transferida para Goi\u00e2nia em uma aeronave enviada pela empresa.<\/em><\/p>\n\n\n\n<p><em>A empresa comunicou a Aeron\u00e1utica sobre o evento, a quem caber\u00e1 determinar a causa do acidente.<\/em><\/p>\n\n\n\n<p><em>A empresa est\u00e1 prestando todo suporte aos colaboradores que viajavam a trabalho, bem como permanece a disposi\u00e7\u00e3o das autoridades para colaborar com as informa\u00e7\u00f5es que forem necess\u00e1rias.<\/em><\/p>\n\n\n\n<p><em>Um respons\u00e1vel da empresa j\u00e1 est\u00e1 no local para tomar as decis\u00f5es cab\u00edveis.<\/em><\/p>\n\n\n\n<p class=\"has-white-color has-vivid-cyan-blue-background-color has-text-color has-background\">Quer saber as not\u00edcias do <strong>Aconteceu no Vale<\/strong> em primeira m\u00e3o? Siga-nos no Facebook <a rel=\"noreferrer noopener\" href=\"http:\/\/facebook.com\/aconteceunovale\" target=\"_blank\">@aconteceunovale<\/a>, Twitter <a rel=\"noreferrer noopener\" href=\"https:\/\/twitter.com\/noticiadosvales\" target=\"_blank\">@noticiadosvales<\/a> e Instagram <a rel=\"noreferrer noopener\" href=\"https:\/\/www.instagram.com\/aconteceunovale\" target=\"_blank\">@aconteceunovale<\/a>.<\/p>\n","protected":false},"excerpt":{"rendered":"<p>Um acidente com uma aeronave usada no transporte de pacientes deixou feridos em Diamantina, no Vale do Jequitinhonha, na manh\u00e3 deste s\u00e1bado (2\/1\/2021). O jato caiu em um barranco durante pouso no Aeroporto Juscelino Kubitschek (IATA: DTI, ICAO: SNDT). Segundo informa\u00e7\u00f5es do Corpo de Bombeiros, uma m\u00e9dica, um enfermeiro, o piloto e o copiloto estavam [&hellip;]<\/p>\n","protected":false},"author":4,"featured_media":171669,"comment_status":"open","ping_status":"closed","sticky":false,"template":"","format":"standard","meta":{"amp_status":"","footnotes":""},"categories":[120],"tags":[233922,233932,233920,233921,233928,233934,233923,233936,233933,233931,233929,233927,233942,233926,198185,29660,1018,198,233943,4609,233941,233935,233944,233925,233924,233930],"class_list":["post-171668","post","type-post","status-publish","format-standard","has-post-thumbnail","hentry","category-jequi","tag-acidente-aereo-em-diamantina","tag-acidente-com-aviao-da-brasil-vida-taxi-aereo","tag-acidente-com-aviao-deixa-feridos-em-diamantina","tag-acidente-com-aviao-em-diamantina","tag-acidente-com-aviao-no-aeroporto-juscelino-kubitschek","tag-acidente-com-jato","tag-acidente-com-jato-em-diamantina","tag-acidente-com-learjet","tag-acidente-com-learjet-31a","tag-acidente-com-taxi-aereo-em-diamantina","tag-acidente-no-aeroporto-juscelino-kubitschek","tag-aeroporto-juscelino-kubitschek","tag-amanda-gabriela-dourado","tag-aviao-cai-em-barranco-em-diamantina","tag-brasil-vida-taxi-aereo","tag-cbmmg","tag-destaque","tag-diamantina","tag-eduardo-valim-macena","tag-goiania","tag-joao-carlos-barbosa","tag-learjet","tag-mauricio-de-carvalho","tag-queda-de-aviao-em-barranco-em-diamantina","tag-queda-de-aviao-em-diamantina","tag-queda-de-aviao-no-aeroporto-juscelino-kubitschek"],"_links":{"self":[{"href":"https:\/\/aconteceunovale.com.br\/portal\/index.php?rest_route=\/wp\/v2\/posts\/171668","targetHints":{"allow":["GET"]}}],"collection":[{"href":"https:\/\/aconteceunovale.com.br\/portal\/index.php?rest_route=\/wp\/v2\/posts"}],"about":[{"href":"https:\/\/aconteceunovale.com.br\/portal\/index.php?rest_route=\/wp\/v2\/types\/post"}],"author":[{"embeddable":true,"href":"https:\/\/aconteceunovale.com.br\/portal\/index.php?rest_route=\/wp\/v2\/users\/4"}],"replies":[{"embeddable":true,"href":"https:\/\/aconteceunovale.com.br\/portal\/index.php?rest_route=%2Fwp%2Fv2%2Fcomments&post=171668"}],"version-history":[{"count":8,"href":"https:\/\/aconteceunovale.com.br\/portal\/index.php?rest_route=\/wp\/v2\/posts\/171668\/revisions"}],"predecessor-version":[{"id":171757,"href":"https:\/\/aconteceunovale.com.br\/portal\/index.php?rest_route=\/wp\/v2\/posts\/171668\/revisions\/171757"}],"wp:featuredmedia":[{"embeddable":true,"href":"https:\/\/aconteceunovale.com.br\/portal\/index.php?rest_route=\/wp\/v2\/media\/171669"}],"wp:attachment":[{"href":"https:\/\/aconteceunovale.com.br\/portal\/index.php?rest_route=%2Fwp%2Fv2%2Fmedia&parent=171668"}],"wp:term":[{"taxonomy":"category","embeddable":true,"href":"https:\/\/aconteceunovale.com.br\/portal\/index.php?rest_route=%2Fwp%2Fv2%2Fcategories&post=171668"},{"taxonomy":"post_tag","embeddable":true,"href":"https:\/\/aconteceunovale.com.br\/portal\/index.php?rest_route=%2Fwp%2Fv2%2Ftags&post=171668"}],"curies":[{"name":"wp","href":"https:\/\/api.w.org\/{rel}","templated":true}]}}