{"id":171608,"date":"2021-01-01T16:51:22","date_gmt":"2021-01-01T19:51:22","guid":{"rendered":"https:\/\/aconteceunovale.com.br\/portal\/?p=171608"},"modified":"2021-01-01T16:52:22","modified_gmt":"2021-01-01T19:52:22","slug":"crianca-brinca-com-fosforo-e-coloca-fogo-na-casa-no-norte-de-minas","status":"publish","type":"post","link":"https:\/\/aconteceunovale.com.br\/portal\/?p=171608","title":{"rendered":"Crian\u00e7a brinca com f\u00f3sforo e coloca fogo na casa no Norte de Minas"},"content":{"rendered":"\n<p>Um\u00a0descuido\u00a0de aten\u00e7\u00e3o dos pais para com a\u00a0filha\u00a0de apenas quatro anos, que\u00a0brincava com f\u00f3sforos\u00a0dentro do quarto, acabou provocando um\u00a0inc\u00eandio\u00a0que destruiu boa parte da resid\u00eancia da fam\u00edlia, no Bairro Nova Esperan\u00e7a, em Jana\u00faba (MG).<\/p>\n\n\n\n<p>O fato aconteceu no final da tarde dessa quinta-feira (31\/12). Segundo testemunhas, o fogo teve in\u00edcio no quarto da menina e foi, aos poucos, se alastrando para os demais c\u00f4modos da casa.<\/p>\n\n\n\n<p>A interven\u00e7\u00e3o dos vizinhos foi providencial, segundo o Corpo de Bombeiros, pois tiveram a\u00e7\u00e3o determinante para evitar que a trag\u00e9dia fosse maior. Quando os soldados chegaram ao local, o inc\u00eandio j\u00e1 estava controlado.<\/p>\n\n\n\n<p>Imediatamente, usando m\u00e1scaras e roupa contra fogo, os bombeiros fizeram um trabalho de rescaldo. Havia a suspeita de que a crian\u00e7a tivesse inalado fuma\u00e7a t\u00f3xica e, por isso, ela foi encaminhada a uma unidade de sa\u00fade da cidade.<\/p>\n\n\n\n<p>Segundo relat\u00f3rio dos bombeiros, o inc\u00eandio consumiu completamente m\u00f3veis, colch\u00f5es, roupas e parte do telhado onde se encontrava o c\u00f4modo em que o inc\u00eandio teve in\u00edcio.<\/p>\n\n\n\n<figure class=\"wp-block-gallery columns-1 is-cropped wp-block-gallery-1 is-layout-flex wp-block-gallery-is-layout-flex\"><ul class=\"blocks-gallery-grid\"><li class=\"blocks-gallery-item\"><figure><img loading=\"lazy\" decoding=\"async\" width=\"666\" height=\"450\" src=\"https:\/\/aconteceunovale.com.br\/portal\/wp-content\/uploads\/2021\/01\/incendio_janauba.jpeg\" alt=\"\" data-id=\"171609\" data-full-url=\"https:\/\/aconteceunovale.com.br\/portal\/wp-content\/uploads\/2021\/01\/incendio_janauba.jpeg\" data-link=\"https:\/\/aconteceunovale.com.br\/portal\/?attachment_id=171609\" class=\"wp-image-171609\" srcset=\"https:\/\/aconteceunovale.com.br\/portal\/wp-content\/uploads\/2021\/01\/incendio_janauba.jpeg 666w, https:\/\/aconteceunovale.com.br\/portal\/wp-content\/uploads\/2021\/01\/incendio_janauba-300x203.jpeg 300w, https:\/\/aconteceunovale.com.br\/portal\/wp-content\/uploads\/2021\/01\/incendio_janauba-622x420.jpeg 622w\" sizes=\"auto, (max-width: 666px) 100vw, 666px\" \/><figcaption class=\"blocks-gallery-item__caption\"><em>Foto: Divulga\u00e7\u00e3o \/ Corpo de Bombeiros<\/em><\/figcaption><\/figure><\/li><\/ul><\/figure>\n\n\n\n<p class=\"has-white-color has-vivid-cyan-blue-background-color has-text-color has-background\">Quer saber as not\u00edcias do <strong>Aconteceu no Vale<\/strong> em primeira m\u00e3o? Siga-nos no Facebook <a rel=\"noreferrer noopener\" href=\"http:\/\/facebook.com\/aconteceunovale\" target=\"_blank\">@aconteceunovale<\/a>, Twitter <a rel=\"noreferrer noopener\" href=\"https:\/\/twitter.com\/noticiadosvales\" target=\"_blank\">@noticiadosvales<\/a> e Instagram <a rel=\"noreferrer noopener\" href=\"https:\/\/www.instagram.com\/aconteceunovale\" target=\"_blank\">@aconteceunovale<\/a>.<\/p>\n","protected":false},"excerpt":{"rendered":"<p>Um\u00a0descuido\u00a0de aten\u00e7\u00e3o dos pais para com a\u00a0filha\u00a0de apenas quatro anos, que\u00a0brincava com f\u00f3sforos\u00a0dentro do quarto, acabou provocando um\u00a0inc\u00eandio\u00a0que destruiu boa parte da resid\u00eancia da fam\u00edlia, no Bairro Nova Esperan\u00e7a, em Jana\u00faba (MG). O fato aconteceu no final da tarde dessa quinta-feira (31\/12). Segundo testemunhas, o fogo teve in\u00edcio no quarto da menina e foi, aos [&hellip;]<\/p>\n","protected":false},"author":4,"featured_media":171609,"comment_status":"open","ping_status":"closed","sticky":false,"template":"","format":"standard","meta":{"amp_status":"","footnotes":""},"categories":[1236],"tags":[233815,233814,233816,233817,233818,204],"class_list":["post-171608","post","type-post","status-publish","format-standard","has-post-thumbnail","hentry","category-norte_de_minas","tag-crianca-brinca-com-fosforo-e-coloca-fogo-na-casa-em-janauba","tag-crianca-brinca-com-fosforo-e-coloca-fogo-na-casa-no-norte-de-minas","tag-incendio-em-janauba","tag-incendio-em-residencia-em-janauba","tag-incendio-no-bairro-nova-esperanca-em-janauba","tag-janauba"],"_links":{"self":[{"href":"https:\/\/aconteceunovale.com.br\/portal\/index.php?rest_route=\/wp\/v2\/posts\/171608","targetHints":{"allow":["GET"]}}],"collection":[{"href":"https:\/\/aconteceunovale.com.br\/portal\/index.php?rest_route=\/wp\/v2\/posts"}],"about":[{"href":"https:\/\/aconteceunovale.com.br\/portal\/index.php?rest_route=\/wp\/v2\/types\/post"}],"author":[{"embeddable":true,"href":"https:\/\/aconteceunovale.com.br\/portal\/index.php?rest_route=\/wp\/v2\/users\/4"}],"replies":[{"embeddable":true,"href":"https:\/\/aconteceunovale.com.br\/portal\/index.php?rest_route=%2Fwp%2Fv2%2Fcomments&post=171608"}],"version-history":[{"count":1,"href":"https:\/\/aconteceunovale.com.br\/portal\/index.php?rest_route=\/wp\/v2\/posts\/171608\/revisions"}],"predecessor-version":[{"id":171610,"href":"https:\/\/aconteceunovale.com.br\/portal\/index.php?rest_route=\/wp\/v2\/posts\/171608\/revisions\/171610"}],"wp:featuredmedia":[{"embeddable":true,"href":"https:\/\/aconteceunovale.com.br\/portal\/index.php?rest_route=\/wp\/v2\/media\/171609"}],"wp:attachment":[{"href":"https:\/\/aconteceunovale.com.br\/portal\/index.php?rest_route=%2Fwp%2Fv2%2Fmedia&parent=171608"}],"wp:term":[{"taxonomy":"category","embeddable":true,"href":"https:\/\/aconteceunovale.com.br\/portal\/index.php?rest_route=%2Fwp%2Fv2%2Fcategories&post=171608"},{"taxonomy":"post_tag","embeddable":true,"href":"https:\/\/aconteceunovale.com.br\/portal\/index.php?rest_route=%2Fwp%2Fv2%2Ftags&post=171608"}],"curies":[{"name":"wp","href":"https:\/\/api.w.org\/{rel}","templated":true}]}}