{"id":171599,"date":"2021-01-01T16:07:38","date_gmt":"2021-01-01T19:07:38","guid":{"rendered":"https:\/\/aconteceunovale.com.br\/portal\/?p=171599"},"modified":"2021-01-01T17:14:14","modified_gmt":"2021-01-01T20:14:14","slug":"gilmar-santos-e-eleito-presidente-da-camara-de-capelinha","status":"publish","type":"post","link":"https:\/\/aconteceunovale.com.br\/portal\/?p=171599","title":{"rendered":"Gilmar Santos \u00e9 eleito presidente da C\u00e2mara de Capelinha"},"content":{"rendered":"\n<p>O vereador Gilmar Isaias dos Santos (PTC) foi eleito nesta sexta-feira (1\u00ba) presidente da C\u00e2mara Municipal de Capelinha, no Vale do Jequitinhonha, para o bi\u00eanio 2021-2022. Ele recebeu o apoio de 8 dos treze legisladores do munic\u00edpio. A chapa concorrente, liderada por Luciano Costa Barbosa (L\u00fa do Piedade), recebeu 05 votos.<\/p>\n\n\n\n<p>Toz\u00e3o da Cana (PSC), como vice-presidente; R\u00e9gis (PSC), como primeiro secret\u00e1rio; Maria Carlota (PTC), como segundo secret\u00e1rio; e Iadson da Sa\u00fade (PSC) como tesoureiro comp\u00f5em a chapa de Gilmar Santos. Os cinco vereadores fazem parte da base do prefeito Tadeuzinho Abreu (PSC).<\/p>\n\n\n\n<figure class=\"wp-block-gallery columns-1 is-cropped wp-block-gallery-1 is-layout-flex wp-block-gallery-is-layout-flex\"><ul class=\"blocks-gallery-grid\"><li class=\"blocks-gallery-item\"><figure><img loading=\"lazy\" decoding=\"async\" width=\"660\" height=\"450\" src=\"https:\/\/aconteceunovale.com.br\/portal\/wp-content\/uploads\/2021\/01\/gilmar_santos.png\" alt=\"\" data-id=\"171600\" data-full-url=\"https:\/\/aconteceunovale.com.br\/portal\/wp-content\/uploads\/2021\/01\/gilmar_santos.png\" data-link=\"https:\/\/aconteceunovale.com.br\/portal\/?attachment_id=171600\" class=\"wp-image-171600\" srcset=\"https:\/\/aconteceunovale.com.br\/portal\/wp-content\/uploads\/2021\/01\/gilmar_santos.png 660w, https:\/\/aconteceunovale.com.br\/portal\/wp-content\/uploads\/2021\/01\/gilmar_santos-300x205.png 300w, https:\/\/aconteceunovale.com.br\/portal\/wp-content\/uploads\/2021\/01\/gilmar_santos-218x150.png 218w, https:\/\/aconteceunovale.com.br\/portal\/wp-content\/uploads\/2021\/01\/gilmar_santos-616x420.png 616w\" sizes=\"auto, (max-width: 660px) 100vw, 660px\" \/><figcaption class=\"blocks-gallery-item__caption\"><em>Gilmar Santos (PTC) &#8211; Foto: Divulga\u00e7\u00e3o<\/em><\/figcaption><\/figure><\/li><\/ul><\/figure>\n\n\n\n<h3 class=\"wp-block-heading\"><strong>Chapas inscritas para a elei\u00e7\u00e3o:<\/strong><\/h3>\n\n\n\n<p><strong>CHAPA 01:<\/strong><\/p>\n\n\n\n<ul class=\"wp-block-list\"><li><strong>Presidente:<\/strong> Gilmar Santos (PTC)<\/li><li><strong>Vice-presidente:<\/strong> Toz\u00e3o da Cana (PSC)<\/li><li><strong>Primeiro secret\u00e1rio: <\/strong>R\u00e9gis (PSC)<\/li><li><strong>Segundo secret\u00e1rio: <\/strong>Maria Carlota (PTC)<\/li><li><strong>Tesoureiro: <\/strong>Iadson da Sa\u00fade (PSC)<\/li><\/ul>\n\n\n\n<p><strong>CHAPA 02:<\/strong><\/p>\n\n\n\n<ul class=\"wp-block-list\"><li><strong>Presidente:<\/strong> L\u00fa do Piedade (Avante)<\/li><li><strong>Vice-presidente:<\/strong> Gedalvo Fernandes (MDB)<\/li><li><strong>Primeiro secret\u00e1rio:<\/strong> Ci da Farm\u00e1cia (PTB)<\/li><li><strong>Segundo secret\u00e1rio:<\/strong> Laerte Barrinha (Avante)<\/li><li><strong>Tesoureiro:<\/strong> Fef\u00e9 (PSDB)<\/li><\/ul>\n\n\n\n<h3 class=\"wp-block-heading\"><strong>Confira como votou cada vereador na escolha do novo presidente da C\u00e2mara:<\/strong><\/h3>\n\n\n\n<ul class=\"wp-block-list\"><li><strong>Maria Carlota (PTC)<\/strong> &#8211; Chapa 1 (Gilmar Santos)<\/li><li><strong>Charlim (PTC)<\/strong> &#8211; Chapa 1 (Gilmar Santos)<\/li><li><strong>Tiago do Pedro (PSC)<\/strong> &#8211; Chapa 1 (Gilmar Santos)<\/li><li><strong>Toz\u00e3o da Cana (PSC)<\/strong> &#8211; Chapa 1 (Gilmar Santos)<\/li><li><strong>Iadson da Sa\u00fade (PSC)<\/strong> &#8211; Chapa 1 (Gilmar Santos)<\/li><li><strong>Gilmar Santos (PTC)<\/strong> &#8211; Chapa 1 (Gilmar Santos)<\/li><li><strong>Ci da Farm\u00e1cia (PTB)<\/strong> &#8211; Chapa 2 (L\u00fa do Piedade)<\/li><li><strong>Gedalvo Fernandes (MDB) <\/strong>&#8211; Chapa 2 (L\u00fa do Piedade)<\/li><li><strong>L\u00fa do Piedade (Avante) <\/strong>&#8211; Chapa 2 (L\u00fa do Piedade)<\/li><li><strong>Fef\u00e9 (PSDB) <\/strong>&#8211; Chapa 2 (L\u00fa do Piedade)<\/li><li><strong>R\u00e9gis (PSC) <\/strong>&#8211; Chapa 1 (Gilmar Santos)<\/li><li><strong>Laerte Barrinha (Avante)<\/strong> &#8211; Chapa 2 (L\u00fa do Piedade)<\/li><li><strong>Gamb\u00e1 (Republicanos)<\/strong> &#8211; Chapa 1 (Gilmar Santos)<\/li><\/ul>\n\n\n\n<p>Ap\u00f3s a elei\u00e7\u00e3o nominal, Gilmar Santos foi empossado como presidente da C\u00e2mara, declarou instalada a Legislatura 2021-2024 e deu posse ao prefeito reeleito, Tadeuzinho Abreu, e ao vice-prefeito eleito, Al\u00e9quison Gomes.<\/p>\n\n\n\n<h3 class=\"wp-block-heading\"><strong>Solenidade de posse<\/strong><\/h3>\n\n\n\n<figure class=\"wp-block-embed is-type-rich is-provider-incorporar-manipulador wp-block-embed-incorporar-manipulador wp-embed-aspect-4-3 wp-has-aspect-ratio\"><div class=\"wp-block-embed__wrapper\">\n<iframe loading=\"lazy\" title=\"Transmiss\u00e3o ao vivo de C\u00e2mara Municipal de Capelinha Capelinha - MG\" width=\"696\" height=\"392\" src=\"https:\/\/www.youtube.com\/embed\/uyqIePh1oZM?feature=oembed\" frameborder=\"0\" allow=\"accelerometer; autoplay; clipboard-write; encrypted-media; gyroscope; picture-in-picture\" allowfullscreen><\/iframe>\n<\/div><\/figure>\n\n\n\n<p class=\"has-white-color has-vivid-cyan-blue-background-color has-text-color has-background\">Quer saber as not\u00edcias do <strong>Aconteceu no Vale<\/strong> em primeira m\u00e3o? Siga-nos no Facebook <a rel=\"noreferrer noopener\" href=\"http:\/\/facebook.com\/aconteceunovale\" target=\"_blank\">@aconteceunovale<\/a>, Twitter <a rel=\"noreferrer noopener\" href=\"https:\/\/twitter.com\/noticiadosvales\" target=\"_blank\">@noticiadosvales<\/a> e Instagram <a rel=\"noreferrer noopener\" href=\"https:\/\/www.instagram.com\/aconteceunovale\" target=\"_blank\">@aconteceunovale<\/a>.<\/p>\n","protected":false},"excerpt":{"rendered":"<p>O vereador Gilmar Isaias dos Santos (PTC) foi eleito nesta sexta-feira (1\u00ba) presidente da C\u00e2mara Municipal de Capelinha, no Vale do Jequitinhonha, para o bi\u00eanio 2021-2022. Ele recebeu o apoio de 8 dos treze legisladores do munic\u00edpio. A chapa concorrente, liderada por Luciano Costa Barbosa (L\u00fa do Piedade), recebeu 05 votos. Toz\u00e3o da Cana (PSC), [&hellip;]<\/p>\n","protected":false},"author":4,"featured_media":171600,"comment_status":"open","ping_status":"closed","sticky":false,"template":"","format":"standard","meta":{"amp_status":"","footnotes":""},"categories":[40240,120],"tags":[230288,230286,230289,230291,230299,230287,230300,230292,194,1017,230313,230315,107337,228808,228809,107338,107339,228810,228811,107340,228812,228813,228814,228815,228816,229912,230314,228817,228818,228819,132,568,27867,228820,1018,228821,228822,228823,230284,228824,164747,205329,230282,228825,229909,230320,213145,228826,230297,228827,230285,205330,230298,230310,233812,233813,228828,107345,228829,230317,230318,230311,230312,119292,228830,228831,230293,228832,228833,230296,134222,133797,229458,230309,230308,230319,230307,233802,233801,230302,117788,230294,229537,186791,228838,230316,229910,229911,20744,228834,228835,228836,228837,230290,230301,190251,94060,267,230303,230295,230304],"class_list":["post-171599","post","type-post","status-publish","format-standard","has-post-thumbnail","hentry","category-politica-2","category-jequi","tag-apuracao-das-eleicoes","tag-apuracao-das-eleicoes-2020","tag-apuracao-das-eleicoes-municipais","tag-apuracao-das-eleicoes-municipais-2020","tag-apuracao-das-eleicoes-municipais-2020-em-capelinha","tag-apuracao-das-eleicoes-municipais-de-2020","tag-apuracao-das-eleicoes-municipais-em-capelinha","tag-apuracao-em-tempo-real-das-eleicoes-municipais-2020","tag-belo-horizonte","tag-bh","tag-candidata-e-detida-por-crime-eleitoral-em-capelinha","tag-candidata-presa-em-capelinha","tag-candidatos-a-prefeito-de","tag-candidatos-a-prefeito-eleicoes-2020","tag-candidatos-a-prefeito-eleicoes-municipais-2020","tag-candidatos-a-prefeito-em","tag-candidatos-a-vereador-de","tag-candidatos-a-vereador-eleicoes-2020","tag-candidatos-a-vereador-eleicoes-municipais-2020","tag-candidatos-a-vereador-em","tag-candidatos-a-vereador-em-2020","tag-candidatos-eleicoes-2020","tag-candidatos-eleicoes-2020-minas-gerais","tag-candidatos-eleicoes-municipais-2020","tag-candidatos-eleicoes-municipais-2020-minas-gerais","tag-candidatos-presos","tag-candidatos-presos-em-minas-gerais","tag-candidaturas-2020","tag-candidaturas-eleicoes-municipais-2020","tag-candidaturas-eleicoes-municipais-2020-minas-gerais","tag-capelinha","tag-cnm","tag-confederacao-nacional-dos-municipios","tag-consultas-sobre-candidatos-2020","tag-destaque","tag-divulgacao-de-candidaturas-2020","tag-divulgacao-de-candidaturas-eleicoes-2020","tag-divulgacao-de-candidaturas-eleicoes-2020-minas-gerais","tag-doutor-fabricio","tag-download-aplicativo-candidaturas-2020","tag-e-titulo","tag-eleicoes-2020","tag-eleicoes-2020-em-capelinha","tag-eleicoes-2020-minas-gerais","tag-eleicoes-2020-candidatos-agora-so-podem-ser-presos-em-flagrante","tag-eleicoes-em-capelinha","tag-eleicoes-municipais-2020","tag-eleicoes-municipais-2020-divulgacao-de-candidaturas","tag-eleicoes-municipais-2020-em-capelinha","tag-eleicoes-municipais-2020-minas-gerais","tag-eleicoes-municipais-2020-apuracao-em-tempo-real","tag-eleicoes-municipais-de-2020","tag-eleicoes-municipais-em-capelinha","tag-eleitores-devem-utilizar-e-titulo-para-justificar-ausencia-na-votacao","tag-gilmar-santos-e-eleito-presidente-da-camara-de-capelinha","tag-gilmar-santos-presidente-da-camara-de-capelinha","tag-informacoes-detalhadas-sobre-todos-os-candidatos-de-2020","tag-informacoes-sobre-todos-os-candidatos","tag-informacoes-sobre-todos-os-candidatos-de-2020","tag-jaqueline-das-gracas-coelho","tag-jaqueline-enfermeira","tag-justificar-ausencia-na-votacao","tag-justificativa-eleitoral-no-e-titulo","tag-kalil","tag-lista-candidaturas-eleicoes-2020","tag-lista-candidaturas-eleicoes-2020-minas-gerais","tag-lista-de-prefeitos-eleitos","tag-lista-de-todos-os-candidatos-eleicoes-2020","tag-lista-de-todos-os-candidatos-eleicoes-2020-minas-gerais","tag-lista-de-vereadores-eleitos","tag-novo-prefeito-de-capelinha","tag-novo-presidente-da-camara-de-capelinha","tag-o-que-fazem-os-prefeitos","tag-o-que-nao-pode-no-dia-da-votacao","tag-o-que-pode-no-dia-da-votacao","tag-operacao-eleicao-2020","tag-pode-ou-nao-pode-eleicoes-2020","tag-posse-dos-eleitos-em-capelinha","tag-posse-em-capelinha","tag-prefeito-eleito-em","tag-prefeito-eleito-em-capelinha","tag-prefeitos-eleitos","tag-prefeitos-que-tentarao-reeleicao","tag-presidente-eleito-para-a-camara-de-capelinha","tag-primeiros-registros-de-candidatura-para-as-eleicoes-2020-em-minas-gerais-sao-recebidos-pela-justica-eleitoral","tag-prisao-de-candidata-em-capelinha","tag-prisao-de-candidatos","tag-prisao-em-flagrante-de-candidatos","tag-reeleicao","tag-relacao-candidaturas-eleicoes-2020","tag-relacao-candidaturas-eleicoes-2020-minas-gerais","tag-relacao-de-todos-os-candidatos-eleicoes-2020","tag-relacao-de-todos-os-candidatos-eleicoes-2020-minas-gerais","tag-resultado-das-eleicoes-municipais-2020","tag-resultado-das-eleicoes-municipais-2020-em-capelinha","tag-sistema-justifica","tag-tribunal-superior-eleitoral","tag-tse","tag-vereador-eleito-em","tag-vereadores-eleitos","tag-vereadores-eleitos-em"],"_links":{"self":[{"href":"https:\/\/aconteceunovale.com.br\/portal\/index.php?rest_route=\/wp\/v2\/posts\/171599","targetHints":{"allow":["GET"]}}],"collection":[{"href":"https:\/\/aconteceunovale.com.br\/portal\/index.php?rest_route=\/wp\/v2\/posts"}],"about":[{"href":"https:\/\/aconteceunovale.com.br\/portal\/index.php?rest_route=\/wp\/v2\/types\/post"}],"author":[{"embeddable":true,"href":"https:\/\/aconteceunovale.com.br\/portal\/index.php?rest_route=\/wp\/v2\/users\/4"}],"replies":[{"embeddable":true,"href":"https:\/\/aconteceunovale.com.br\/portal\/index.php?rest_route=%2Fwp%2Fv2%2Fcomments&post=171599"}],"version-history":[{"count":7,"href":"https:\/\/aconteceunovale.com.br\/portal\/index.php?rest_route=\/wp\/v2\/posts\/171599\/revisions"}],"predecessor-version":[{"id":171640,"href":"https:\/\/aconteceunovale.com.br\/portal\/index.php?rest_route=\/wp\/v2\/posts\/171599\/revisions\/171640"}],"wp:featuredmedia":[{"embeddable":true,"href":"https:\/\/aconteceunovale.com.br\/portal\/index.php?rest_route=\/wp\/v2\/media\/171600"}],"wp:attachment":[{"href":"https:\/\/aconteceunovale.com.br\/portal\/index.php?rest_route=%2Fwp%2Fv2%2Fmedia&parent=171599"}],"wp:term":[{"taxonomy":"category","embeddable":true,"href":"https:\/\/aconteceunovale.com.br\/portal\/index.php?rest_route=%2Fwp%2Fv2%2Fcategories&post=171599"},{"taxonomy":"post_tag","embeddable":true,"href":"https:\/\/aconteceunovale.com.br\/portal\/index.php?rest_route=%2Fwp%2Fv2%2Ftags&post=171599"}],"curies":[{"name":"wp","href":"https:\/\/api.w.org\/{rel}","templated":true}]}}