{"id":171589,"date":"2021-01-01T13:20:50","date_gmt":"2021-01-01T16:20:50","guid":{"rendered":"https:\/\/aconteceunovale.com.br\/portal\/?p=171589"},"modified":"2026-08-31T23:11:34","modified_gmt":"2026-09-01T02:11:34","slug":"prefeito-vice-prefeito-e-vereadores-tomam-posse-em-capelinha","status":"publish","type":"post","link":"https:\/\/aconteceunovale.com.br\/portal\/?p=171589","title":{"rendered":"Prefeito, vice-prefeito e vereadores tomam posse em Capelinha"},"content":{"rendered":"\n<p class=\"wp-block-paragraph\">O prefeito reeleito de Capelinha, Tadeuzinho (PSC), toma posse nesta sexta-feira (1\u00ba). Al\u00e9m dele, 13 vereadores assumem o cargo na C\u00e2mara Municipal para a legislatura 2021-2024.<\/p>\n\n\n\n<p class=\"wp-block-paragraph\">O prefeito Tadeu Filipe Fernandes de Abreu tem 34 anos, \u00e9 casado e tem superior incompleto. Ele tem um patrim\u00f4nio declarado de R$ 212.997,23. J\u00e1 o vice Al\u00e9quison Gomes (Al\u00e9quison Gomes Mendes), do PSC, tem 37 anos, \u00e9 casado e tem superior completo. Ele tem um patrim\u00f4nio declarado de R$ 107.309,69.<\/p>\n\n\n\n<p class=\"wp-block-paragraph\">O prefeito e os vereadores do munic\u00edpio foram eleitos em novembro do ano passado. A maior bancada da C\u00e2mara ser\u00e1 do PSC, com 4 vereadores.<\/p>\n\n\n\n<p class=\"wp-block-paragraph\">Cabe ao prefeito decidir onde aplicar os recursos repassados ao munic\u00edpio pelo Estado ou pelo governo federal e como administrar o que \u00e9 arrecadado de impostos, como IPTU e ISS. Ele tamb\u00e9m \u00e9 respons\u00e1vel pelas pol\u00edticas de \u00e1reas como educa\u00e7\u00e3o, sa\u00fade, moradia, transporte p\u00fablico e saneamento b\u00e1sico. Para isso, conta com secret\u00e1rios que s\u00e3o nomeados. O prefeito tamb\u00e9m precisa trabalhar junto com os vereadores, que representam os cidad\u00e3os no Legislativo municipal.<\/p>\n\n\n\n<p class=\"wp-block-paragraph\">Os vereadores s\u00e3o respons\u00e1veis por elaborar e propor leis. Eles podem decidir, por exemplo, sobre a cria\u00e7\u00e3o de pol\u00edticas p\u00fablicas. E t\u00eam a obriga\u00e7\u00e3o de fiscalizar o uso do dinheiro pelo Executivo e analisar a Lei Or\u00e7ament\u00e1ria Anual (LOA), que estabelece as despesas do ano seguinte do munic\u00edpio.<\/p>\n\n\n\n<p class=\"wp-block-paragraph\">H\u00e1 a possibilidade de vereadores deixarem os cargos para assumir fun\u00e7\u00f5es na prefeitura. Quando isso acontece, o cargo \u00e9 assumido por um suplente.<\/p>\n\n\n\n<p class=\"wp-block-paragraph\">Os vereadores de Capelinha v\u00e3o representar 38.057 habitantes. A cidade mineira tem um PIB de R$ 605.890.186,00 e um IDH (\u00cdndice de Desenvolvimento Humano) de 0,653, segundo a \u00faltima medi\u00e7\u00e3o do IBGE, que \u00e9 de 2010. O IDH vai de 0 a 1 \u2013 quanto maior, mais desenvolvida a cidade \u2013 e tem como base indicadores de sa\u00fade, educa\u00e7\u00e3o e renda. A m\u00e9dia no Brasil \u00e9 de 0,765, segundo dados de 2019 divulgados em 15 de dezembro de 2020 pelo Programa de Desenvolvimento das Na\u00e7\u00f5es Unidas (PNUD).<\/p>\n\n\n\n<figure class=\"wp-block-gallery columns-1 is-cropped wp-block-gallery-1 is-layout-flex wp-block-gallery-is-layout-flex\"><ul class=\"blocks-gallery-grid\"><li class=\"blocks-gallery-item\"><figure><img loading=\"lazy\" decoding=\"async\" width=\"678\" height=\"447\" src=\"https:\/\/aconteceunovale.com.br\/portal\/wp-content\/uploads\/2020\/11\/tadeuzinho_alequison.png\" alt=\"\" data-id=\"169548\" data-full-url=\"https:\/\/aconteceunovale.com.br\/portal\/wp-content\/uploads\/2020\/11\/tadeuzinho_alequison.png\" data-link=\"https:\/\/aconteceunovale.com.br\/portal\/?attachment_id=169548\" class=\"wp-image-169548\" srcset=\"https:\/\/aconteceunovale.com.br\/portal\/wp-content\/uploads\/2020\/11\/tadeuzinho_alequison.png 678w, https:\/\/aconteceunovale.com.br\/portal\/wp-content\/uploads\/2020\/11\/tadeuzinho_alequison-300x198.png 300w, https:\/\/aconteceunovale.com.br\/portal\/wp-content\/uploads\/2020\/11\/tadeuzinho_alequison-637x420.png 637w\" sizes=\"auto, (max-width: 678px) 100vw, 678px\" \/><figcaption class=\"blocks-gallery-item__caption\"><em>Tadeuzinho e Al\u00e9quison (Foto: Divulga\u00e7\u00e3o)<\/em><\/figcaption><\/figure><\/li><\/ul><\/figure>\n\n\n\n<h2 class=\"wp-block-heading\"><strong>Veja quem s\u00e3o os vereadores eleitos:<\/strong><\/h2>\n\n\n\n<ul class=\"wp-block-list\"><li><strong>Welligton Gamb\u00e1<\/strong>, do Republicanos, tem 48 anos, \u00e9 casado e tem ensino fundamental completo. Ele tem um patrim\u00f4nio declarado de R$ 39.644,69.<\/li><\/ul>\n\n\n\n<ul class=\"wp-block-list\"><li><strong>Maria Carlota<\/strong>, do PTC, tem 55 anos, \u00e9 casada, declara ao TSE a ocupa\u00e7\u00e3o de comerciante e tem ensino m\u00e9dio completo. Ela n\u00e3o declara nenhum bem como patrim\u00f4nio.<\/li><\/ul>\n\n\n\n<ul class=\"wp-block-list\"><li><strong>Charles Machado (Charlim)<\/strong>, do PTC, tem 27 anos, \u00e9 solteiro, declara ao TSE a ocupa\u00e7\u00e3o de agricultor e tem ensino m\u00e9dio completo. Ele tem um patrim\u00f4nio declarado de R$ 7.000,00.<\/li><\/ul>\n\n\n\n<ul class=\"wp-block-list\"><li><strong>Gilmar Santos<\/strong>, do PTC, tem 33 anos, \u00e9 casado, declara ao TSE a ocupa\u00e7\u00e3o de vereador e tem superior incompleto. Ele tem um patrim\u00f4nio declarado de R$ 240.000,00.<\/li><\/ul>\n\n\n\n<ul class=\"wp-block-list\"><li><strong>Ci da Farm\u00e1cia<\/strong>, do PTB, tem 42 anos, \u00e9 casado, declara ao TSE a ocupa\u00e7\u00e3o de farmac\u00eautico e tem ensino m\u00e9dio incompleto. Ele tem um patrim\u00f4nio declarado de R$ 130.000,00.<\/li><\/ul>\n\n\n\n<ul class=\"wp-block-list\"><li><strong>Fef\u00ea Amigo do Povo<\/strong>, do PSDB, tem 30 anos, \u00e9 solteiro e tem ensino fundamental incompleto. Ele tem um patrim\u00f4nio declarado de R$ 100.000,00.<\/li><\/ul>\n\n\n\n<ul class=\"wp-block-list\"><li><strong>Toz\u00e3o da Cana<\/strong>, do PSC, tem 43 anos, \u00e9 casado, declara ao TSE a ocupa\u00e7\u00e3o de vereador e tem ensino fundamental incompleto. Ele tem um patrim\u00f4nio declarado de R$ 160.000,00.<\/li><\/ul>\n\n\n\n<ul class=\"wp-block-list\"><li><strong>Iadson da Sa\u00fade<\/strong>, do PSC, tem 40 anos, \u00e9 casado, declara ao TSE a ocupa\u00e7\u00e3o de servidor p\u00fablico municipal e tem ensino m\u00e9dio completo. Ele tem um patrim\u00f4nio declarado de R$ 168.809,00.<\/li><\/ul>\n\n\n\n<ul class=\"wp-block-list\"><li><strong>Tiago do Pedro<\/strong>, do PSC, tem 34 anos, \u00e9 solteiro, declara ao TSE a ocupa\u00e7\u00e3o de vereador e tem ensino m\u00e9dio completo. Ele tem um patrim\u00f4nio declarado de R$ 183.500,00.<\/li><\/ul>\n\n\n\n<ul class=\"wp-block-list\"><li><strong>R\u00e9gis<\/strong>, do PSC, tem 29 anos, \u00e9 solteiro, declara ao TSE a ocupa\u00e7\u00e3o de servidor p\u00fablico municipal e tem superior completo. Ele tem um patrim\u00f4nio declarado de R$ 140.000,00.<\/li><\/ul>\n\n\n\n<ul class=\"wp-block-list\"><li><strong>Gedalvo Fernandes<\/strong>, do MDB, tem 64 anos, \u00e9 casado, declara ao TSE a ocupa\u00e7\u00e3o de produtor agropecu\u00e1rio e tem ensino m\u00e9dio completo. Ele tem um patrim\u00f4nio declarado de R$ 298.500,00.<\/li><\/ul>\n\n\n\n<ul class=\"wp-block-list\"><li><strong>Laerte Barrinha<\/strong>, do Avante, tem 58 anos, \u00e9 casado, declara ao TSE a ocupa\u00e7\u00e3o de empres\u00e1rio e tem ensino fundamental incompleto. Ele tem um patrim\u00f4nio declarado de R$ 100.000,00.<\/li><\/ul>\n\n\n\n<ul class=\"wp-block-list\"><li><strong>L\u00fa do Piedade<\/strong>, do Avante, tem 37 anos, \u00e9 casado, declara ao TSE a ocupa\u00e7\u00e3o de vereador e tem ensino m\u00e9dio completo. Ele tem um patrim\u00f4nio declarado de R$ 288.000,00.<\/li><\/ul>\n\n\n\n<h2 class=\"wp-block-heading\"><strong>Veja o n\u00famero de vereadores por partido:<\/strong><\/h2>\n\n\n\n<ul class=\"wp-block-list\"><li>PSC: 4<\/li><li>PTC: 3<\/li><li>Avante: 2<\/li><li>MDB: 1<\/li><li>PSDB: 1<\/li><li>PTB: 1<\/li><li>Republicanos: 1<\/li><\/ul>\n\n\n\n<p class=\"has-white-color has-vivid-cyan-blue-background-color has-text-color has-background wp-block-paragraph\">Quer saber as not\u00edcias do <strong>Aconteceu no Vale<\/strong> em primeira m\u00e3o? Siga-nos no Facebook <a rel=\"noreferrer noopener\" href=\"http:\/\/facebook.com\/aconteceunovale\" target=\"_blank\">@aconteceunovale<\/a>, Twitter <a rel=\"noreferrer noopener\" href=\"https:\/\/twitter.com\/noticiadosvales\" target=\"_blank\">@noticiadosvales<\/a> e Instagram <a rel=\"noreferrer noopener\" href=\"https:\/\/www.instagram.com\/aconteceunovale\" target=\"_blank\">@aconteceunovale<\/a>.<\/p>\n","protected":false},"excerpt":{"rendered":"<p>O prefeito reeleito de Capelinha, Tadeuzinho (PSC), toma posse nesta sexta-feira (1\u00ba). Al\u00e9m dele, 13 vereadores assumem o cargo na C\u00e2mara Municipal para a legislatura 2021-2024. O prefeito Tadeu Filipe Fernandes de Abreu tem 34 anos, \u00e9 casado e tem superior incompleto. Ele tem um patrim\u00f4nio declarado de R$ 212.997,23. J\u00e1 o vice Al\u00e9quison Gomes [&hellip;]<\/p>\n","protected":false},"author":4,"featured_media":169548,"comment_status":"open","ping_status":"closed","sticky":false,"template":"","format":"standard","meta":{"amp_status":"","footnotes":""},"categories":[272535,40240,120],"tags":[230288,230286,230289,230291,230299,230287,230300,230292,194,1017,230313,230315,107337,228808,228809,107338,107339,228810,228811,107340,228812,228813,228814,228815,228816,229912,230314,228817,228818,228819,132,568,27867,228820,1018,228821,228822,228823,230284,228824,164747,205329,230282,228825,229909,230320,213145,228826,230297,228827,230285,205330,230298,230310,228828,107345,228829,230317,230318,230311,230312,119292,228830,228831,230293,228832,228833,230296,134222,229458,230309,230308,230319,230307,233802,233801,230302,117788,230294,229537,228838,230316,229910,229911,20744,228834,228835,228836,228837,230290,230301,190251,94060,267,230303,230295,230304],"class_list":["post-171589","post","type-post","status-publish","format-standard","has-post-thumbnail","hentry","category-capelinha","category-politica","category-jequi","tag-apuracao-das-eleicoes","tag-apuracao-das-eleicoes-2020","tag-apuracao-das-eleicoes-municipais","tag-apuracao-das-eleicoes-municipais-2020","tag-apuracao-das-eleicoes-municipais-2020-em-capelinha","tag-apuracao-das-eleicoes-municipais-de-2020","tag-apuracao-das-eleicoes-municipais-em-capelinha","tag-apuracao-em-tempo-real-das-eleicoes-municipais-2020","tag-belo-horizonte","tag-bh","tag-candidata-e-detida-por-crime-eleitoral-em-capelinha","tag-candidata-presa-em-capelinha","tag-candidatos-a-prefeito-de","tag-candidatos-a-prefeito-eleicoes-2020","tag-candidatos-a-prefeito-eleicoes-municipais-2020","tag-candidatos-a-prefeito-em","tag-candidatos-a-vereador-de","tag-candidatos-a-vereador-eleicoes-2020","tag-candidatos-a-vereador-eleicoes-municipais-2020","tag-candidatos-a-vereador-em","tag-candidatos-a-vereador-em-2020","tag-candidatos-eleicoes-2020","tag-candidatos-eleicoes-2020-minas-gerais","tag-candidatos-eleicoes-municipais-2020","tag-candidatos-eleicoes-municipais-2020-minas-gerais","tag-candidatos-presos","tag-candidatos-presos-em-minas-gerais","tag-candidaturas-2020","tag-candidaturas-eleicoes-municipais-2020","tag-candidaturas-eleicoes-municipais-2020-minas-gerais","tag-capelinha","tag-cnm","tag-confederacao-nacional-dos-municipios","tag-consultas-sobre-candidatos-2020","tag-destaque","tag-divulgacao-de-candidaturas-2020","tag-divulgacao-de-candidaturas-eleicoes-2020","tag-divulgacao-de-candidaturas-eleicoes-2020-minas-gerais","tag-doutor-fabricio","tag-download-aplicativo-candidaturas-2020","tag-e-titulo","tag-eleicoes-2020","tag-eleicoes-2020-em-capelinha","tag-eleicoes-2020-minas-gerais","tag-eleicoes-2020-candidatos-agora-so-podem-ser-presos-em-flagrante","tag-eleicoes-em-capelinha","tag-eleicoes-municipais-2020","tag-eleicoes-municipais-2020-divulgacao-de-candidaturas","tag-eleicoes-municipais-2020-em-capelinha","tag-eleicoes-municipais-2020-minas-gerais","tag-eleicoes-municipais-2020-apuracao-em-tempo-real","tag-eleicoes-municipais-de-2020","tag-eleicoes-municipais-em-capelinha","tag-eleitores-devem-utilizar-e-titulo-para-justificar-ausencia-na-votacao","tag-informacoes-detalhadas-sobre-todos-os-candidatos-de-2020","tag-informacoes-sobre-todos-os-candidatos","tag-informacoes-sobre-todos-os-candidatos-de-2020","tag-jaqueline-das-gracas-coelho","tag-jaqueline-enfermeira","tag-justificar-ausencia-na-votacao","tag-justificativa-eleitoral-no-e-titulo","tag-kalil","tag-lista-candidaturas-eleicoes-2020","tag-lista-candidaturas-eleicoes-2020-minas-gerais","tag-lista-de-prefeitos-eleitos","tag-lista-de-todos-os-candidatos-eleicoes-2020","tag-lista-de-todos-os-candidatos-eleicoes-2020-minas-gerais","tag-lista-de-vereadores-eleitos","tag-novo-prefeito-de-capelinha","tag-o-que-fazem-os-prefeitos","tag-o-que-nao-pode-no-dia-da-votacao","tag-o-que-pode-no-dia-da-votacao","tag-operacao-eleicao-2020","tag-pode-ou-nao-pode-eleicoes-2020","tag-posse-dos-eleitos-em-capelinha","tag-posse-em-capelinha","tag-prefeito-eleito-em","tag-prefeito-eleito-em-capelinha","tag-prefeitos-eleitos","tag-prefeitos-que-tentarao-reeleicao","tag-primeiros-registros-de-candidatura-para-as-eleicoes-2020-em-minas-gerais-sao-recebidos-pela-justica-eleitoral","tag-prisao-de-candidata-em-capelinha","tag-prisao-de-candidatos","tag-prisao-em-flagrante-de-candidatos","tag-reeleicao","tag-relacao-candidaturas-eleicoes-2020","tag-relacao-candidaturas-eleicoes-2020-minas-gerais","tag-relacao-de-todos-os-candidatos-eleicoes-2020","tag-relacao-de-todos-os-candidatos-eleicoes-2020-minas-gerais","tag-resultado-das-eleicoes-municipais-2020","tag-resultado-das-eleicoes-municipais-2020-em-capelinha","tag-sistema-justifica","tag-tribunal-superior-eleitoral","tag-tse","tag-vereador-eleito-em","tag-vereadores-eleitos","tag-vereadores-eleitos-em"],"yoast_head":"<!-- This site is optimized with the Yoast SEO plugin v28.3 - https:\/\/yoast.com\/product\/yoast-seo-wordpress\/ -->\n<title>Prefeito, vice-prefeito e vereadores tomam posse em Capelinha - Aconteceu no Vale<\/title>\n<meta name=\"robots\" content=\"index, follow, max-snippet:-1, max-image-preview:large, max-video-preview:-1\" \/>\n<link rel=\"canonical\" href=\"https:\/\/aconteceunovale.com.br\/portal\/?p=171589\" \/>\n<meta property=\"og:locale\" content=\"pt_BR\" \/>\n<meta property=\"og:type\" content=\"article\" \/>\n<meta property=\"og:title\" content=\"Prefeito, vice-prefeito e vereadores tomam posse em Capelinha - Aconteceu no Vale\" \/>\n<meta property=\"og:description\" content=\"O prefeito reeleito de Capelinha, Tadeuzinho (PSC), toma posse nesta sexta-feira (1\u00ba). Al\u00e9m dele, 13 vereadores assumem o cargo na C\u00e2mara Municipal para a legislatura 2021-2024. O prefeito Tadeu Filipe Fernandes de Abreu tem 34 anos, \u00e9 casado e tem superior incompleto. Ele tem um patrim\u00f4nio declarado de R$ 212.997,23. J\u00e1 o vice Al\u00e9quison Gomes [&hellip;]\" \/>\n<meta property=\"og:url\" content=\"https:\/\/aconteceunovale.com.br\/portal\/?p=171589\" \/>\n<meta property=\"og:site_name\" content=\"Aconteceu no Vale\" \/>\n<meta property=\"article:publisher\" content=\"https:\/\/www.facebook.com\/aconteceunovale\/\" \/>\n<meta property=\"article:published_time\" content=\"2021-01-01T16:20:50+00:00\" \/>\n<meta property=\"article:modified_time\" content=\"2026-09-01T02:11:34+00:00\" \/>\n<meta property=\"og:image\" content=\"https:\/\/aconteceunovale.com.br\/portal\/wp-content\/uploads\/2020\/11\/tadeuzinho_alequison.png\" \/>\n\t<meta property=\"og:image:width\" content=\"678\" \/>\n\t<meta property=\"og:image:height\" content=\"447\" \/>\n\t<meta property=\"og:image:type\" content=\"image\/png\" \/>\n<meta name=\"author\" content=\"Reda\u00e7\u00e3o Aconteceu no Vale\" \/>\n<meta name=\"twitter:card\" content=\"summary_large_image\" \/>\n<meta name=\"twitter:creator\" content=\"@noticiadosvales\" \/>\n<meta name=\"twitter:site\" content=\"@noticiadosvales\" \/>\n<meta name=\"twitter:label1\" content=\"Escrito por\" \/>\n\t<meta name=\"twitter:data1\" content=\"Reda\u00e7\u00e3o Aconteceu no Vale\" \/>\n\t<meta name=\"twitter:label2\" content=\"Est. tempo de leitura\" \/>\n\t<meta name=\"twitter:data2\" content=\"4 minutos\" \/>\n<script type=\"application\/ld+json\" class=\"yoast-schema-graph\">{\"@context\":\"https:\\\/\\\/schema.org\",\"@graph\":[{\"@type\":\"Article\",\"@id\":\"https:\\\/\\\/aconteceunovale.com.br\\\/portal\\\/?p=171589#article\",\"isPartOf\":{\"@id\":\"https:\\\/\\\/aconteceunovale.com.br\\\/portal\\\/?p=171589\"},\"author\":{\"name\":\"Reda\u00e7\u00e3o Aconteceu no Vale\",\"@id\":\"https:\\\/\\\/aconteceunovale.com.br\\\/portal\\\/#\\\/schema\\\/person\\\/7d2f26d1483f8a63de73da1ee0754d35\"},\"headline\":\"Prefeito, vice-prefeito e vereadores tomam posse em Capelinha\",\"datePublished\":\"2021-01-01T16:20:50+00:00\",\"dateModified\":\"2026-09-01T02:11:34+00:00\",\"mainEntityOfPage\":{\"@id\":\"https:\\\/\\\/aconteceunovale.com.br\\\/portal\\\/?p=171589\"},\"wordCount\":776,\"commentCount\":0,\"image\":{\"@id\":\"https:\\\/\\\/aconteceunovale.com.br\\\/portal\\\/?p=171589#primaryimage\"},\"thumbnailUrl\":\"https:\\\/\\\/aconteceunovale.com.br\\\/portal\\\/wp-content\\\/uploads\\\/2020\\\/11\\\/tadeuzinho_alequison.png\",\"keywords\":[\"Apura\u00e7\u00e3o das elei\u00e7\u00f5es\",\"Apura\u00e7\u00e3o das elei\u00e7\u00f5es 2020\",\"Apura\u00e7\u00e3o das elei\u00e7\u00f5es municipais\",\"Apura\u00e7\u00e3o das Elei\u00e7\u00f5es Municipais 2020\",\"Apura\u00e7\u00e3o das Elei\u00e7\u00f5es Municipais 2020 em Capelinha\",\"Apura\u00e7\u00e3o das elei\u00e7\u00f5es municipais de 2020\",\"Apura\u00e7\u00e3o das Elei\u00e7\u00f5es Municipais em Capelinha\",\"Apura\u00e7\u00e3o em tempo real das Elei\u00e7\u00f5es Municipais 2020\",\"Belo Horizonte\",\"bh\",\"Candidata \u00e9 detida por crime eleitoral em Capelinha\",\"Candidata presa em Capelinha\",\"Candidatos a prefeito de\",\"Candidatos a prefeito Elei\u00e7\u00f5es 2020\",\"Candidatos a prefeito Elei\u00e7\u00f5es Municipais 2020\",\"Candidatos a prefeito em\",\"Candidatos a vereador de\",\"Candidatos a vereador Elei\u00e7\u00f5es 2020\",\"Candidatos a vereador Elei\u00e7\u00f5es Municipais 2020\",\"Candidatos a vereador em\",\"candidatos a vereador em 2020\",\"Candidatos Elei\u00e7\u00f5es 2020\",\"Candidatos Elei\u00e7\u00f5es 2020 Minas Gerais\",\"Candidatos Elei\u00e7\u00f5es Municipais 2020\",\"Candidatos Elei\u00e7\u00f5es Municipais 2020 Minas Gerais\",\"Candidatos presos\",\"Candidatos presos em Minas Gerais\",\"Candidaturas 2020\",\"Candidaturas Elei\u00e7\u00f5es Municipais 2020\",\"Candidaturas Elei\u00e7\u00f5es Municipais 2020 Minas Gerais\",\"Capelinha\",\"cnm\",\"Confedera\u00e7\u00e3o Nacional dos Munic\u00edpios\",\"Consultas sobre candidatos 2020\",\"destaque\",\"Divulga\u00e7\u00e3o de Candidaturas 2020\",\"Divulga\u00e7\u00e3o de Candidaturas Elei\u00e7\u00f5es 2020\",\"Divulga\u00e7\u00e3o de Candidaturas Elei\u00e7\u00f5es 2020 Minas Gerais\",\"Doutor Fabr\u00edcio\",\"Download Aplicativo Candidaturas 2020\",\"e-T\u00edtulo\",\"Elei\u00e7\u00f5es 2020\",\"Elei\u00e7\u00f5es 2020 em Capelinha\",\"Elei\u00e7\u00f5es 2020 Minas Gerais\",\"Elei\u00e7\u00f5es 2020: candidatos agora s\u00f3 podem ser presos em flagrante\",\"Elei\u00e7\u00f5es em Capelinha\",\"Elei\u00e7\u00f5es municipais 2020\",\"Elei\u00e7\u00f5es Municipais 2020 Divulga\u00e7\u00e3o de Candidaturas\",\"Elei\u00e7\u00f5es Municipais 2020 em Capelinha\",\"Elei\u00e7\u00f5es Municipais 2020 Minas Gerais\",\"Elei\u00e7\u00f5es Municipais 2020: Apura\u00e7\u00e3o em tempo real\",\"Elei\u00e7\u00f5es Municipais de 2020\",\"Elei\u00e7\u00f5es Municipais em Capelinha\",\"Eleitores devem utilizar e-T\u00edtulo para justificar aus\u00eancia na vota\u00e7\u00e3o\",\"informa\u00e7\u00f5es detalhadas sobre todos os candidatos de 2020\",\"informa\u00e7\u00f5es sobre todos os candidatos\",\"informa\u00e7\u00f5es sobre todos os candidatos de 2020\",\"Jaqueline das Gra\u00e7as Coelho\",\"Jaqueline Enfermeira\",\"Justificar aus\u00eancia na vota\u00e7\u00e3o\",\"Justificativa eleitoral no e-T\u00edtulo\",\"Kalil\",\"Lista candidaturas Elei\u00e7\u00f5es 2020\",\"Lista candidaturas Elei\u00e7\u00f5es 2020 Minas Gerais\",\"Lista de prefeitos eleitos\",\"Lista de todos os candidatos Elei\u00e7\u00f5es 2020\",\"Lista de todos os candidatos Elei\u00e7\u00f5es 2020 Minas Gerais\",\"Lista de vereadores eleitos\",\"Novo prefeito de Capelinha\",\"O que fazem os prefeitos\",\"O que n\u00e3o pode no dia da vota\u00e7\u00e3o\",\"O que pode no dia da vota\u00e7\u00e3o\",\"Opera\u00e7\u00e3o Elei\u00e7\u00e3o 2020\",\"Pode ou n\u00e3o pode elei\u00e7\u00f5es 2020\",\"Posse dos eleitos em Capelinha\",\"Posse em Capelinha\",\"Prefeito eleito em\",\"Prefeito eleito em Capelinha\",\"Prefeitos eleitos\",\"Prefeitos que tentar\u00e3o reelei\u00e7\u00e3o\",\"Primeiros registros de candidatura para as Elei\u00e7\u00f5es 2020 em Minas Gerais s\u00e3o recebidos pela Justi\u00e7a Eleitoral\",\"Pris\u00e3o de candidata em Capelinha\",\"Pris\u00e3o de candidatos\",\"Pris\u00e3o em flagrante de candidatos\",\"reelei\u00e7\u00e3o\",\"Rela\u00e7\u00e3o candidaturas Elei\u00e7\u00f5es 2020\",\"Rela\u00e7\u00e3o candidaturas Elei\u00e7\u00f5es 2020 Minas Gerais\",\"Rela\u00e7\u00e3o de todos os candidatos Elei\u00e7\u00f5es 2020\",\"Rela\u00e7\u00e3o de todos os candidatos Elei\u00e7\u00f5es 2020 Minas Gerais\",\"Resultado das Elei\u00e7\u00f5es Municipais 2020\",\"Resultado das Elei\u00e7\u00f5es Municipais 2020 em Capelinha\",\"Sistema Justifica\",\"Tribunal Superior Eleitoral\",\"TSE\",\"Vereador eleito em\",\"Vereadores eleitos\",\"Vereadores eleitos em\"],\"articleSection\":[\"Capelinha\",\"Pol\u00edtica\",\"Vale do Jequitinhonha\"],\"inLanguage\":\"pt-BR\",\"potentialAction\":[{\"@type\":\"CommentAction\",\"name\":\"Comment\",\"target\":[\"https:\\\/\\\/aconteceunovale.com.br\\\/portal\\\/?p=171589#respond\"]}]},{\"@type\":\"WebPage\",\"@id\":\"https:\\\/\\\/aconteceunovale.com.br\\\/portal\\\/?p=171589\",\"url\":\"https:\\\/\\\/aconteceunovale.com.br\\\/portal\\\/?p=171589\",\"name\":\"Prefeito, vice-prefeito e vereadores tomam posse em Capelinha - Aconteceu no Vale\",\"isPartOf\":{\"@id\":\"https:\\\/\\\/aconteceunovale.com.br\\\/portal\\\/#website\"},\"primaryImageOfPage\":{\"@id\":\"https:\\\/\\\/aconteceunovale.com.br\\\/portal\\\/?p=171589#primaryimage\"},\"image\":{\"@id\":\"https:\\\/\\\/aconteceunovale.com.br\\\/portal\\\/?p=171589#primaryimage\"},\"thumbnailUrl\":\"https:\\\/\\\/aconteceunovale.com.br\\\/portal\\\/wp-content\\\/uploads\\\/2020\\\/11\\\/tadeuzinho_alequison.png\",\"datePublished\":\"2021-01-01T16:20:50+00:00\",\"dateModified\":\"2026-09-01T02:11:34+00:00\",\"author\":{\"@id\":\"https:\\\/\\\/aconteceunovale.com.br\\\/portal\\\/#\\\/schema\\\/person\\\/7d2f26d1483f8a63de73da1ee0754d35\"},\"breadcrumb\":{\"@id\":\"https:\\\/\\\/aconteceunovale.com.br\\\/portal\\\/?p=171589#breadcrumb\"},\"inLanguage\":\"pt-BR\",\"potentialAction\":[{\"@type\":\"ReadAction\",\"target\":[\"https:\\\/\\\/aconteceunovale.com.br\\\/portal\\\/?p=171589\"]}]},{\"@type\":\"ImageObject\",\"inLanguage\":\"pt-BR\",\"@id\":\"https:\\\/\\\/aconteceunovale.com.br\\\/portal\\\/?p=171589#primaryimage\",\"url\":\"https:\\\/\\\/aconteceunovale.com.br\\\/portal\\\/wp-content\\\/uploads\\\/2020\\\/11\\\/tadeuzinho_alequison.png\",\"contentUrl\":\"https:\\\/\\\/aconteceunovale.com.br\\\/portal\\\/wp-content\\\/uploads\\\/2020\\\/11\\\/tadeuzinho_alequison.png\",\"width\":678,\"height\":447},{\"@type\":\"BreadcrumbList\",\"@id\":\"https:\\\/\\\/aconteceunovale.com.br\\\/portal\\\/?p=171589#breadcrumb\",\"itemListElement\":[{\"@type\":\"ListItem\",\"position\":1,\"name\":\"In\u00edcio\",\"item\":\"https:\\\/\\\/aconteceunovale.com.br\\\/portal\\\/\"},{\"@type\":\"ListItem\",\"position\":2,\"name\":\"Prefeito, vice-prefeito e vereadores tomam posse em Capelinha\"}]},{\"@type\":\"WebSite\",\"@id\":\"https:\\\/\\\/aconteceunovale.com.br\\\/portal\\\/#website\",\"url\":\"https:\\\/\\\/aconteceunovale.com.br\\\/portal\\\/\",\"name\":\"Aconteceu no Vale\",\"description\":\"Portal de Not\u00edcias\",\"potentialAction\":[{\"@type\":\"SearchAction\",\"target\":{\"@type\":\"EntryPoint\",\"urlTemplate\":\"https:\\\/\\\/aconteceunovale.com.br\\\/portal\\\/?s={search_term_string}\"},\"query-input\":{\"@type\":\"PropertyValueSpecification\",\"valueRequired\":true,\"valueName\":\"search_term_string\"}}],\"inLanguage\":\"pt-BR\"},{\"@type\":\"Person\",\"@id\":\"https:\\\/\\\/aconteceunovale.com.br\\\/portal\\\/#\\\/schema\\\/person\\\/7d2f26d1483f8a63de73da1ee0754d35\",\"name\":\"Reda\u00e7\u00e3o Aconteceu no Vale\",\"description\":\"Equipe de reportagem do Aconteceu no Vale, portal de not\u00edcias do Vale do Jequitinhonha, em Minas Gerais. Cobrimos as 51 cidades do Vale desde 2013. Sugest\u00f5es de pauta e pedidos de corre\u00e7\u00e3o: contato@aconteceunovale.com.br\",\"url\":\"https:\\\/\\\/aconteceunovale.com.br\\\/portal\\\/?author=4\"}]}<\/script>\n<!-- \/ Yoast SEO plugin. -->","yoast_head_json":{"title":"Prefeito, vice-prefeito e vereadores tomam posse em Capelinha - Aconteceu no Vale","robots":{"index":"index","follow":"follow","max-snippet":"max-snippet:-1","max-image-preview":"max-image-preview:large","max-video-preview":"max-video-preview:-1"},"canonical":"https:\/\/aconteceunovale.com.br\/portal\/?p=171589","og_locale":"pt_BR","og_type":"article","og_title":"Prefeito, vice-prefeito e vereadores tomam posse em Capelinha - Aconteceu no Vale","og_description":"O prefeito reeleito de Capelinha, Tadeuzinho (PSC), toma posse nesta sexta-feira (1\u00ba). Al\u00e9m dele, 13 vereadores assumem o cargo na C\u00e2mara Municipal para a legislatura 2021-2024. O prefeito Tadeu Filipe Fernandes de Abreu tem 34 anos, \u00e9 casado e tem superior incompleto. Ele tem um patrim\u00f4nio declarado de R$ 212.997,23. J\u00e1 o vice Al\u00e9quison Gomes [&hellip;]","og_url":"https:\/\/aconteceunovale.com.br\/portal\/?p=171589","og_site_name":"Aconteceu no Vale","article_publisher":"https:\/\/www.facebook.com\/aconteceunovale\/","article_published_time":"2021-01-01T16:20:50+00:00","article_modified_time":"2026-09-01T02:11:34+00:00","og_image":[{"width":678,"height":447,"url":"https:\/\/aconteceunovale.com.br\/portal\/wp-content\/uploads\/2020\/11\/tadeuzinho_alequison.png","type":"image\/png"}],"author":"Reda\u00e7\u00e3o Aconteceu no Vale","twitter_card":"summary_large_image","twitter_creator":"@noticiadosvales","twitter_site":"@noticiadosvales","twitter_misc":{"Escrito por":"Reda\u00e7\u00e3o Aconteceu no Vale","Est. tempo de leitura":"4 minutos"},"schema":{"@context":"https:\/\/schema.org","@graph":[{"@type":"Article","@id":"https:\/\/aconteceunovale.com.br\/portal\/?p=171589#article","isPartOf":{"@id":"https:\/\/aconteceunovale.com.br\/portal\/?p=171589"},"author":{"name":"Reda\u00e7\u00e3o Aconteceu no Vale","@id":"https:\/\/aconteceunovale.com.br\/portal\/#\/schema\/person\/7d2f26d1483f8a63de73da1ee0754d35"},"headline":"Prefeito, vice-prefeito e vereadores tomam posse em Capelinha","datePublished":"2021-01-01T16:20:50+00:00","dateModified":"2026-09-01T02:11:34+00:00","mainEntityOfPage":{"@id":"https:\/\/aconteceunovale.com.br\/portal\/?p=171589"},"wordCount":776,"commentCount":0,"image":{"@id":"https:\/\/aconteceunovale.com.br\/portal\/?p=171589#primaryimage"},"thumbnailUrl":"https:\/\/aconteceunovale.com.br\/portal\/wp-content\/uploads\/2020\/11\/tadeuzinho_alequison.png","keywords":["Apura\u00e7\u00e3o das elei\u00e7\u00f5es","Apura\u00e7\u00e3o das elei\u00e7\u00f5es 2020","Apura\u00e7\u00e3o das elei\u00e7\u00f5es municipais","Apura\u00e7\u00e3o das Elei\u00e7\u00f5es Municipais 2020","Apura\u00e7\u00e3o das Elei\u00e7\u00f5es Municipais 2020 em Capelinha","Apura\u00e7\u00e3o das elei\u00e7\u00f5es municipais de 2020","Apura\u00e7\u00e3o das Elei\u00e7\u00f5es Municipais em Capelinha","Apura\u00e7\u00e3o em tempo real das Elei\u00e7\u00f5es Municipais 2020","Belo Horizonte","bh","Candidata \u00e9 detida por crime eleitoral em Capelinha","Candidata presa em Capelinha","Candidatos a prefeito de","Candidatos a prefeito Elei\u00e7\u00f5es 2020","Candidatos a prefeito Elei\u00e7\u00f5es Municipais 2020","Candidatos a prefeito em","Candidatos a vereador de","Candidatos a vereador Elei\u00e7\u00f5es 2020","Candidatos a vereador Elei\u00e7\u00f5es Municipais 2020","Candidatos a vereador em","candidatos a vereador em 2020","Candidatos Elei\u00e7\u00f5es 2020","Candidatos Elei\u00e7\u00f5es 2020 Minas Gerais","Candidatos Elei\u00e7\u00f5es Municipais 2020","Candidatos Elei\u00e7\u00f5es Municipais 2020 Minas Gerais","Candidatos presos","Candidatos presos em Minas Gerais","Candidaturas 2020","Candidaturas Elei\u00e7\u00f5es Municipais 2020","Candidaturas Elei\u00e7\u00f5es Municipais 2020 Minas Gerais","Capelinha","cnm","Confedera\u00e7\u00e3o Nacional dos Munic\u00edpios","Consultas sobre candidatos 2020","destaque","Divulga\u00e7\u00e3o de Candidaturas 2020","Divulga\u00e7\u00e3o de Candidaturas Elei\u00e7\u00f5es 2020","Divulga\u00e7\u00e3o de Candidaturas Elei\u00e7\u00f5es 2020 Minas Gerais","Doutor Fabr\u00edcio","Download Aplicativo Candidaturas 2020","e-T\u00edtulo","Elei\u00e7\u00f5es 2020","Elei\u00e7\u00f5es 2020 em Capelinha","Elei\u00e7\u00f5es 2020 Minas Gerais","Elei\u00e7\u00f5es 2020: candidatos agora s\u00f3 podem ser presos em flagrante","Elei\u00e7\u00f5es em Capelinha","Elei\u00e7\u00f5es municipais 2020","Elei\u00e7\u00f5es Municipais 2020 Divulga\u00e7\u00e3o de Candidaturas","Elei\u00e7\u00f5es Municipais 2020 em Capelinha","Elei\u00e7\u00f5es Municipais 2020 Minas Gerais","Elei\u00e7\u00f5es Municipais 2020: Apura\u00e7\u00e3o em tempo real","Elei\u00e7\u00f5es Municipais de 2020","Elei\u00e7\u00f5es Municipais em Capelinha","Eleitores devem utilizar e-T\u00edtulo para justificar aus\u00eancia na vota\u00e7\u00e3o","informa\u00e7\u00f5es detalhadas sobre todos os candidatos de 2020","informa\u00e7\u00f5es sobre todos os candidatos","informa\u00e7\u00f5es sobre todos os candidatos de 2020","Jaqueline das Gra\u00e7as Coelho","Jaqueline Enfermeira","Justificar aus\u00eancia na vota\u00e7\u00e3o","Justificativa eleitoral no e-T\u00edtulo","Kalil","Lista candidaturas Elei\u00e7\u00f5es 2020","Lista candidaturas Elei\u00e7\u00f5es 2020 Minas Gerais","Lista de prefeitos eleitos","Lista de todos os candidatos Elei\u00e7\u00f5es 2020","Lista de todos os candidatos Elei\u00e7\u00f5es 2020 Minas Gerais","Lista de vereadores eleitos","Novo prefeito de Capelinha","O que fazem os prefeitos","O que n\u00e3o pode no dia da vota\u00e7\u00e3o","O que pode no dia da vota\u00e7\u00e3o","Opera\u00e7\u00e3o Elei\u00e7\u00e3o 2020","Pode ou n\u00e3o pode elei\u00e7\u00f5es 2020","Posse dos eleitos em Capelinha","Posse em Capelinha","Prefeito eleito em","Prefeito eleito em Capelinha","Prefeitos eleitos","Prefeitos que tentar\u00e3o reelei\u00e7\u00e3o","Primeiros registros de candidatura para as Elei\u00e7\u00f5es 2020 em Minas Gerais s\u00e3o recebidos pela Justi\u00e7a Eleitoral","Pris\u00e3o de candidata em Capelinha","Pris\u00e3o de candidatos","Pris\u00e3o em flagrante de candidatos","reelei\u00e7\u00e3o","Rela\u00e7\u00e3o candidaturas Elei\u00e7\u00f5es 2020","Rela\u00e7\u00e3o candidaturas Elei\u00e7\u00f5es 2020 Minas Gerais","Rela\u00e7\u00e3o de todos os candidatos Elei\u00e7\u00f5es 2020","Rela\u00e7\u00e3o de todos os candidatos Elei\u00e7\u00f5es 2020 Minas Gerais","Resultado das Elei\u00e7\u00f5es Municipais 2020","Resultado das Elei\u00e7\u00f5es Municipais 2020 em Capelinha","Sistema Justifica","Tribunal Superior Eleitoral","TSE","Vereador eleito em","Vereadores eleitos","Vereadores eleitos em"],"articleSection":["Capelinha","Pol\u00edtica","Vale do Jequitinhonha"],"inLanguage":"pt-BR","potentialAction":[{"@type":"CommentAction","name":"Comment","target":["https:\/\/aconteceunovale.com.br\/portal\/?p=171589#respond"]}]},{"@type":"WebPage","@id":"https:\/\/aconteceunovale.com.br\/portal\/?p=171589","url":"https:\/\/aconteceunovale.com.br\/portal\/?p=171589","name":"Prefeito, vice-prefeito e vereadores tomam posse em Capelinha - Aconteceu no Vale","isPartOf":{"@id":"https:\/\/aconteceunovale.com.br\/portal\/#website"},"primaryImageOfPage":{"@id":"https:\/\/aconteceunovale.com.br\/portal\/?p=171589#primaryimage"},"image":{"@id":"https:\/\/aconteceunovale.com.br\/portal\/?p=171589#primaryimage"},"thumbnailUrl":"https:\/\/aconteceunovale.com.br\/portal\/wp-content\/uploads\/2020\/11\/tadeuzinho_alequison.png","datePublished":"2021-01-01T16:20:50+00:00","dateModified":"2026-09-01T02:11:34+00:00","author":{"@id":"https:\/\/aconteceunovale.com.br\/portal\/#\/schema\/person\/7d2f26d1483f8a63de73da1ee0754d35"},"breadcrumb":{"@id":"https:\/\/aconteceunovale.com.br\/portal\/?p=171589#breadcrumb"},"inLanguage":"pt-BR","potentialAction":[{"@type":"ReadAction","target":["https:\/\/aconteceunovale.com.br\/portal\/?p=171589"]}]},{"@type":"ImageObject","inLanguage":"pt-BR","@id":"https:\/\/aconteceunovale.com.br\/portal\/?p=171589#primaryimage","url":"https:\/\/aconteceunovale.com.br\/portal\/wp-content\/uploads\/2020\/11\/tadeuzinho_alequison.png","contentUrl":"https:\/\/aconteceunovale.com.br\/portal\/wp-content\/uploads\/2020\/11\/tadeuzinho_alequison.png","width":678,"height":447},{"@type":"BreadcrumbList","@id":"https:\/\/aconteceunovale.com.br\/portal\/?p=171589#breadcrumb","itemListElement":[{"@type":"ListItem","position":1,"name":"In\u00edcio","item":"https:\/\/aconteceunovale.com.br\/portal\/"},{"@type":"ListItem","position":2,"name":"Prefeito, vice-prefeito e vereadores tomam posse em Capelinha"}]},{"@type":"WebSite","@id":"https:\/\/aconteceunovale.com.br\/portal\/#website","url":"https:\/\/aconteceunovale.com.br\/portal\/","name":"Aconteceu no Vale","description":"Portal de Not\u00edcias","potentialAction":[{"@type":"SearchAction","target":{"@type":"EntryPoint","urlTemplate":"https:\/\/aconteceunovale.com.br\/portal\/?s={search_term_string}"},"query-input":{"@type":"PropertyValueSpecification","valueRequired":true,"valueName":"search_term_string"}}],"inLanguage":"pt-BR"},{"@type":"Person","@id":"https:\/\/aconteceunovale.com.br\/portal\/#\/schema\/person\/7d2f26d1483f8a63de73da1ee0754d35","name":"Reda\u00e7\u00e3o Aconteceu no Vale","description":"Equipe de reportagem do Aconteceu no Vale, portal de not\u00edcias do Vale do Jequitinhonha, em Minas Gerais. Cobrimos as 51 cidades do Vale desde 2013. Sugest\u00f5es de pauta e pedidos de corre\u00e7\u00e3o: contato@aconteceunovale.com.br","url":"https:\/\/aconteceunovale.com.br\/portal\/?author=4"}]}},"_links":{"self":[{"href":"https:\/\/aconteceunovale.com.br\/portal\/index.php?rest_route=\/wp\/v2\/posts\/171589","targetHints":{"allow":["GET"]}}],"collection":[{"href":"https:\/\/aconteceunovale.com.br\/portal\/index.php?rest_route=\/wp\/v2\/posts"}],"about":[{"href":"https:\/\/aconteceunovale.com.br\/portal\/index.php?rest_route=\/wp\/v2\/types\/post"}],"author":[{"embeddable":true,"href":"https:\/\/aconteceunovale.com.br\/portal\/index.php?rest_route=\/wp\/v2\/users\/4"}],"replies":[{"embeddable":true,"href":"https:\/\/aconteceunovale.com.br\/portal\/index.php?rest_route=%2Fwp%2Fv2%2Fcomments&post=171589"}],"version-history":[{"count":1,"href":"https:\/\/aconteceunovale.com.br\/portal\/index.php?rest_route=\/wp\/v2\/posts\/171589\/revisions"}],"predecessor-version":[{"id":171590,"href":"https:\/\/aconteceunovale.com.br\/portal\/index.php?rest_route=\/wp\/v2\/posts\/171589\/revisions\/171590"}],"wp:featuredmedia":[{"embeddable":true,"href":"https:\/\/aconteceunovale.com.br\/portal\/index.php?rest_route=\/wp\/v2\/media\/169548"}],"wp:attachment":[{"href":"https:\/\/aconteceunovale.com.br\/portal\/index.php?rest_route=%2Fwp%2Fv2%2Fmedia&parent=171589"}],"wp:term":[{"taxonomy":"category","embeddable":true,"href":"https:\/\/aconteceunovale.com.br\/portal\/index.php?rest_route=%2Fwp%2Fv2%2Fcategories&post=171589"},{"taxonomy":"post_tag","embeddable":true,"href":"https:\/\/aconteceunovale.com.br\/portal\/index.php?rest_route=%2Fwp%2Fv2%2Ftags&post=171589"}],"curies":[{"name":"wp","href":"https:\/\/api.w.org\/{rel}","templated":true}]}}