{"id":171575,"date":"2021-01-01T11:57:14","date_gmt":"2021-01-01T14:57:14","guid":{"rendered":"https:\/\/aconteceunovale.com.br\/portal\/?p=171575"},"modified":"2021-01-11T13:49:50","modified_gmt":"2021-01-11T16:49:50","slug":"salario-minimo-passa-a-valer-r-1-100","status":"publish","type":"post","link":"https:\/\/aconteceunovale.com.br\/portal\/?p=171575","title":{"rendered":"Sal\u00e1rio m\u00ednimo passa a valer R$ 1.100"},"content":{"rendered":"\n<p class=\"wp-block-paragraph\">A partir de hoje (1\u00ba), o sal\u00e1rio m\u00ednimo passa a valer R$ 1.100, conforme a\u00a0<a rel=\"noreferrer noopener\" href=\"https:\/\/www.in.gov.br\/en\/web\/dou\/-\/medida-provisoria-n-1.021-de-30-de-dezembro-de-2020-297208167\" target=\"_blank\">Medida Provis\u00f3ria n\u00ba 1.021<\/a>, publicada no Di\u00e1rio Oficial da Uni\u00e3o, no \u00faltimo dia 30. No ano passado, o sal\u00e1rio m\u00ednimo estava em R$ 1.045.<img decoding=\"async\" src=\"https:\/\/agenciabrasil.ebc.com.br\/ebc.png?id=1397736&amp;o=node\"><img decoding=\"async\" src=\"https:\/\/agenciabrasil.ebc.com.br\/ebc.gif?id=1397736&amp;o=node\"><\/p>\n\n\n\n<p class=\"wp-block-paragraph\">O reajuste em rela\u00e7\u00e3o a 2020 ficou em 5,26%. Foi levado em considera\u00e7\u00e3o o \u00cdndice Nacional de Pre\u00e7os ao Consumidor (INPC) de janeiro a novembro e a varia\u00e7\u00e3o estimada do mercado financeiro para o \u00edndice em dezembro de 2020.<\/p>\n\n\n\n<p class=\"wp-block-paragraph\">Segundo o Minist\u00e9rio da Economia, no dia 12 deste m\u00eas, quando o INPC de dezembro ser\u00e1 divulgado, o novo valor do sal\u00e1rio m\u00ednimo poder\u00e1 ser corrigido para assegurar a preserva\u00e7\u00e3o do poder de compra definida pela Constitui\u00e7\u00e3o. Isso aconteceu na virada de 2019. Em 31 de dezembro de 2019, foi anunciado que o sal\u00e1rio m\u00ednimo de 2020 seria de R$ 1.039. Em janeiro, quando foi divulgado o INPC de dezembro \u2014 que ficou acima da proje\u00e7\u00e3o inicial \u2014, o valor foi ajustado para R$ 1.045.<\/p>\n\n\n\n<p class=\"wp-block-paragraph\">Essa \u00e9 a&nbsp;terceira defini\u00e7\u00e3o de valor&nbsp;para o sal\u00e1rio m\u00ednimo de 2021. No dia 15 de dezembro, o governo aumentou de R$ 1.067 para R$ 1.088 a estimativa para o sal\u00e1rio m\u00ednimo. O valor constava de mensagem modificativa ao projeto da Lei de Diretrizes Or\u00e7ament\u00e1rias (LDO).<\/p>\n\n\n\n<p class=\"wp-block-paragraph\">Foram R$ 21 a mais em rela\u00e7\u00e3o \u00e0 proje\u00e7\u00e3o de R$ 1.067 que constava da proposta do Or\u00e7amento Geral da Uni\u00e3o, enviada ao Congresso no fim de agosto de 2020.<\/p>\n\n\n\n<h2 class=\"wp-block-heading\">Aumento de despesas<\/h2>\n\n\n\n<p class=\"wp-block-paragraph\">De acordo com o Minist\u00e9rio da Economia, para cada R$ 1 de aumento no sal\u00e1rio m\u00ednimo, h\u00e1 eleva\u00e7\u00e3o de despesas de R$ 351,1 milh\u00f5es. Assim, o reajuste de R$ 12, ao passar de R$ 1.088 para R$ 1.100, gera gasto adicional de cerca de R$ 4 bilh\u00f5es em 2021.<\/p>\n\n\n\n<p class=\"wp-block-paragraph\">A equipe econ\u00f4mica destacou, na \u00faltima quarta-feira (30), que a corre\u00e7\u00e3o do valor do sal\u00e1rio m\u00ednimo \u00e9 obriga\u00e7\u00e3o constitucional e que n\u00e3o afeta o compromisso do governo com o teto de gastos e com o ajuste fiscal.<\/p>\n\n\n\n<p class=\"wp-block-paragraph\">Apesar de entrar em vigor nesta sexta-feira, o novo valor precisa ser confirmado pelo Congresso Nacional j\u00e1 que o governo fez o reajuste por meio de uma medida provis\u00f3ria.<\/p>\n\n\n\n<p class=\"has-white-color has-vivid-cyan-blue-background-color has-text-color has-background wp-block-paragraph\">Quer saber as not\u00edcias do <strong>Aconteceu no Vale<\/strong> em primeira m\u00e3o? Siga-nos no Facebook <a rel=\"noreferrer noopener\" href=\"http:\/\/facebook.com\/aconteceunovale\" target=\"_blank\">@aconteceunovale<\/a>, Twitter <a rel=\"noreferrer noopener\" href=\"https:\/\/twitter.com\/noticiadosvales\" target=\"_blank\">@noticiadosvales<\/a> e Instagram <a rel=\"noreferrer noopener\" href=\"https:\/\/www.instagram.com\/aconteceunovale\" target=\"_blank\">@aconteceunovale<\/a>.<\/p>\n","protected":false},"excerpt":{"rendered":"<p>A partir de hoje (1\u00ba), o sal\u00e1rio m\u00ednimo passa a valer R$ 1.100, conforme a\u00a0Medida Provis\u00f3ria n\u00ba 1.021, publicada no Di\u00e1rio Oficial da Uni\u00e3o, no \u00faltimo dia 30. No ano passado, o sal\u00e1rio m\u00ednimo estava em R$ 1.045. O reajuste em rela\u00e7\u00e3o a 2020 ficou em 5,26%. Foi levado em considera\u00e7\u00e3o o \u00cdndice Nacional de [&hellip;]<\/p>\n","protected":false},"author":4,"featured_media":169249,"comment_status":"open","ping_status":"closed","sticky":false,"template":"","format":"standard","meta":{"amp_status":"","footnotes":""},"categories":[6,40236],"tags":[100375,1018,184405,233661,26436,228660,184661,233663,228657,228656,228654,233662,233776,228659,228658,228655],"class_list":["post-171575","post","type-post","status-publish","format-standard","has-post-thumbnail","hentry","category-br","category-empregos-2","tag-bolsonaro","tag-destaque","tag-governo-bolsonaro","tag-governo-federal-aumenta-para-r-1-100-previsao-para-salario-minimo-em-2021","tag-jair-bolsonaro","tag-ldo-2021","tag-ministerio-da-economia","tag-presidente-anuncia-aumento-do-salario-minimo-para-r-1-100","tag-salario-em-2021","tag-salario-minimo-em-2021","tag-salario-minimo-para-2021","tag-salario-minimo-para-2021-ficara-em-r-1-100","tag-salario-minimo-passa-a-valer-r-1-100","tag-salario-proposto-pelo-governo-federal","tag-valor-do-salario-em-2021","tag-valor-do-salario-minimo-para-2021"],"yoast_head":"<!-- This site is optimized with the Yoast SEO plugin v28.3 - https:\/\/yoast.com\/product\/yoast-seo-wordpress\/ -->\n<title>Sal\u00e1rio m\u00ednimo passa a valer R$ 1.100 - Aconteceu no Vale<\/title>\n<meta name=\"robots\" content=\"index, follow, max-snippet:-1, max-image-preview:large, max-video-preview:-1\" \/>\n<link rel=\"canonical\" href=\"https:\/\/aconteceunovale.com.br\/portal\/?p=171575\" \/>\n<meta property=\"og:locale\" content=\"pt_BR\" \/>\n<meta property=\"og:type\" content=\"article\" \/>\n<meta property=\"og:title\" content=\"Sal\u00e1rio m\u00ednimo passa a valer R$ 1.100 - Aconteceu no Vale\" \/>\n<meta property=\"og:description\" content=\"A partir de hoje (1\u00ba), o sal\u00e1rio m\u00ednimo passa a valer R$ 1.100, conforme a\u00a0Medida Provis\u00f3ria n\u00ba 1.021, publicada no Di\u00e1rio Oficial da Uni\u00e3o, no \u00faltimo dia 30. No ano passado, o sal\u00e1rio m\u00ednimo estava em R$ 1.045. O reajuste em rela\u00e7\u00e3o a 2020 ficou em 5,26%. Foi levado em considera\u00e7\u00e3o o \u00cdndice Nacional de [&hellip;]\" \/>\n<meta property=\"og:url\" content=\"https:\/\/aconteceunovale.com.br\/portal\/?p=171575\" \/>\n<meta property=\"og:site_name\" content=\"Aconteceu no Vale\" \/>\n<meta property=\"article:publisher\" content=\"https:\/\/www.facebook.com\/aconteceunovale\/\" \/>\n<meta property=\"article:published_time\" content=\"2021-01-01T14:57:14+00:00\" \/>\n<meta property=\"article:modified_time\" content=\"2021-01-11T16:49:50+00:00\" \/>\n<meta property=\"og:image\" content=\"https:\/\/aconteceunovale.com.br\/portal\/wp-content\/uploads\/2020\/11\/salario_13.jpg\" \/>\n\t<meta property=\"og:image:width\" content=\"678\" \/>\n\t<meta property=\"og:image:height\" content=\"406\" \/>\n\t<meta property=\"og:image:type\" content=\"image\/jpeg\" \/>\n<meta name=\"author\" content=\"Reda\u00e7\u00e3o Aconteceu no Vale\" \/>\n<meta name=\"twitter:card\" content=\"summary_large_image\" \/>\n<meta name=\"twitter:creator\" content=\"@noticiadosvales\" \/>\n<meta name=\"twitter:site\" content=\"@noticiadosvales\" \/>\n<meta name=\"twitter:label1\" content=\"Escrito por\" \/>\n\t<meta name=\"twitter:data1\" content=\"Reda\u00e7\u00e3o Aconteceu no Vale\" \/>\n\t<meta name=\"twitter:label2\" content=\"Est. tempo de leitura\" \/>\n\t<meta name=\"twitter:data2\" content=\"2 minutos\" \/>\n<script type=\"application\/ld+json\" class=\"yoast-schema-graph\">{\"@context\":\"https:\\\/\\\/schema.org\",\"@graph\":[{\"@type\":\"Article\",\"@id\":\"https:\\\/\\\/aconteceunovale.com.br\\\/portal\\\/?p=171575#article\",\"isPartOf\":{\"@id\":\"https:\\\/\\\/aconteceunovale.com.br\\\/portal\\\/?p=171575\"},\"author\":{\"name\":\"Reda\u00e7\u00e3o Aconteceu no Vale\",\"@id\":\"https:\\\/\\\/aconteceunovale.com.br\\\/portal\\\/#\\\/schema\\\/person\\\/7d2f26d1483f8a63de73da1ee0754d35\"},\"headline\":\"Sal\u00e1rio m\u00ednimo passa a valer R$ 1.100\",\"datePublished\":\"2021-01-01T14:57:14+00:00\",\"dateModified\":\"2021-01-11T16:49:50+00:00\",\"mainEntityOfPage\":{\"@id\":\"https:\\\/\\\/aconteceunovale.com.br\\\/portal\\\/?p=171575\"},\"wordCount\":399,\"commentCount\":0,\"image\":{\"@id\":\"https:\\\/\\\/aconteceunovale.com.br\\\/portal\\\/?p=171575#primaryimage\"},\"thumbnailUrl\":\"https:\\\/\\\/aconteceunovale.com.br\\\/portal\\\/wp-content\\\/uploads\\\/2020\\\/11\\\/salario_13.jpg\",\"keywords\":[\"Bolsonaro\",\"destaque\",\"Governo Bolsonaro\",\"Governo federal aumenta para R$ 1.100 previs\u00e3o para sal\u00e1rio m\u00ednimo em 2021\",\"Jair Bolsonaro\",\"LDO 2021\",\"Minist\u00e9rio da Economia\",\"Presidente anuncia aumento do sal\u00e1rio m\u00ednimo para R$ 1.100\",\"Sal\u00e1rio em 2021\",\"Sal\u00e1rio m\u00ednimo em 2021\",\"Sal\u00e1rio m\u00ednimo para 2021\",\"Sal\u00e1rio m\u00ednimo para 2021 ficar\u00e1 em R$ 1.100\",\"Sal\u00e1rio m\u00ednimo passa a valer R$ 1.100\",\"Sal\u00e1rio proposto pelo governo federal\",\"Valor do sal\u00e1rio em 2021\",\"Valor do Sal\u00e1rio m\u00ednimo para 2021\"],\"articleSection\":[\"Brasil\",\"Empregos\"],\"inLanguage\":\"pt-BR\",\"potentialAction\":[{\"@type\":\"CommentAction\",\"name\":\"Comment\",\"target\":[\"https:\\\/\\\/aconteceunovale.com.br\\\/portal\\\/?p=171575#respond\"]}]},{\"@type\":\"WebPage\",\"@id\":\"https:\\\/\\\/aconteceunovale.com.br\\\/portal\\\/?p=171575\",\"url\":\"https:\\\/\\\/aconteceunovale.com.br\\\/portal\\\/?p=171575\",\"name\":\"Sal\u00e1rio m\u00ednimo passa a valer R$ 1.100 - Aconteceu no Vale\",\"isPartOf\":{\"@id\":\"https:\\\/\\\/aconteceunovale.com.br\\\/portal\\\/#website\"},\"primaryImageOfPage\":{\"@id\":\"https:\\\/\\\/aconteceunovale.com.br\\\/portal\\\/?p=171575#primaryimage\"},\"image\":{\"@id\":\"https:\\\/\\\/aconteceunovale.com.br\\\/portal\\\/?p=171575#primaryimage\"},\"thumbnailUrl\":\"https:\\\/\\\/aconteceunovale.com.br\\\/portal\\\/wp-content\\\/uploads\\\/2020\\\/11\\\/salario_13.jpg\",\"datePublished\":\"2021-01-01T14:57:14+00:00\",\"dateModified\":\"2021-01-11T16:49:50+00:00\",\"author\":{\"@id\":\"https:\\\/\\\/aconteceunovale.com.br\\\/portal\\\/#\\\/schema\\\/person\\\/7d2f26d1483f8a63de73da1ee0754d35\"},\"breadcrumb\":{\"@id\":\"https:\\\/\\\/aconteceunovale.com.br\\\/portal\\\/?p=171575#breadcrumb\"},\"inLanguage\":\"pt-BR\",\"potentialAction\":[{\"@type\":\"ReadAction\",\"target\":[\"https:\\\/\\\/aconteceunovale.com.br\\\/portal\\\/?p=171575\"]}]},{\"@type\":\"ImageObject\",\"inLanguage\":\"pt-BR\",\"@id\":\"https:\\\/\\\/aconteceunovale.com.br\\\/portal\\\/?p=171575#primaryimage\",\"url\":\"https:\\\/\\\/aconteceunovale.com.br\\\/portal\\\/wp-content\\\/uploads\\\/2020\\\/11\\\/salario_13.jpg\",\"contentUrl\":\"https:\\\/\\\/aconteceunovale.com.br\\\/portal\\\/wp-content\\\/uploads\\\/2020\\\/11\\\/salario_13.jpg\",\"width\":678,\"height\":406,\"caption\":\"Real,dinheiro, moeda\"},{\"@type\":\"BreadcrumbList\",\"@id\":\"https:\\\/\\\/aconteceunovale.com.br\\\/portal\\\/?p=171575#breadcrumb\",\"itemListElement\":[{\"@type\":\"ListItem\",\"position\":1,\"name\":\"In\u00edcio\",\"item\":\"https:\\\/\\\/aconteceunovale.com.br\\\/portal\\\/\"},{\"@type\":\"ListItem\",\"position\":2,\"name\":\"Sal\u00e1rio m\u00ednimo passa a valer R$ 1.100\"}]},{\"@type\":\"WebSite\",\"@id\":\"https:\\\/\\\/aconteceunovale.com.br\\\/portal\\\/#website\",\"url\":\"https:\\\/\\\/aconteceunovale.com.br\\\/portal\\\/\",\"name\":\"Aconteceu no Vale\",\"description\":\"Portal de Not\u00edcias\",\"potentialAction\":[{\"@type\":\"SearchAction\",\"target\":{\"@type\":\"EntryPoint\",\"urlTemplate\":\"https:\\\/\\\/aconteceunovale.com.br\\\/portal\\\/?s={search_term_string}\"},\"query-input\":{\"@type\":\"PropertyValueSpecification\",\"valueRequired\":true,\"valueName\":\"search_term_string\"}}],\"inLanguage\":\"pt-BR\"},{\"@type\":\"Person\",\"@id\":\"https:\\\/\\\/aconteceunovale.com.br\\\/portal\\\/#\\\/schema\\\/person\\\/7d2f26d1483f8a63de73da1ee0754d35\",\"name\":\"Reda\u00e7\u00e3o Aconteceu no Vale\",\"description\":\"Equipe de reportagem do Aconteceu no Vale, portal de not\u00edcias do Vale do Jequitinhonha, em Minas Gerais. Cobrimos as 51 cidades do Vale desde 2013. Sugest\u00f5es de pauta e pedidos de corre\u00e7\u00e3o: contato@aconteceunovale.com.br\",\"url\":\"https:\\\/\\\/aconteceunovale.com.br\\\/portal\\\/?author=4\"}]}<\/script>\n<!-- \/ Yoast SEO plugin. -->","yoast_head_json":{"title":"Sal\u00e1rio m\u00ednimo passa a valer R$ 1.100 - Aconteceu no Vale","robots":{"index":"index","follow":"follow","max-snippet":"max-snippet:-1","max-image-preview":"max-image-preview:large","max-video-preview":"max-video-preview:-1"},"canonical":"https:\/\/aconteceunovale.com.br\/portal\/?p=171575","og_locale":"pt_BR","og_type":"article","og_title":"Sal\u00e1rio m\u00ednimo passa a valer R$ 1.100 - Aconteceu no Vale","og_description":"A partir de hoje (1\u00ba), o sal\u00e1rio m\u00ednimo passa a valer R$ 1.100, conforme a\u00a0Medida Provis\u00f3ria n\u00ba 1.021, publicada no Di\u00e1rio Oficial da Uni\u00e3o, no \u00faltimo dia 30. No ano passado, o sal\u00e1rio m\u00ednimo estava em R$ 1.045. O reajuste em rela\u00e7\u00e3o a 2020 ficou em 5,26%. Foi levado em considera\u00e7\u00e3o o \u00cdndice Nacional de [&hellip;]","og_url":"https:\/\/aconteceunovale.com.br\/portal\/?p=171575","og_site_name":"Aconteceu no Vale","article_publisher":"https:\/\/www.facebook.com\/aconteceunovale\/","article_published_time":"2021-01-01T14:57:14+00:00","article_modified_time":"2021-01-11T16:49:50+00:00","og_image":[{"width":678,"height":406,"url":"https:\/\/aconteceunovale.com.br\/portal\/wp-content\/uploads\/2020\/11\/salario_13.jpg","type":"image\/jpeg"}],"author":"Reda\u00e7\u00e3o Aconteceu no Vale","twitter_card":"summary_large_image","twitter_creator":"@noticiadosvales","twitter_site":"@noticiadosvales","twitter_misc":{"Escrito por":"Reda\u00e7\u00e3o Aconteceu no Vale","Est. tempo de leitura":"2 minutos"},"schema":{"@context":"https:\/\/schema.org","@graph":[{"@type":"Article","@id":"https:\/\/aconteceunovale.com.br\/portal\/?p=171575#article","isPartOf":{"@id":"https:\/\/aconteceunovale.com.br\/portal\/?p=171575"},"author":{"name":"Reda\u00e7\u00e3o Aconteceu no Vale","@id":"https:\/\/aconteceunovale.com.br\/portal\/#\/schema\/person\/7d2f26d1483f8a63de73da1ee0754d35"},"headline":"Sal\u00e1rio m\u00ednimo passa a valer R$ 1.100","datePublished":"2021-01-01T14:57:14+00:00","dateModified":"2021-01-11T16:49:50+00:00","mainEntityOfPage":{"@id":"https:\/\/aconteceunovale.com.br\/portal\/?p=171575"},"wordCount":399,"commentCount":0,"image":{"@id":"https:\/\/aconteceunovale.com.br\/portal\/?p=171575#primaryimage"},"thumbnailUrl":"https:\/\/aconteceunovale.com.br\/portal\/wp-content\/uploads\/2020\/11\/salario_13.jpg","keywords":["Bolsonaro","destaque","Governo Bolsonaro","Governo federal aumenta para R$ 1.100 previs\u00e3o para sal\u00e1rio m\u00ednimo em 2021","Jair Bolsonaro","LDO 2021","Minist\u00e9rio da Economia","Presidente anuncia aumento do sal\u00e1rio m\u00ednimo para R$ 1.100","Sal\u00e1rio em 2021","Sal\u00e1rio m\u00ednimo em 2021","Sal\u00e1rio m\u00ednimo para 2021","Sal\u00e1rio m\u00ednimo para 2021 ficar\u00e1 em R$ 1.100","Sal\u00e1rio m\u00ednimo passa a valer R$ 1.100","Sal\u00e1rio proposto pelo governo federal","Valor do sal\u00e1rio em 2021","Valor do Sal\u00e1rio m\u00ednimo para 2021"],"articleSection":["Brasil","Empregos"],"inLanguage":"pt-BR","potentialAction":[{"@type":"CommentAction","name":"Comment","target":["https:\/\/aconteceunovale.com.br\/portal\/?p=171575#respond"]}]},{"@type":"WebPage","@id":"https:\/\/aconteceunovale.com.br\/portal\/?p=171575","url":"https:\/\/aconteceunovale.com.br\/portal\/?p=171575","name":"Sal\u00e1rio m\u00ednimo passa a valer R$ 1.100 - Aconteceu no Vale","isPartOf":{"@id":"https:\/\/aconteceunovale.com.br\/portal\/#website"},"primaryImageOfPage":{"@id":"https:\/\/aconteceunovale.com.br\/portal\/?p=171575#primaryimage"},"image":{"@id":"https:\/\/aconteceunovale.com.br\/portal\/?p=171575#primaryimage"},"thumbnailUrl":"https:\/\/aconteceunovale.com.br\/portal\/wp-content\/uploads\/2020\/11\/salario_13.jpg","datePublished":"2021-01-01T14:57:14+00:00","dateModified":"2021-01-11T16:49:50+00:00","author":{"@id":"https:\/\/aconteceunovale.com.br\/portal\/#\/schema\/person\/7d2f26d1483f8a63de73da1ee0754d35"},"breadcrumb":{"@id":"https:\/\/aconteceunovale.com.br\/portal\/?p=171575#breadcrumb"},"inLanguage":"pt-BR","potentialAction":[{"@type":"ReadAction","target":["https:\/\/aconteceunovale.com.br\/portal\/?p=171575"]}]},{"@type":"ImageObject","inLanguage":"pt-BR","@id":"https:\/\/aconteceunovale.com.br\/portal\/?p=171575#primaryimage","url":"https:\/\/aconteceunovale.com.br\/portal\/wp-content\/uploads\/2020\/11\/salario_13.jpg","contentUrl":"https:\/\/aconteceunovale.com.br\/portal\/wp-content\/uploads\/2020\/11\/salario_13.jpg","width":678,"height":406,"caption":"Real,dinheiro, moeda"},{"@type":"BreadcrumbList","@id":"https:\/\/aconteceunovale.com.br\/portal\/?p=171575#breadcrumb","itemListElement":[{"@type":"ListItem","position":1,"name":"In\u00edcio","item":"https:\/\/aconteceunovale.com.br\/portal\/"},{"@type":"ListItem","position":2,"name":"Sal\u00e1rio m\u00ednimo passa a valer R$ 1.100"}]},{"@type":"WebSite","@id":"https:\/\/aconteceunovale.com.br\/portal\/#website","url":"https:\/\/aconteceunovale.com.br\/portal\/","name":"Aconteceu no Vale","description":"Portal de Not\u00edcias","potentialAction":[{"@type":"SearchAction","target":{"@type":"EntryPoint","urlTemplate":"https:\/\/aconteceunovale.com.br\/portal\/?s={search_term_string}"},"query-input":{"@type":"PropertyValueSpecification","valueRequired":true,"valueName":"search_term_string"}}],"inLanguage":"pt-BR"},{"@type":"Person","@id":"https:\/\/aconteceunovale.com.br\/portal\/#\/schema\/person\/7d2f26d1483f8a63de73da1ee0754d35","name":"Reda\u00e7\u00e3o Aconteceu no Vale","description":"Equipe de reportagem do Aconteceu no Vale, portal de not\u00edcias do Vale do Jequitinhonha, em Minas Gerais. Cobrimos as 51 cidades do Vale desde 2013. Sugest\u00f5es de pauta e pedidos de corre\u00e7\u00e3o: contato@aconteceunovale.com.br","url":"https:\/\/aconteceunovale.com.br\/portal\/?author=4"}]}},"_links":{"self":[{"href":"https:\/\/aconteceunovale.com.br\/portal\/index.php?rest_route=\/wp\/v2\/posts\/171575","targetHints":{"allow":["GET"]}}],"collection":[{"href":"https:\/\/aconteceunovale.com.br\/portal\/index.php?rest_route=\/wp\/v2\/posts"}],"about":[{"href":"https:\/\/aconteceunovale.com.br\/portal\/index.php?rest_route=\/wp\/v2\/types\/post"}],"author":[{"embeddable":true,"href":"https:\/\/aconteceunovale.com.br\/portal\/index.php?rest_route=\/wp\/v2\/users\/4"}],"replies":[{"embeddable":true,"href":"https:\/\/aconteceunovale.com.br\/portal\/index.php?rest_route=%2Fwp%2Fv2%2Fcomments&post=171575"}],"version-history":[{"count":2,"href":"https:\/\/aconteceunovale.com.br\/portal\/index.php?rest_route=\/wp\/v2\/posts\/171575\/revisions"}],"predecessor-version":[{"id":172158,"href":"https:\/\/aconteceunovale.com.br\/portal\/index.php?rest_route=\/wp\/v2\/posts\/171575\/revisions\/172158"}],"wp:featuredmedia":[{"embeddable":true,"href":"https:\/\/aconteceunovale.com.br\/portal\/index.php?rest_route=\/wp\/v2\/media\/169249"}],"wp:attachment":[{"href":"https:\/\/aconteceunovale.com.br\/portal\/index.php?rest_route=%2Fwp%2Fv2%2Fmedia&parent=171575"}],"wp:term":[{"taxonomy":"category","embeddable":true,"href":"https:\/\/aconteceunovale.com.br\/portal\/index.php?rest_route=%2Fwp%2Fv2%2Fcategories&post=171575"},{"taxonomy":"post_tag","embeddable":true,"href":"https:\/\/aconteceunovale.com.br\/portal\/index.php?rest_route=%2Fwp%2Fv2%2Ftags&post=171575"}],"curies":[{"name":"wp","href":"https:\/\/api.w.org\/{rel}","templated":true}]}}