{"id":171568,"date":"2021-01-01T10:48:37","date_gmt":"2021-01-01T13:48:37","guid":{"rendered":"https:\/\/aconteceunovale.com.br\/portal\/?p=171568"},"modified":"2021-01-01T10:48:51","modified_gmt":"2021-01-01T13:48:51","slug":"papa-diz-que-mundo-precisa-de-vacina-para-o-coracao-em-2021","status":"publish","type":"post","link":"https:\/\/aconteceunovale.com.br\/portal\/?p=171568","title":{"rendered":"Papa diz que mundo precisa de vacina para o cora\u00e7\u00e3o em 2021"},"content":{"rendered":"\n<p class=\"wp-block-paragraph\">O Papa Francisco disse hoje que 2021 ser\u00e1 &#8220;um bom ano&#8221; se as pessoas cuidarem umas das outras e salientou que, al\u00e9m de uma vacina contra o coronav\u00edrus, o mundo precisa de uma &#8220;vacina para o cora\u00e7\u00e3o&#8221;.<\/p>\n\n\n\n<p class=\"wp-block-paragraph\">&#8220;N\u00e3o \u00e9 bom conhecer muitas pessoas e muitas coisas se n\u00e3o tomarmos conta delas. Este ano, enquanto esperamos pela recupera\u00e7\u00e3o e novos tratamentos, n\u00e3o negligenciemos os cuidados. Porque, al\u00e9m da vacina para o corpo, precisamos da vacina para o cora\u00e7\u00e3o, que \u00e9 o cuidado. Ser\u00e1 um bom ano se cuidarmos dos outros&#8221;, disse.<\/p>\n\n\n\n<p class=\"wp-block-paragraph\">As palavras do Papa foram lidas numa homilia pelo secret\u00e1rio de Estado do Vaticano, cardeal Pietro Parolin, durante a Missa de Ano Novo, dedicada \u00e0 &#8220;solenidade de Maria Sant\u00edssima M\u00e3e de Deus&#8221;, que foi celebrada hoje no Vaticano.<\/p>\n\n\n\n<figure class=\"wp-block-gallery columns-1 is-cropped wp-block-gallery-1 is-layout-flex wp-block-gallery-is-layout-flex\"><ul class=\"blocks-gallery-grid\"><li class=\"blocks-gallery-item\"><figure><img loading=\"lazy\" decoding=\"async\" width=\"678\" height=\"382\" src=\"https:\/\/aconteceunovale.com.br\/portal\/wp-content\/uploads\/2021\/01\/papa_francisco.jpeg\" alt=\"\" data-id=\"171569\" data-full-url=\"https:\/\/aconteceunovale.com.br\/portal\/wp-content\/uploads\/2021\/01\/papa_francisco.jpeg\" data-link=\"https:\/\/aconteceunovale.com.br\/portal\/?attachment_id=171569\" class=\"wp-image-171569\" srcset=\"https:\/\/aconteceunovale.com.br\/portal\/wp-content\/uploads\/2021\/01\/papa_francisco.jpeg 678w, https:\/\/aconteceunovale.com.br\/portal\/wp-content\/uploads\/2021\/01\/papa_francisco-300x169.jpeg 300w\" sizes=\"auto, (max-width: 678px) 100vw, 678px\" \/><figcaption class=\"blocks-gallery-item__caption\"><em>Papa Francisco (Foto: Vatican News\/Reprodu\u00e7\u00e3o)<\/em><\/figcaption><\/figure><\/li><\/ul><\/figure>\n\n\n\n<p class=\"wp-block-paragraph\">O Papa Francisco foi impedido de presidir a esta missa e tamb\u00e9m \u00e0s v\u00e9speras de 31 de dezembro de 2020, por causa de uma dor ci\u00e1tica, segundo o porta-voz da Santa S\u00e9, Matteo Bruni.<\/p>\n\n\n\n<p class=\"wp-block-paragraph\">Jorge Bergoglio deixou, no entanto, a homilia escrita para que o Cardeal Parolin pudesse ler as suas palavras aos poucos participantes e meios de comunica\u00e7\u00e3o social que puderam estar na Bas\u00edlica de S\u00e3o Pedro, no Vaticano, devido \u00e0s medidas preventivas para evitar a propaga\u00e7\u00e3o do coronav\u00edrus.<\/p>\n\n\n\n<p class=\"wp-block-paragraph\">A missa foi celebrada sem os fi\u00e9is e numa bas\u00edlica vazia.<\/p>\n\n\n\n<p class=\"wp-block-paragraph\">O Papa enfatizou tr\u00eas palavras &#8211; b\u00ean\u00e7\u00e3o, nascimento e encontro -, e salientou o papel da Virgem Maria, neste dia em que a Igreja Cat\u00f3lica tamb\u00e9m celebra o 54.\u00ba Dia Mundial da Paz, este ano sob o lema &#8220;A cultura do cuidado como caminho para a paz&#8221;.<\/p>\n\n\n\n<p class=\"wp-block-paragraph\">&#8220;N\u00e3o estamos no mundo para morrer, mas para gerar vida&#8221;, disse o Papa, acrescentando: &#8220;O primeiro passo para dar vida ao que nos rodeia \u00e9 am\u00e1-la dentro de n\u00f3s pr\u00f3prios.<\/p>\n\n\n\n<p class=\"wp-block-paragraph\">Sublinhou a import\u00e2ncia de &#8220;educar o cora\u00e7\u00e3o para cuidar, para valorizar as pessoas e as coisas&#8221;, para que as sociedades cuidem dos outros e do mundo.<\/p>\n\n\n\n<p class=\"wp-block-paragraph\">Considerou que &#8220;o mundo est\u00e1 seriamente contaminado por dizer coisas m\u00e1s e por pensar mal dos outros, da sociedade, de si pr\u00f3prios&#8221;, e assegurou que &#8220;a maldi\u00e7\u00e3o corrompe, faz tudo degenerar&#8221; e que &#8220;a b\u00ean\u00e7\u00e3o regenera, d\u00e1 for\u00e7a para recome\u00e7ar&#8221;.<\/p>\n\n\n\n<p class=\"wp-block-paragraph\">No final da homilia, Francisco perguntou-se a si pr\u00f3prio o que as pessoas deveriam encontrar no in\u00edcio de 2021 e respondeu: &#8220;Seria bonito encontrar tempo para algu\u00e9m. O tempo \u00e9 uma riqueza que todos temos, mas da qual temos inveja, pois queremos us\u00e1-lo apenas para n\u00f3s pr\u00f3prios&#8221;.<\/p>\n\n\n\n<p class=\"wp-block-paragraph\">Assim, encorajou as pessoas a dedicarem momentos aos outros, especialmente aos &#8220;que est\u00e3o s\u00f3s, aos que sofrem, aos que precisam de ser ouvidos e cuidados&#8221;.<\/p>\n\n\n\n<p class=\"wp-block-paragraph\">O calend\u00e1rio das celebra\u00e7\u00f5es do Natal do Vaticano continua at\u00e9 6 de janeiro com a Missa da Epifania do Senhor.<\/p>\n\n\n\n<p class=\"has-white-color has-vivid-cyan-blue-background-color has-text-color has-background wp-block-paragraph\">Quer saber as not\u00edcias do <strong>Aconteceu no Vale<\/strong> em primeira m\u00e3o? Siga-nos no Facebook <a rel=\"noreferrer noopener\" href=\"http:\/\/facebook.com\/aconteceunovale\" target=\"_blank\">@aconteceunovale<\/a>, Twitter <a rel=\"noreferrer noopener\" href=\"https:\/\/twitter.com\/noticiadosvales\" target=\"_blank\">@noticiadosvales<\/a> e Instagram <a rel=\"noreferrer noopener\" href=\"https:\/\/www.instagram.com\/aconteceunovale\" target=\"_blank\">@aconteceunovale<\/a>.<\/p>\n","protected":false},"excerpt":{"rendered":"<p>O Papa Francisco disse hoje que 2021 ser\u00e1 &#8220;um bom ano&#8221; se as pessoas cuidarem umas das outras e salientou que, al\u00e9m de uma vacina contra o coronav\u00edrus, o mundo precisa de uma &#8220;vacina para o cora\u00e7\u00e3o&#8221;. &#8220;N\u00e3o \u00e9 bom conhecer muitas pessoas e muitas coisas se n\u00e3o tomarmos conta delas. Este ano, enquanto esperamos [&hellip;]<\/p>\n","protected":false},"author":4,"featured_media":171569,"comment_status":"open","ping_status":"closed","sticky":false,"template":"","format":"standard","meta":{"amp_status":"","footnotes":""},"categories":[28848],"tags":[233768,28526,233772,233771,233770,63088,946,233769,221948,233766,233767,22968],"class_list":["post-171568","post","type-post","status-publish","format-standard","has-post-thumbnail","hentry","category-mundo","tag-2021-sera-um-bom-ano","tag-ano-novo","tag-jorge-bergolio","tag-matteo-bruni","tag-missa-de-ano-novo","tag-papa","tag-papa-francisco","tag-pietro-parolin","tag-vacina-contra-o-coronavirus","tag-vacina-para-o-coracao","tag-vacina-para-o-coracao-papa-francisco","tag-vaticano"],"yoast_head":"<!-- This site is optimized with the Yoast SEO plugin v28.3 - https:\/\/yoast.com\/product\/yoast-seo-wordpress\/ -->\n<title>Papa diz que mundo precisa de vacina para o cora\u00e7\u00e3o em 2021 - Aconteceu no Vale<\/title>\n<meta name=\"robots\" content=\"index, follow, max-snippet:-1, max-image-preview:large, max-video-preview:-1\" \/>\n<link rel=\"canonical\" href=\"https:\/\/aconteceunovale.com.br\/portal\/?p=171568\" \/>\n<meta property=\"og:locale\" content=\"pt_BR\" \/>\n<meta property=\"og:type\" content=\"article\" \/>\n<meta property=\"og:title\" content=\"Papa diz que mundo precisa de vacina para o cora\u00e7\u00e3o em 2021 - Aconteceu no Vale\" \/>\n<meta property=\"og:description\" content=\"O Papa Francisco disse hoje que 2021 ser\u00e1 &#8220;um bom ano&#8221; se as pessoas cuidarem umas das outras e salientou que, al\u00e9m de uma vacina contra o coronav\u00edrus, o mundo precisa de uma &#8220;vacina para o cora\u00e7\u00e3o&#8221;. &#8220;N\u00e3o \u00e9 bom conhecer muitas pessoas e muitas coisas se n\u00e3o tomarmos conta delas. Este ano, enquanto esperamos [&hellip;]\" \/>\n<meta property=\"og:url\" content=\"https:\/\/aconteceunovale.com.br\/portal\/?p=171568\" \/>\n<meta property=\"og:site_name\" content=\"Aconteceu no Vale\" \/>\n<meta property=\"article:publisher\" content=\"https:\/\/www.facebook.com\/aconteceunovale\/\" \/>\n<meta property=\"article:published_time\" content=\"2021-01-01T13:48:37+00:00\" \/>\n<meta property=\"article:modified_time\" content=\"2021-01-01T13:48:51+00:00\" \/>\n<meta property=\"og:image\" content=\"https:\/\/aconteceunovale.com.br\/portal\/wp-content\/uploads\/2021\/01\/papa_francisco.jpeg\" \/>\n\t<meta property=\"og:image:width\" content=\"678\" \/>\n\t<meta property=\"og:image:height\" content=\"382\" \/>\n\t<meta property=\"og:image:type\" content=\"image\/jpeg\" \/>\n<meta name=\"author\" content=\"Reda\u00e7\u00e3o Aconteceu no Vale\" \/>\n<meta name=\"twitter:card\" content=\"summary_large_image\" \/>\n<meta name=\"twitter:creator\" content=\"@noticiadosvales\" \/>\n<meta name=\"twitter:site\" content=\"@noticiadosvales\" \/>\n<meta name=\"twitter:label1\" content=\"Escrito por\" \/>\n\t<meta name=\"twitter:data1\" content=\"Reda\u00e7\u00e3o Aconteceu no Vale\" \/>\n\t<meta name=\"twitter:label2\" content=\"Est. tempo de leitura\" \/>\n\t<meta name=\"twitter:data2\" content=\"3 minutos\" \/>\n<script type=\"application\/ld+json\" class=\"yoast-schema-graph\">{\"@context\":\"https:\\\/\\\/schema.org\",\"@graph\":[{\"@type\":\"Article\",\"@id\":\"https:\\\/\\\/aconteceunovale.com.br\\\/portal\\\/?p=171568#article\",\"isPartOf\":{\"@id\":\"https:\\\/\\\/aconteceunovale.com.br\\\/portal\\\/?p=171568\"},\"author\":{\"name\":\"Reda\u00e7\u00e3o Aconteceu no Vale\",\"@id\":\"https:\\\/\\\/aconteceunovale.com.br\\\/portal\\\/#\\\/schema\\\/person\\\/7d2f26d1483f8a63de73da1ee0754d35\"},\"headline\":\"Papa diz que mundo precisa de vacina para o cora\u00e7\u00e3o em 2021\",\"datePublished\":\"2021-01-01T13:48:37+00:00\",\"dateModified\":\"2021-01-01T13:48:51+00:00\",\"mainEntityOfPage\":{\"@id\":\"https:\\\/\\\/aconteceunovale.com.br\\\/portal\\\/?p=171568\"},\"wordCount\":534,\"commentCount\":0,\"image\":{\"@id\":\"https:\\\/\\\/aconteceunovale.com.br\\\/portal\\\/?p=171568#primaryimage\"},\"thumbnailUrl\":\"https:\\\/\\\/aconteceunovale.com.br\\\/portal\\\/wp-content\\\/uploads\\\/2021\\\/01\\\/papa_francisco.jpeg\",\"keywords\":[\"2021 ser\u00e1 um bom ano\",\"ano novo\",\"Jorge Bergolio\",\"Matteo Bruni\",\"Missa de Ano Novo\",\"Papa\",\"papa francisco\",\"Pietro Parolin\",\"Vacina contra o coronav\u00edrus\",\"Vacina para o cora\u00e7\u00e3o\",\"Vacina para o cora\u00e7\u00e3o Papa Francisco\",\"Vaticano\"],\"articleSection\":[\"Mundo\"],\"inLanguage\":\"pt-BR\",\"potentialAction\":[{\"@type\":\"CommentAction\",\"name\":\"Comment\",\"target\":[\"https:\\\/\\\/aconteceunovale.com.br\\\/portal\\\/?p=171568#respond\"]}]},{\"@type\":\"WebPage\",\"@id\":\"https:\\\/\\\/aconteceunovale.com.br\\\/portal\\\/?p=171568\",\"url\":\"https:\\\/\\\/aconteceunovale.com.br\\\/portal\\\/?p=171568\",\"name\":\"Papa diz que mundo precisa de vacina para o cora\u00e7\u00e3o em 2021 - Aconteceu no Vale\",\"isPartOf\":{\"@id\":\"https:\\\/\\\/aconteceunovale.com.br\\\/portal\\\/#website\"},\"primaryImageOfPage\":{\"@id\":\"https:\\\/\\\/aconteceunovale.com.br\\\/portal\\\/?p=171568#primaryimage\"},\"image\":{\"@id\":\"https:\\\/\\\/aconteceunovale.com.br\\\/portal\\\/?p=171568#primaryimage\"},\"thumbnailUrl\":\"https:\\\/\\\/aconteceunovale.com.br\\\/portal\\\/wp-content\\\/uploads\\\/2021\\\/01\\\/papa_francisco.jpeg\",\"datePublished\":\"2021-01-01T13:48:37+00:00\",\"dateModified\":\"2021-01-01T13:48:51+00:00\",\"author\":{\"@id\":\"https:\\\/\\\/aconteceunovale.com.br\\\/portal\\\/#\\\/schema\\\/person\\\/7d2f26d1483f8a63de73da1ee0754d35\"},\"breadcrumb\":{\"@id\":\"https:\\\/\\\/aconteceunovale.com.br\\\/portal\\\/?p=171568#breadcrumb\"},\"inLanguage\":\"pt-BR\",\"potentialAction\":[{\"@type\":\"ReadAction\",\"target\":[\"https:\\\/\\\/aconteceunovale.com.br\\\/portal\\\/?p=171568\"]}]},{\"@type\":\"ImageObject\",\"inLanguage\":\"pt-BR\",\"@id\":\"https:\\\/\\\/aconteceunovale.com.br\\\/portal\\\/?p=171568#primaryimage\",\"url\":\"https:\\\/\\\/aconteceunovale.com.br\\\/portal\\\/wp-content\\\/uploads\\\/2021\\\/01\\\/papa_francisco.jpeg\",\"contentUrl\":\"https:\\\/\\\/aconteceunovale.com.br\\\/portal\\\/wp-content\\\/uploads\\\/2021\\\/01\\\/papa_francisco.jpeg\",\"width\":678,\"height\":382},{\"@type\":\"BreadcrumbList\",\"@id\":\"https:\\\/\\\/aconteceunovale.com.br\\\/portal\\\/?p=171568#breadcrumb\",\"itemListElement\":[{\"@type\":\"ListItem\",\"position\":1,\"name\":\"In\u00edcio\",\"item\":\"https:\\\/\\\/aconteceunovale.com.br\\\/portal\\\/\"},{\"@type\":\"ListItem\",\"position\":2,\"name\":\"Papa diz que mundo precisa de vacina para o cora\u00e7\u00e3o em 2021\"}]},{\"@type\":\"WebSite\",\"@id\":\"https:\\\/\\\/aconteceunovale.com.br\\\/portal\\\/#website\",\"url\":\"https:\\\/\\\/aconteceunovale.com.br\\\/portal\\\/\",\"name\":\"Aconteceu no Vale\",\"description\":\"Portal de Not\u00edcias\",\"potentialAction\":[{\"@type\":\"SearchAction\",\"target\":{\"@type\":\"EntryPoint\",\"urlTemplate\":\"https:\\\/\\\/aconteceunovale.com.br\\\/portal\\\/?s={search_term_string}\"},\"query-input\":{\"@type\":\"PropertyValueSpecification\",\"valueRequired\":true,\"valueName\":\"search_term_string\"}}],\"inLanguage\":\"pt-BR\"},{\"@type\":\"Person\",\"@id\":\"https:\\\/\\\/aconteceunovale.com.br\\\/portal\\\/#\\\/schema\\\/person\\\/7d2f26d1483f8a63de73da1ee0754d35\",\"name\":\"Reda\u00e7\u00e3o Aconteceu no Vale\",\"description\":\"Equipe de reportagem do Aconteceu no Vale, portal de not\u00edcias do Vale do Jequitinhonha, em Minas Gerais. Cobrimos as 51 cidades do Vale desde 2013. Sugest\u00f5es de pauta e pedidos de corre\u00e7\u00e3o: contato@aconteceunovale.com.br\",\"url\":\"https:\\\/\\\/aconteceunovale.com.br\\\/portal\\\/?author=4\"}]}<\/script>\n<!-- \/ Yoast SEO plugin. -->","yoast_head_json":{"title":"Papa diz que mundo precisa de vacina para o cora\u00e7\u00e3o em 2021 - Aconteceu no Vale","robots":{"index":"index","follow":"follow","max-snippet":"max-snippet:-1","max-image-preview":"max-image-preview:large","max-video-preview":"max-video-preview:-1"},"canonical":"https:\/\/aconteceunovale.com.br\/portal\/?p=171568","og_locale":"pt_BR","og_type":"article","og_title":"Papa diz que mundo precisa de vacina para o cora\u00e7\u00e3o em 2021 - Aconteceu no Vale","og_description":"O Papa Francisco disse hoje que 2021 ser\u00e1 &#8220;um bom ano&#8221; se as pessoas cuidarem umas das outras e salientou que, al\u00e9m de uma vacina contra o coronav\u00edrus, o mundo precisa de uma &#8220;vacina para o cora\u00e7\u00e3o&#8221;. &#8220;N\u00e3o \u00e9 bom conhecer muitas pessoas e muitas coisas se n\u00e3o tomarmos conta delas. Este ano, enquanto esperamos [&hellip;]","og_url":"https:\/\/aconteceunovale.com.br\/portal\/?p=171568","og_site_name":"Aconteceu no Vale","article_publisher":"https:\/\/www.facebook.com\/aconteceunovale\/","article_published_time":"2021-01-01T13:48:37+00:00","article_modified_time":"2021-01-01T13:48:51+00:00","og_image":[{"width":678,"height":382,"url":"https:\/\/aconteceunovale.com.br\/portal\/wp-content\/uploads\/2021\/01\/papa_francisco.jpeg","type":"image\/jpeg"}],"author":"Reda\u00e7\u00e3o Aconteceu no Vale","twitter_card":"summary_large_image","twitter_creator":"@noticiadosvales","twitter_site":"@noticiadosvales","twitter_misc":{"Escrito por":"Reda\u00e7\u00e3o Aconteceu no Vale","Est. tempo de leitura":"3 minutos"},"schema":{"@context":"https:\/\/schema.org","@graph":[{"@type":"Article","@id":"https:\/\/aconteceunovale.com.br\/portal\/?p=171568#article","isPartOf":{"@id":"https:\/\/aconteceunovale.com.br\/portal\/?p=171568"},"author":{"name":"Reda\u00e7\u00e3o Aconteceu no Vale","@id":"https:\/\/aconteceunovale.com.br\/portal\/#\/schema\/person\/7d2f26d1483f8a63de73da1ee0754d35"},"headline":"Papa diz que mundo precisa de vacina para o cora\u00e7\u00e3o em 2021","datePublished":"2021-01-01T13:48:37+00:00","dateModified":"2021-01-01T13:48:51+00:00","mainEntityOfPage":{"@id":"https:\/\/aconteceunovale.com.br\/portal\/?p=171568"},"wordCount":534,"commentCount":0,"image":{"@id":"https:\/\/aconteceunovale.com.br\/portal\/?p=171568#primaryimage"},"thumbnailUrl":"https:\/\/aconteceunovale.com.br\/portal\/wp-content\/uploads\/2021\/01\/papa_francisco.jpeg","keywords":["2021 ser\u00e1 um bom ano","ano novo","Jorge Bergolio","Matteo Bruni","Missa de Ano Novo","Papa","papa francisco","Pietro Parolin","Vacina contra o coronav\u00edrus","Vacina para o cora\u00e7\u00e3o","Vacina para o cora\u00e7\u00e3o Papa Francisco","Vaticano"],"articleSection":["Mundo"],"inLanguage":"pt-BR","potentialAction":[{"@type":"CommentAction","name":"Comment","target":["https:\/\/aconteceunovale.com.br\/portal\/?p=171568#respond"]}]},{"@type":"WebPage","@id":"https:\/\/aconteceunovale.com.br\/portal\/?p=171568","url":"https:\/\/aconteceunovale.com.br\/portal\/?p=171568","name":"Papa diz que mundo precisa de vacina para o cora\u00e7\u00e3o em 2021 - Aconteceu no Vale","isPartOf":{"@id":"https:\/\/aconteceunovale.com.br\/portal\/#website"},"primaryImageOfPage":{"@id":"https:\/\/aconteceunovale.com.br\/portal\/?p=171568#primaryimage"},"image":{"@id":"https:\/\/aconteceunovale.com.br\/portal\/?p=171568#primaryimage"},"thumbnailUrl":"https:\/\/aconteceunovale.com.br\/portal\/wp-content\/uploads\/2021\/01\/papa_francisco.jpeg","datePublished":"2021-01-01T13:48:37+00:00","dateModified":"2021-01-01T13:48:51+00:00","author":{"@id":"https:\/\/aconteceunovale.com.br\/portal\/#\/schema\/person\/7d2f26d1483f8a63de73da1ee0754d35"},"breadcrumb":{"@id":"https:\/\/aconteceunovale.com.br\/portal\/?p=171568#breadcrumb"},"inLanguage":"pt-BR","potentialAction":[{"@type":"ReadAction","target":["https:\/\/aconteceunovale.com.br\/portal\/?p=171568"]}]},{"@type":"ImageObject","inLanguage":"pt-BR","@id":"https:\/\/aconteceunovale.com.br\/portal\/?p=171568#primaryimage","url":"https:\/\/aconteceunovale.com.br\/portal\/wp-content\/uploads\/2021\/01\/papa_francisco.jpeg","contentUrl":"https:\/\/aconteceunovale.com.br\/portal\/wp-content\/uploads\/2021\/01\/papa_francisco.jpeg","width":678,"height":382},{"@type":"BreadcrumbList","@id":"https:\/\/aconteceunovale.com.br\/portal\/?p=171568#breadcrumb","itemListElement":[{"@type":"ListItem","position":1,"name":"In\u00edcio","item":"https:\/\/aconteceunovale.com.br\/portal\/"},{"@type":"ListItem","position":2,"name":"Papa diz que mundo precisa de vacina para o cora\u00e7\u00e3o em 2021"}]},{"@type":"WebSite","@id":"https:\/\/aconteceunovale.com.br\/portal\/#website","url":"https:\/\/aconteceunovale.com.br\/portal\/","name":"Aconteceu no Vale","description":"Portal de Not\u00edcias","potentialAction":[{"@type":"SearchAction","target":{"@type":"EntryPoint","urlTemplate":"https:\/\/aconteceunovale.com.br\/portal\/?s={search_term_string}"},"query-input":{"@type":"PropertyValueSpecification","valueRequired":true,"valueName":"search_term_string"}}],"inLanguage":"pt-BR"},{"@type":"Person","@id":"https:\/\/aconteceunovale.com.br\/portal\/#\/schema\/person\/7d2f26d1483f8a63de73da1ee0754d35","name":"Reda\u00e7\u00e3o Aconteceu no Vale","description":"Equipe de reportagem do Aconteceu no Vale, portal de not\u00edcias do Vale do Jequitinhonha, em Minas Gerais. Cobrimos as 51 cidades do Vale desde 2013. Sugest\u00f5es de pauta e pedidos de corre\u00e7\u00e3o: contato@aconteceunovale.com.br","url":"https:\/\/aconteceunovale.com.br\/portal\/?author=4"}]}},"_links":{"self":[{"href":"https:\/\/aconteceunovale.com.br\/portal\/index.php?rest_route=\/wp\/v2\/posts\/171568","targetHints":{"allow":["GET"]}}],"collection":[{"href":"https:\/\/aconteceunovale.com.br\/portal\/index.php?rest_route=\/wp\/v2\/posts"}],"about":[{"href":"https:\/\/aconteceunovale.com.br\/portal\/index.php?rest_route=\/wp\/v2\/types\/post"}],"author":[{"embeddable":true,"href":"https:\/\/aconteceunovale.com.br\/portal\/index.php?rest_route=\/wp\/v2\/users\/4"}],"replies":[{"embeddable":true,"href":"https:\/\/aconteceunovale.com.br\/portal\/index.php?rest_route=%2Fwp%2Fv2%2Fcomments&post=171568"}],"version-history":[{"count":1,"href":"https:\/\/aconteceunovale.com.br\/portal\/index.php?rest_route=\/wp\/v2\/posts\/171568\/revisions"}],"predecessor-version":[{"id":171570,"href":"https:\/\/aconteceunovale.com.br\/portal\/index.php?rest_route=\/wp\/v2\/posts\/171568\/revisions\/171570"}],"wp:featuredmedia":[{"embeddable":true,"href":"https:\/\/aconteceunovale.com.br\/portal\/index.php?rest_route=\/wp\/v2\/media\/171569"}],"wp:attachment":[{"href":"https:\/\/aconteceunovale.com.br\/portal\/index.php?rest_route=%2Fwp%2Fv2%2Fmedia&parent=171568"}],"wp:term":[{"taxonomy":"category","embeddable":true,"href":"https:\/\/aconteceunovale.com.br\/portal\/index.php?rest_route=%2Fwp%2Fv2%2Fcategories&post=171568"},{"taxonomy":"post_tag","embeddable":true,"href":"https:\/\/aconteceunovale.com.br\/portal\/index.php?rest_route=%2Fwp%2Fv2%2Ftags&post=171568"}],"curies":[{"name":"wp","href":"https:\/\/api.w.org\/{rel}","templated":true}]}}