{"id":171565,"date":"2021-01-01T10:37:53","date_gmt":"2021-01-01T13:37:53","guid":{"rendered":"https:\/\/aconteceunovale.com.br\/portal\/?p=171565"},"modified":"2021-01-01T10:38:07","modified_gmt":"2021-01-01T13:38:07","slug":"projeto-que-melhora-apicultura-no-norte-de-minas-e-premiado","status":"publish","type":"post","link":"https:\/\/aconteceunovale.com.br\/portal\/?p=171565","title":{"rendered":"Projeto que melhora apicultura no Norte de Minas \u00e9 premiado"},"content":{"rendered":"\n<p class=\"wp-block-paragraph\">Apesar de um ano dif\u00edcil devido \u00e0 pandemia de covid-19, muitos produtores mineiros alcan\u00e7aram bons resultados em suas atividades. A Associa\u00e7\u00e3o Rural Ap\u00edcola de Janu\u00e1ria (Arajan), no Norte de Minas, \u00e9 um exemplo. Ela conseguiu aumentar a produ\u00e7\u00e3o de mel e o n\u00famero de associados, al\u00e9m da certifica\u00e7\u00e3o de sua agroind\u00fastria.<br><br>Conquistas que vieram a partir do\u00a0projeto\u00a0Assist\u00eancia T\u00e9cnica e Extens\u00e3o Rural (Ater), da\u00a0<a rel=\"noreferrer noopener\" href=\"http:\/\/www.emater.mg.gov.br\/\" target=\"_blank\">Emater-MG<\/a>\u00a0com a Assessoria Empresarial em Apicultura, que envolve diversos parceiros. A iniciativa ficou em primeiro lugar no pr\u00eamio MelhorA\u00e7\u00e3o 2020 promovido pela empresa, vinculada \u00e0\u00a0Secretaria de Estado de Agricultura, Pecu\u00e1ria e Abastecimento (Seapa).<br><br>A uni\u00e3o de\u00a0institui\u00e7\u00f5es\u00a0por meio do projeto, que teve in\u00edcio em 2018<strong>,\u00a0<\/strong>contribuiu para melhorar a gest\u00e3o e os processos produtivos da associa\u00e7\u00e3o. \u201cFoi um diagn\u00f3stico participativo para identificar todo potencial da associa\u00e7\u00e3o e todos os seus gargalos. Fizemos um plano de gest\u00e3o e um plano de trabalho. Tivemos duas vertentes. A primeira foi trabalhar com a capacita\u00e7\u00e3o dos dirigentes da entidade. Depois, n\u00f3s trabalhamos com o pr\u00f3prio apicultor em campo\u201d, diz o t\u00e9cnico da Emater-MG, Weder Fernandes.<br><br>Segundo a Emater-MG, a produ\u00e7\u00e3o dos api\u00e1rios aumentou em 20%. Com o manejo mais adequado, os apicultores reduziram as perdas na entressafra e aumentaram significativamente os enxames com a introdu\u00e7\u00e3o de rainhas melhoradas geneticamente. A associa\u00e7\u00e3o n\u00e3o s\u00f3 conseguiu melhorar a qualidade do mel produzido, como vender seus produtos por um valor mais justo.<br><br>\u201cCom tudo isso, a gente conseguiu visualizar que n\u00f3s temos que profissionalizar os nossos apicultores para conseguir entrar no mercado com uma demanda muito maior\u201d, afirma a presidente da Arajan, L\u00facia Patr\u00edcia Am\u00e9rico.<br><br>O n\u00famero de associados da Arajan tamb\u00e9m aumentou, chegando a um total de 38. A entidade produz em m\u00e9dia 50 toneladas de mel por safra. Com o aux\u00edlio do servi\u00e7o de Ater, a agroind\u00fastria da Arajan recebeu a certifica\u00e7\u00e3o sanit\u00e1ria do IMA.<br><br>A agroind\u00fastria foi constru\u00edda com recursos da Codevasf e do programa Minas Sem Fome, da Emater-MG. A Codevasf tamb\u00e9m doou um ve\u00edculo para que seja realizada a assist\u00eancia t\u00e9cnica dos apicultores.<br><br>Atualmente, o mel produzido pela Arajan \u00e9 comercializado na feira livre do munic\u00edpio, no Programa de Aquisi\u00e7\u00e3o de Alimenta\u00e7\u00e3o (PAA), Programa Nacional de Alimenta\u00e7\u00e3o Escolar (Pnae). A ideia agora \u00e9 fortalecer a apicultura na regi\u00e3o.<br><br><strong>\u201c<\/strong>Estamos construindo o Territ\u00f3rio da Apicultura do Norte de Minas, que engloba os munic\u00edpios de Bonito de Minas, C\u00f4nego Marinho, Janu\u00e1ria, Pedras de Maria da Cruz, Lontra, Japonvar e S\u00e3o Jo\u00e3o da Ponte. J\u00e1 foram feitos diagn\u00f3sticos com todos os apicultores dessas regi\u00f5es, assim como compilados dados e a\u00e7\u00f5es a serem desenvolvidas ap\u00f3s passar o per\u00edodo de pandemia\u201d, informa o t\u00e9cnico Weder Fernandes.<\/p>\n\n\n\n<figure class=\"wp-block-gallery columns-1 is-cropped wp-block-gallery-1 is-layout-flex wp-block-gallery-is-layout-flex\"><ul class=\"blocks-gallery-grid\"><li class=\"blocks-gallery-item\"><figure><img loading=\"lazy\" decoding=\"async\" width=\"800\" height=\"450\" src=\"https:\/\/aconteceunovale.com.br\/portal\/wp-content\/uploads\/2021\/01\/mel_arajan.jpg\" alt=\"\" data-id=\"171566\" data-full-url=\"https:\/\/aconteceunovale.com.br\/portal\/wp-content\/uploads\/2021\/01\/mel_arajan.jpg\" data-link=\"https:\/\/aconteceunovale.com.br\/portal\/?attachment_id=171566\" class=\"wp-image-171566\" srcset=\"https:\/\/aconteceunovale.com.br\/portal\/wp-content\/uploads\/2021\/01\/mel_arajan.jpg 800w, https:\/\/aconteceunovale.com.br\/portal\/wp-content\/uploads\/2021\/01\/mel_arajan-300x169.jpg 300w, https:\/\/aconteceunovale.com.br\/portal\/wp-content\/uploads\/2021\/01\/mel_arajan-768x432.jpg 768w, https:\/\/aconteceunovale.com.br\/portal\/wp-content\/uploads\/2021\/01\/mel_arajan-696x392.jpg 696w, https:\/\/aconteceunovale.com.br\/portal\/wp-content\/uploads\/2021\/01\/mel_arajan-747x420.jpg 747w\" sizes=\"auto, (max-width: 800px) 100vw, 800px\" \/><figcaption class=\"blocks-gallery-item__caption\"><em>Mel Arajan &#8211; Foto: Divulga\u00e7\u00e3o \/ Emater-MG<\/em><\/figcaption><\/figure><\/li><\/ul><\/figure>\n\n\n\n<p class=\"wp-block-paragraph\"><strong>MelhorA\u00e7\u00e3o<\/strong><\/p>\n\n\n\n<p class=\"wp-block-paragraph\">O projeto Ater e Assessoria Empresarial em Apicultura conquistou o primeiro lugar no pr\u00eamio MelhorA\u00e7\u00e3o 2020. Os autores do projeto s\u00e3o da unidade regional da Emater-MG de Janu\u00e1ria: a Bem-estar Social, W\u00e2nia Maria Antunes Peixoto Saraiva e o extensionista Agropecu\u00e1rio Weder Pereira Fernandes.<br><br>A iniciativa da Emater-MG e tem como objetivo reconhecer e disseminar, interna e externamente, a\u00e7\u00f5es e projetos inovadores que tenham obtido resultados relevantes para a empresa ou para os clientes da Emater-MG, tendo ainda como perspectiva a amplia\u00e7\u00e3o dos conhecimentos dos colaboradores nas a\u00e7\u00f5es de assist\u00eancia t\u00e9cnica e extens\u00e3o rural.<\/p>\n\n\n\n<p class=\"has-white-color has-vivid-cyan-blue-background-color has-text-color has-background wp-block-paragraph\">Quer saber as not\u00edcias do <strong>Aconteceu no Vale<\/strong> em primeira m\u00e3o? Siga-nos no Facebook <a rel=\"noreferrer noopener\" href=\"http:\/\/facebook.com\/aconteceunovale\" target=\"_blank\">@aconteceunovale<\/a>, Twitter <a rel=\"noreferrer noopener\" href=\"https:\/\/twitter.com\/noticiadosvales\" target=\"_blank\">@noticiadosvales<\/a> e Instagram <a rel=\"noreferrer noopener\" href=\"https:\/\/www.instagram.com\/aconteceunovale\" target=\"_blank\">@aconteceunovale<\/a>.<\/p>\n","protected":false},"excerpt":{"rendered":"<p>Apesar de um ano dif\u00edcil devido \u00e0 pandemia de covid-19, muitos produtores mineiros alcan\u00e7aram bons resultados em suas atividades. A Associa\u00e7\u00e3o Rural Ap\u00edcola de Janu\u00e1ria (Arajan), no Norte de Minas, \u00e9 um exemplo. Ela conseguiu aumentar a produ\u00e7\u00e3o de mel e o n\u00famero de associados, al\u00e9m da certifica\u00e7\u00e3o de sua agroind\u00fastria. Conquistas que vieram a [&hellip;]<\/p>\n","protected":false},"author":4,"featured_media":171566,"comment_status":"open","ping_status":"closed","sticky":false,"template":"","format":"standard","meta":{"amp_status":"","footnotes":""},"categories":[1236],"tags":[201058,62157,106524,106523,1799,3055,1018,25775,20955,205,3058,1796,233759,233760,233761,233755,25781,3723,233756,233757,233763,2448,233762,233764,233758,233765],"class_list":["post-171565","post","type-post","status-publish","format-standard","has-post-thumbnail","hentry","category-norte_de_minas","tag-apicultura","tag-apicultura-no-norte-de-minas","tag-arajan","tag-associacao-rural-apicola-de-januaria","tag-bonito-de-minas","tag-conego-marinho","tag-destaque","tag-emater-mg","tag-ima","tag-januaria","tag-japonvar","tag-lontra","tag-lucia-patricia-americo","tag-mel-arajan","tag-mel-de-januaria","tag-melhoramento-da-apicultura-no-norte-de-minas","tag-minas-sem-fome","tag-pedras-de-maria-da-cruz","tag-premiacao-da-apicultura-no-norte-de-minas","tag-premio-melhoracao-2020","tag-projeto-ater","tag-sao-joao-da-ponte","tag-territorio-da-apicultura-do-norte-de-minas","tag-wania-maria-antunes-peixoto-saraiva","tag-weder-fernandes","tag-weder-pereira-fernandes"],"yoast_head":"<!-- This site is optimized with the Yoast SEO plugin v28.3 - https:\/\/yoast.com\/product\/yoast-seo-wordpress\/ -->\n<title>Projeto que melhora apicultura no Norte de Minas \u00e9 premiado - Aconteceu no Vale<\/title>\n<meta name=\"robots\" content=\"index, follow, max-snippet:-1, max-image-preview:large, max-video-preview:-1\" \/>\n<link rel=\"canonical\" href=\"https:\/\/aconteceunovale.com.br\/portal\/?p=171565\" \/>\n<meta property=\"og:locale\" content=\"pt_BR\" \/>\n<meta property=\"og:type\" content=\"article\" \/>\n<meta property=\"og:title\" content=\"Projeto que melhora apicultura no Norte de Minas \u00e9 premiado - Aconteceu no Vale\" \/>\n<meta property=\"og:description\" content=\"Apesar de um ano dif\u00edcil devido \u00e0 pandemia de covid-19, muitos produtores mineiros alcan\u00e7aram bons resultados em suas atividades. A Associa\u00e7\u00e3o Rural Ap\u00edcola de Janu\u00e1ria (Arajan), no Norte de Minas, \u00e9 um exemplo. Ela conseguiu aumentar a produ\u00e7\u00e3o de mel e o n\u00famero de associados, al\u00e9m da certifica\u00e7\u00e3o de sua agroind\u00fastria. Conquistas que vieram a [&hellip;]\" \/>\n<meta property=\"og:url\" content=\"https:\/\/aconteceunovale.com.br\/portal\/?p=171565\" \/>\n<meta property=\"og:site_name\" content=\"Aconteceu no Vale\" \/>\n<meta property=\"article:publisher\" content=\"https:\/\/www.facebook.com\/aconteceunovale\/\" \/>\n<meta property=\"article:published_time\" content=\"2021-01-01T13:37:53+00:00\" \/>\n<meta property=\"article:modified_time\" content=\"2021-01-01T13:38:07+00:00\" \/>\n<meta property=\"og:image\" content=\"https:\/\/aconteceunovale.com.br\/portal\/wp-content\/uploads\/2021\/01\/mel_arajan.jpg\" \/>\n\t<meta property=\"og:image:width\" content=\"800\" \/>\n\t<meta property=\"og:image:height\" content=\"450\" \/>\n\t<meta property=\"og:image:type\" content=\"image\/jpeg\" \/>\n<meta name=\"author\" content=\"Reda\u00e7\u00e3o Aconteceu no Vale\" \/>\n<meta name=\"twitter:card\" content=\"summary_large_image\" \/>\n<meta name=\"twitter:creator\" content=\"@noticiadosvales\" \/>\n<meta name=\"twitter:site\" content=\"@noticiadosvales\" \/>\n<meta name=\"twitter:label1\" content=\"Escrito por\" \/>\n\t<meta name=\"twitter:data1\" content=\"Reda\u00e7\u00e3o Aconteceu no Vale\" \/>\n\t<meta name=\"twitter:label2\" content=\"Est. tempo de leitura\" \/>\n\t<meta name=\"twitter:data2\" content=\"3 minutos\" \/>\n<script type=\"application\/ld+json\" class=\"yoast-schema-graph\">{\"@context\":\"https:\\\/\\\/schema.org\",\"@graph\":[{\"@type\":\"Article\",\"@id\":\"https:\\\/\\\/aconteceunovale.com.br\\\/portal\\\/?p=171565#article\",\"isPartOf\":{\"@id\":\"https:\\\/\\\/aconteceunovale.com.br\\\/portal\\\/?p=171565\"},\"author\":{\"name\":\"Reda\u00e7\u00e3o Aconteceu no Vale\",\"@id\":\"https:\\\/\\\/aconteceunovale.com.br\\\/portal\\\/#\\\/schema\\\/person\\\/7d2f26d1483f8a63de73da1ee0754d35\"},\"headline\":\"Projeto que melhora apicultura no Norte de Minas \u00e9 premiado\",\"datePublished\":\"2021-01-01T13:37:53+00:00\",\"dateModified\":\"2021-01-01T13:38:07+00:00\",\"mainEntityOfPage\":{\"@id\":\"https:\\\/\\\/aconteceunovale.com.br\\\/portal\\\/?p=171565\"},\"wordCount\":639,\"commentCount\":0,\"image\":{\"@id\":\"https:\\\/\\\/aconteceunovale.com.br\\\/portal\\\/?p=171565#primaryimage\"},\"thumbnailUrl\":\"https:\\\/\\\/aconteceunovale.com.br\\\/portal\\\/wp-content\\\/uploads\\\/2021\\\/01\\\/mel_arajan.jpg\",\"keywords\":[\"Apicultura\",\"Apicultura no Norte de Minas\",\"Arajan\",\"Associa\u00e7\u00e3o Rural Ap\u00edcola de Janu\u00e1ria\",\"Bonito de Minas\",\"C\u00f4nego Marinho\",\"destaque\",\"Emater-MG\",\"IMA\",\"Janu\u00e1ria\",\"Japonvar\",\"Lontra\",\"L\u00facia Patr\u00edcia Am\u00e9rico\",\"Mel Arajan\",\"Mel de Janu\u00e1ria\",\"Melhoramento da Apicultura no Norte de Minas\",\"Minas Sem Fome\",\"Pedras de Maria da Cruz\",\"Premia\u00e7\u00e3o da Apicultura no Norte de Minas\",\"Pr\u00eamio MelhorA\u00e7\u00e3o 2020\",\"Projeto Ater\",\"S\u00e3o Jo\u00e3o da Ponte\",\"Territ\u00f3rio da Apicultura do Norte de Minas\",\"W\u00e2nia Maria Antunes Peixoto Saraiva\",\"Weder Fernandes\",\"Weder Pereira Fernandes\"],\"articleSection\":[\"Norte de Minas\"],\"inLanguage\":\"pt-BR\",\"potentialAction\":[{\"@type\":\"CommentAction\",\"name\":\"Comment\",\"target\":[\"https:\\\/\\\/aconteceunovale.com.br\\\/portal\\\/?p=171565#respond\"]}]},{\"@type\":\"WebPage\",\"@id\":\"https:\\\/\\\/aconteceunovale.com.br\\\/portal\\\/?p=171565\",\"url\":\"https:\\\/\\\/aconteceunovale.com.br\\\/portal\\\/?p=171565\",\"name\":\"Projeto que melhora apicultura no Norte de Minas \u00e9 premiado - Aconteceu no Vale\",\"isPartOf\":{\"@id\":\"https:\\\/\\\/aconteceunovale.com.br\\\/portal\\\/#website\"},\"primaryImageOfPage\":{\"@id\":\"https:\\\/\\\/aconteceunovale.com.br\\\/portal\\\/?p=171565#primaryimage\"},\"image\":{\"@id\":\"https:\\\/\\\/aconteceunovale.com.br\\\/portal\\\/?p=171565#primaryimage\"},\"thumbnailUrl\":\"https:\\\/\\\/aconteceunovale.com.br\\\/portal\\\/wp-content\\\/uploads\\\/2021\\\/01\\\/mel_arajan.jpg\",\"datePublished\":\"2021-01-01T13:37:53+00:00\",\"dateModified\":\"2021-01-01T13:38:07+00:00\",\"author\":{\"@id\":\"https:\\\/\\\/aconteceunovale.com.br\\\/portal\\\/#\\\/schema\\\/person\\\/7d2f26d1483f8a63de73da1ee0754d35\"},\"breadcrumb\":{\"@id\":\"https:\\\/\\\/aconteceunovale.com.br\\\/portal\\\/?p=171565#breadcrumb\"},\"inLanguage\":\"pt-BR\",\"potentialAction\":[{\"@type\":\"ReadAction\",\"target\":[\"https:\\\/\\\/aconteceunovale.com.br\\\/portal\\\/?p=171565\"]}]},{\"@type\":\"ImageObject\",\"inLanguage\":\"pt-BR\",\"@id\":\"https:\\\/\\\/aconteceunovale.com.br\\\/portal\\\/?p=171565#primaryimage\",\"url\":\"https:\\\/\\\/aconteceunovale.com.br\\\/portal\\\/wp-content\\\/uploads\\\/2021\\\/01\\\/mel_arajan.jpg\",\"contentUrl\":\"https:\\\/\\\/aconteceunovale.com.br\\\/portal\\\/wp-content\\\/uploads\\\/2021\\\/01\\\/mel_arajan.jpg\",\"width\":800,\"height\":450},{\"@type\":\"BreadcrumbList\",\"@id\":\"https:\\\/\\\/aconteceunovale.com.br\\\/portal\\\/?p=171565#breadcrumb\",\"itemListElement\":[{\"@type\":\"ListItem\",\"position\":1,\"name\":\"In\u00edcio\",\"item\":\"https:\\\/\\\/aconteceunovale.com.br\\\/portal\\\/\"},{\"@type\":\"ListItem\",\"position\":2,\"name\":\"Projeto que melhora apicultura no Norte de Minas \u00e9 premiado\"}]},{\"@type\":\"WebSite\",\"@id\":\"https:\\\/\\\/aconteceunovale.com.br\\\/portal\\\/#website\",\"url\":\"https:\\\/\\\/aconteceunovale.com.br\\\/portal\\\/\",\"name\":\"Aconteceu no Vale\",\"description\":\"Portal de Not\u00edcias\",\"potentialAction\":[{\"@type\":\"SearchAction\",\"target\":{\"@type\":\"EntryPoint\",\"urlTemplate\":\"https:\\\/\\\/aconteceunovale.com.br\\\/portal\\\/?s={search_term_string}\"},\"query-input\":{\"@type\":\"PropertyValueSpecification\",\"valueRequired\":true,\"valueName\":\"search_term_string\"}}],\"inLanguage\":\"pt-BR\"},{\"@type\":\"Person\",\"@id\":\"https:\\\/\\\/aconteceunovale.com.br\\\/portal\\\/#\\\/schema\\\/person\\\/7d2f26d1483f8a63de73da1ee0754d35\",\"name\":\"Reda\u00e7\u00e3o Aconteceu no Vale\",\"description\":\"Equipe de reportagem do Aconteceu no Vale, portal de not\u00edcias do Vale do Jequitinhonha, em Minas Gerais. Cobrimos as 51 cidades do Vale desde 2013. Sugest\u00f5es de pauta e pedidos de corre\u00e7\u00e3o: contato@aconteceunovale.com.br\",\"url\":\"https:\\\/\\\/aconteceunovale.com.br\\\/portal\\\/?author=4\"}]}<\/script>\n<!-- \/ Yoast SEO plugin. -->","yoast_head_json":{"title":"Projeto que melhora apicultura no Norte de Minas \u00e9 premiado - Aconteceu no Vale","robots":{"index":"index","follow":"follow","max-snippet":"max-snippet:-1","max-image-preview":"max-image-preview:large","max-video-preview":"max-video-preview:-1"},"canonical":"https:\/\/aconteceunovale.com.br\/portal\/?p=171565","og_locale":"pt_BR","og_type":"article","og_title":"Projeto que melhora apicultura no Norte de Minas \u00e9 premiado - Aconteceu no Vale","og_description":"Apesar de um ano dif\u00edcil devido \u00e0 pandemia de covid-19, muitos produtores mineiros alcan\u00e7aram bons resultados em suas atividades. A Associa\u00e7\u00e3o Rural Ap\u00edcola de Janu\u00e1ria (Arajan), no Norte de Minas, \u00e9 um exemplo. Ela conseguiu aumentar a produ\u00e7\u00e3o de mel e o n\u00famero de associados, al\u00e9m da certifica\u00e7\u00e3o de sua agroind\u00fastria. Conquistas que vieram a [&hellip;]","og_url":"https:\/\/aconteceunovale.com.br\/portal\/?p=171565","og_site_name":"Aconteceu no Vale","article_publisher":"https:\/\/www.facebook.com\/aconteceunovale\/","article_published_time":"2021-01-01T13:37:53+00:00","article_modified_time":"2021-01-01T13:38:07+00:00","og_image":[{"width":800,"height":450,"url":"https:\/\/aconteceunovale.com.br\/portal\/wp-content\/uploads\/2021\/01\/mel_arajan.jpg","type":"image\/jpeg"}],"author":"Reda\u00e7\u00e3o Aconteceu no Vale","twitter_card":"summary_large_image","twitter_creator":"@noticiadosvales","twitter_site":"@noticiadosvales","twitter_misc":{"Escrito por":"Reda\u00e7\u00e3o Aconteceu no Vale","Est. tempo de leitura":"3 minutos"},"schema":{"@context":"https:\/\/schema.org","@graph":[{"@type":"Article","@id":"https:\/\/aconteceunovale.com.br\/portal\/?p=171565#article","isPartOf":{"@id":"https:\/\/aconteceunovale.com.br\/portal\/?p=171565"},"author":{"name":"Reda\u00e7\u00e3o Aconteceu no Vale","@id":"https:\/\/aconteceunovale.com.br\/portal\/#\/schema\/person\/7d2f26d1483f8a63de73da1ee0754d35"},"headline":"Projeto que melhora apicultura no Norte de Minas \u00e9 premiado","datePublished":"2021-01-01T13:37:53+00:00","dateModified":"2021-01-01T13:38:07+00:00","mainEntityOfPage":{"@id":"https:\/\/aconteceunovale.com.br\/portal\/?p=171565"},"wordCount":639,"commentCount":0,"image":{"@id":"https:\/\/aconteceunovale.com.br\/portal\/?p=171565#primaryimage"},"thumbnailUrl":"https:\/\/aconteceunovale.com.br\/portal\/wp-content\/uploads\/2021\/01\/mel_arajan.jpg","keywords":["Apicultura","Apicultura no Norte de Minas","Arajan","Associa\u00e7\u00e3o Rural Ap\u00edcola de Janu\u00e1ria","Bonito de Minas","C\u00f4nego Marinho","destaque","Emater-MG","IMA","Janu\u00e1ria","Japonvar","Lontra","L\u00facia Patr\u00edcia Am\u00e9rico","Mel Arajan","Mel de Janu\u00e1ria","Melhoramento da Apicultura no Norte de Minas","Minas Sem Fome","Pedras de Maria da Cruz","Premia\u00e7\u00e3o da Apicultura no Norte de Minas","Pr\u00eamio MelhorA\u00e7\u00e3o 2020","Projeto Ater","S\u00e3o Jo\u00e3o da Ponte","Territ\u00f3rio da Apicultura do Norte de Minas","W\u00e2nia Maria Antunes Peixoto Saraiva","Weder Fernandes","Weder Pereira Fernandes"],"articleSection":["Norte de Minas"],"inLanguage":"pt-BR","potentialAction":[{"@type":"CommentAction","name":"Comment","target":["https:\/\/aconteceunovale.com.br\/portal\/?p=171565#respond"]}]},{"@type":"WebPage","@id":"https:\/\/aconteceunovale.com.br\/portal\/?p=171565","url":"https:\/\/aconteceunovale.com.br\/portal\/?p=171565","name":"Projeto que melhora apicultura no Norte de Minas \u00e9 premiado - Aconteceu no Vale","isPartOf":{"@id":"https:\/\/aconteceunovale.com.br\/portal\/#website"},"primaryImageOfPage":{"@id":"https:\/\/aconteceunovale.com.br\/portal\/?p=171565#primaryimage"},"image":{"@id":"https:\/\/aconteceunovale.com.br\/portal\/?p=171565#primaryimage"},"thumbnailUrl":"https:\/\/aconteceunovale.com.br\/portal\/wp-content\/uploads\/2021\/01\/mel_arajan.jpg","datePublished":"2021-01-01T13:37:53+00:00","dateModified":"2021-01-01T13:38:07+00:00","author":{"@id":"https:\/\/aconteceunovale.com.br\/portal\/#\/schema\/person\/7d2f26d1483f8a63de73da1ee0754d35"},"breadcrumb":{"@id":"https:\/\/aconteceunovale.com.br\/portal\/?p=171565#breadcrumb"},"inLanguage":"pt-BR","potentialAction":[{"@type":"ReadAction","target":["https:\/\/aconteceunovale.com.br\/portal\/?p=171565"]}]},{"@type":"ImageObject","inLanguage":"pt-BR","@id":"https:\/\/aconteceunovale.com.br\/portal\/?p=171565#primaryimage","url":"https:\/\/aconteceunovale.com.br\/portal\/wp-content\/uploads\/2021\/01\/mel_arajan.jpg","contentUrl":"https:\/\/aconteceunovale.com.br\/portal\/wp-content\/uploads\/2021\/01\/mel_arajan.jpg","width":800,"height":450},{"@type":"BreadcrumbList","@id":"https:\/\/aconteceunovale.com.br\/portal\/?p=171565#breadcrumb","itemListElement":[{"@type":"ListItem","position":1,"name":"In\u00edcio","item":"https:\/\/aconteceunovale.com.br\/portal\/"},{"@type":"ListItem","position":2,"name":"Projeto que melhora apicultura no Norte de Minas \u00e9 premiado"}]},{"@type":"WebSite","@id":"https:\/\/aconteceunovale.com.br\/portal\/#website","url":"https:\/\/aconteceunovale.com.br\/portal\/","name":"Aconteceu no Vale","description":"Portal de Not\u00edcias","potentialAction":[{"@type":"SearchAction","target":{"@type":"EntryPoint","urlTemplate":"https:\/\/aconteceunovale.com.br\/portal\/?s={search_term_string}"},"query-input":{"@type":"PropertyValueSpecification","valueRequired":true,"valueName":"search_term_string"}}],"inLanguage":"pt-BR"},{"@type":"Person","@id":"https:\/\/aconteceunovale.com.br\/portal\/#\/schema\/person\/7d2f26d1483f8a63de73da1ee0754d35","name":"Reda\u00e7\u00e3o Aconteceu no Vale","description":"Equipe de reportagem do Aconteceu no Vale, portal de not\u00edcias do Vale do Jequitinhonha, em Minas Gerais. Cobrimos as 51 cidades do Vale desde 2013. Sugest\u00f5es de pauta e pedidos de corre\u00e7\u00e3o: contato@aconteceunovale.com.br","url":"https:\/\/aconteceunovale.com.br\/portal\/?author=4"}]}},"_links":{"self":[{"href":"https:\/\/aconteceunovale.com.br\/portal\/index.php?rest_route=\/wp\/v2\/posts\/171565","targetHints":{"allow":["GET"]}}],"collection":[{"href":"https:\/\/aconteceunovale.com.br\/portal\/index.php?rest_route=\/wp\/v2\/posts"}],"about":[{"href":"https:\/\/aconteceunovale.com.br\/portal\/index.php?rest_route=\/wp\/v2\/types\/post"}],"author":[{"embeddable":true,"href":"https:\/\/aconteceunovale.com.br\/portal\/index.php?rest_route=\/wp\/v2\/users\/4"}],"replies":[{"embeddable":true,"href":"https:\/\/aconteceunovale.com.br\/portal\/index.php?rest_route=%2Fwp%2Fv2%2Fcomments&post=171565"}],"version-history":[{"count":1,"href":"https:\/\/aconteceunovale.com.br\/portal\/index.php?rest_route=\/wp\/v2\/posts\/171565\/revisions"}],"predecessor-version":[{"id":171567,"href":"https:\/\/aconteceunovale.com.br\/portal\/index.php?rest_route=\/wp\/v2\/posts\/171565\/revisions\/171567"}],"wp:featuredmedia":[{"embeddable":true,"href":"https:\/\/aconteceunovale.com.br\/portal\/index.php?rest_route=\/wp\/v2\/media\/171566"}],"wp:attachment":[{"href":"https:\/\/aconteceunovale.com.br\/portal\/index.php?rest_route=%2Fwp%2Fv2%2Fmedia&parent=171565"}],"wp:term":[{"taxonomy":"category","embeddable":true,"href":"https:\/\/aconteceunovale.com.br\/portal\/index.php?rest_route=%2Fwp%2Fv2%2Fcategories&post=171565"},{"taxonomy":"post_tag","embeddable":true,"href":"https:\/\/aconteceunovale.com.br\/portal\/index.php?rest_route=%2Fwp%2Fv2%2Ftags&post=171565"}],"curies":[{"name":"wp","href":"https:\/\/api.w.org\/{rel}","templated":true}]}}