{"id":17154,"date":"2013-12-29T11:48:59","date_gmt":"2013-12-29T13:48:59","guid":{"rendered":"http:\/\/aconteceunovale.com.br\/portal\/?p=17154"},"modified":"2013-12-29T11:48:59","modified_gmt":"2013-12-29T13:48:59","slug":"foragido-da-justica-e-preso-em-padre-carvalho","status":"publish","type":"post","link":"https:\/\/aconteceunovale.com.br\/portal\/?p=17154","title":{"rendered":"Foragido da Justi\u00e7a \u00e9 preso em Padre Carvalho"},"content":{"rendered":"<p><em><strong>Homem de 25 anos estava foragido desde 2011.<br \/>\nEle foi condenado a 18 anos por ter matado um adolescente.<\/strong><\/em><\/p>\n<p><img decoding=\"async\" src=\"http:\/\/aconteceunovale.com.br\/portal\/wp-content\/uploads\/2013\/12\/assassino_aluguel_padre_carvalho.jpg\" alt=\"\" \/><br \/>\n<em>Homem de 25 anos foi condenado a 18 de pris\u00e3o por ter assassinado menor de idade em 2009. (Foto: PMMG)<\/em><\/p>\n<p>Um homem de 25 anos, que estava foragido da justi\u00e7a, foi preso na \u00faltima quinta-feira (26\/12) em Padre Carvalho, Norte de Minas. Ele estava no pres\u00eddio de Salinas desde 2010 por ter assassinado um adolescente no ano anterior. O condenado estava sendo procurado desde 2011, quando fugiu com outros oito presos.<\/p>\n<p>De acordo com informa\u00e7\u00f5es da Pol\u00edcia Militar, o acusado buscou ref\u00fagio em Indaiatuba, S\u00e3o Paulo, mas desde novembro deste ano teria regressado para Minas Gerais e se escondeu na regi\u00e3o de Padre Carvalho.<\/p>\n<p>\u201cA popula\u00e7\u00e3o denunciava, mas n\u00e3o relatava o local onde o homem estaria escondido, por medo de poss\u00edveis repres\u00e1lias\u201d, comenta o soldado da PM de Josen\u00f3polis, que ajudou na captura.<\/p>\n<p>Ainda segundo o soldado, o homem de 25 anos \u00e9 tido como um bandido de alta periculosidade, pois existe a suspeita que ele possa ser um assassino de aluguel.<\/p>\n","protected":false},"excerpt":{"rendered":"<p>Homem de 25 anos estava foragido desde 2011. Ele foi condenado a 18 anos por ter matado um adolescente. Homem de 25 anos foi condenado a 18 de pris\u00e3o por ter assassinado menor de idade em 2009. (Foto: PMMG) Um homem de 25 anos, que estava foragido da justi\u00e7a, foi preso na \u00faltima quinta-feira (26\/12) [&hellip;]<\/p>\n","protected":false},"author":1,"featured_media":0,"comment_status":"open","ping_status":"closed","sticky":false,"template":"","format":"standard","meta":{"amp_status":"","footnotes":""},"categories":[1236],"tags":[2248,1153,2247,877],"class_list":["post-17154","post","type-post","status-publish","format-standard","hentry","category-norte_de_minas","tag-foragido-da-justica-e-preso-em-padre-carvalho","tag-grao-mogol","tag-josenopolis","tag-padre-carvalho"],"_links":{"self":[{"href":"https:\/\/aconteceunovale.com.br\/portal\/index.php?rest_route=\/wp\/v2\/posts\/17154","targetHints":{"allow":["GET"]}}],"collection":[{"href":"https:\/\/aconteceunovale.com.br\/portal\/index.php?rest_route=\/wp\/v2\/posts"}],"about":[{"href":"https:\/\/aconteceunovale.com.br\/portal\/index.php?rest_route=\/wp\/v2\/types\/post"}],"author":[{"embeddable":true,"href":"https:\/\/aconteceunovale.com.br\/portal\/index.php?rest_route=\/wp\/v2\/users\/1"}],"replies":[{"embeddable":true,"href":"https:\/\/aconteceunovale.com.br\/portal\/index.php?rest_route=%2Fwp%2Fv2%2Fcomments&post=17154"}],"version-history":[{"count":0,"href":"https:\/\/aconteceunovale.com.br\/portal\/index.php?rest_route=\/wp\/v2\/posts\/17154\/revisions"}],"wp:attachment":[{"href":"https:\/\/aconteceunovale.com.br\/portal\/index.php?rest_route=%2Fwp%2Fv2%2Fmedia&parent=17154"}],"wp:term":[{"taxonomy":"category","embeddable":true,"href":"https:\/\/aconteceunovale.com.br\/portal\/index.php?rest_route=%2Fwp%2Fv2%2Fcategories&post=17154"},{"taxonomy":"post_tag","embeddable":true,"href":"https:\/\/aconteceunovale.com.br\/portal\/index.php?rest_route=%2Fwp%2Fv2%2Ftags&post=17154"}],"curies":[{"name":"wp","href":"https:\/\/api.w.org\/{rel}","templated":true}]}}