{"id":171526,"date":"2020-12-30T23:07:05","date_gmt":"2020-12-31T02:07:05","guid":{"rendered":"https:\/\/aconteceunovale.com.br\/portal\/?p=171526"},"modified":"2020-12-30T23:07:56","modified_gmt":"2020-12-31T02:07:56","slug":"mp-denuncia-ex-marido-que-matou-juiza","status":"publish","type":"post","link":"https:\/\/aconteceunovale.com.br\/portal\/?p=171526","title":{"rendered":"MP denuncia ex-marido que matou ju\u00edza"},"content":{"rendered":"\n<p>O Minist\u00e9rio P\u00fablico (MP) denunciou, nesta quarta-feira (30\/12\/2020), por homic\u00eddio quintuplamente qualificado, o engenheiro Paulo Jos\u00e9 Arronenzi, respons\u00e1vel pela morte de sua ex-mulher, a ju\u00edza Viviane Vieira do Amaral Arronenzi. O crime foi no \u00faltimo dia 24, na Barra da Tijuca.<\/p>\n\n\n\n<p>De acordo com a den\u00fancia, trata-se de crime de feminic\u00eddio, perpetrado contra a mulher por raz\u00f5es da condi\u00e7\u00e3o do sexo feminino, j\u00e1 que foi executado pelo denunciado contra sua ex-esposa, assim como qualificado &#8211; por ter sido praticado na presen\u00e7a das tr\u00eas filhas, uma com 10 anos e duas g\u00eameas com 7 anos de idade.<\/p>\n\n\n\n<p>O inconformismo com o t\u00e9rmino do relacionamento fez com que a den\u00fancia apontasse motivo torpe como outra condi\u00e7\u00e3o qualificadora. O crime foi ainda qualificado pelo fato de ter sido cometido por meio que dificultou a defesa da v\u00edtima, atacada de surpresa ao descer do carro quando levava as filhas ao encontro do assassino. Por fim, o meio cruel utilizado, j\u00e1 que as m\u00faltiplas facadas no corpo e no rosto da v\u00edtima lhe causaram intenso sofrimento f\u00edsico.<\/p>\n\n\n\n<p>Al\u00e9m de denunciar o assassino pelos crimes, o MP tamb\u00e9m pleiteia que ele seja condenado ao pagamento de indeniza\u00e7\u00e3o pelos danos materiais e morais causados \u00e0 fam\u00edlia da v\u00edtima, em valor a ser definido no curso do processo.<\/p>\n\n\n\n<p class=\"has-white-color has-vivid-cyan-blue-background-color has-text-color has-background\">Quer saber as not\u00edcias do <strong>Aconteceu no Vale<\/strong> em primeira m\u00e3o? Siga-nos no Facebook <a rel=\"noreferrer noopener\" href=\"http:\/\/facebook.com\/aconteceunovale\" target=\"_blank\">@aconteceunovale<\/a>, Twitter <a rel=\"noreferrer noopener\" href=\"https:\/\/twitter.com\/noticiadosvales\" target=\"_blank\">@noticiadosvales<\/a> e Instagram <a rel=\"noreferrer noopener\" href=\"https:\/\/www.instagram.com\/aconteceunovale\" target=\"_blank\">@aconteceunovale<\/a>.<\/p>\n","protected":false},"excerpt":{"rendered":"<p>O Minist\u00e9rio P\u00fablico (MP) denunciou, nesta quarta-feira (30\/12\/2020), por homic\u00eddio quintuplamente qualificado, o engenheiro Paulo Jos\u00e9 Arronenzi, respons\u00e1vel pela morte de sua ex-mulher, a ju\u00edza Viviane Vieira do Amaral Arronenzi. O crime foi no \u00faltimo dia 24, na Barra da Tijuca. De acordo com a den\u00fancia, trata-se de crime de feminic\u00eddio, perpetrado contra a mulher [&hellip;]<\/p>\n","protected":false},"author":4,"featured_media":171233,"comment_status":"open","ping_status":"closed","sticky":false,"template":"","format":"standard","meta":{"amp_status":"","footnotes":""},"categories":[6],"tags":[83214,233212,233210,233215,1018,233219,233213,233216,233217,233209,30158,233218,233211,73438,233220,190750,133345,1104,134141,233214],"class_list":["post-171526","post","type-post","status-publish","format-standard","has-post-thumbnail","hentry","category-br","tag-amaerj","tag-assassinato-da-juiza-viviane-vieira-do-amaral-arronenzi","tag-caso-da-juiza-viviane-vieira-do-amaral-arronenzi","tag-corpo-da-juiza-viviane-vieira-do-amaral-arronenzi-e-cremado-no-rio","tag-destaque","tag-felipe-goncalves","tag-feminicidio-juiza-viviane-vieira-do-amaral-arronenzi","tag-jose-arronenzi","tag-juiza-morta-na-frente-das-filhas","tag-juiza-viviane-vieira-do-amaral-arronenzi","tag-lei-maria-da-penha","tag-morta-a-facadas-na-frente-das-filhas","tag-morte-da-juiza-viviane-vieira-do-amaral-arronenzi","tag-niteroi","tag-paulo-jose-arronenzi","tag-pcrj","tag-policia-civil-do-rio-de-janeiro","tag-rio-de-janeiro","tag-tjrj","tag-viviane-vieira-do-amaral-arronenzi"],"_links":{"self":[{"href":"https:\/\/aconteceunovale.com.br\/portal\/index.php?rest_route=\/wp\/v2\/posts\/171526","targetHints":{"allow":["GET"]}}],"collection":[{"href":"https:\/\/aconteceunovale.com.br\/portal\/index.php?rest_route=\/wp\/v2\/posts"}],"about":[{"href":"https:\/\/aconteceunovale.com.br\/portal\/index.php?rest_route=\/wp\/v2\/types\/post"}],"author":[{"embeddable":true,"href":"https:\/\/aconteceunovale.com.br\/portal\/index.php?rest_route=\/wp\/v2\/users\/4"}],"replies":[{"embeddable":true,"href":"https:\/\/aconteceunovale.com.br\/portal\/index.php?rest_route=%2Fwp%2Fv2%2Fcomments&post=171526"}],"version-history":[{"count":1,"href":"https:\/\/aconteceunovale.com.br\/portal\/index.php?rest_route=\/wp\/v2\/posts\/171526\/revisions"}],"predecessor-version":[{"id":171527,"href":"https:\/\/aconteceunovale.com.br\/portal\/index.php?rest_route=\/wp\/v2\/posts\/171526\/revisions\/171527"}],"wp:featuredmedia":[{"embeddable":true,"href":"https:\/\/aconteceunovale.com.br\/portal\/index.php?rest_route=\/wp\/v2\/media\/171233"}],"wp:attachment":[{"href":"https:\/\/aconteceunovale.com.br\/portal\/index.php?rest_route=%2Fwp%2Fv2%2Fmedia&parent=171526"}],"wp:term":[{"taxonomy":"category","embeddable":true,"href":"https:\/\/aconteceunovale.com.br\/portal\/index.php?rest_route=%2Fwp%2Fv2%2Fcategories&post=171526"},{"taxonomy":"post_tag","embeddable":true,"href":"https:\/\/aconteceunovale.com.br\/portal\/index.php?rest_route=%2Fwp%2Fv2%2Ftags&post=171526"}],"curies":[{"name":"wp","href":"https:\/\/api.w.org\/{rel}","templated":true}]}}