{"id":171521,"date":"2020-12-30T23:01:04","date_gmt":"2020-12-31T02:01:04","guid":{"rendered":"https:\/\/aconteceunovale.com.br\/portal\/?p=171521"},"modified":"2020-12-30T23:01:39","modified_gmt":"2020-12-31T02:01:39","slug":"coronavirus-faz-impostometro-ter-primeira-queda-anual-da-historia","status":"publish","type":"post","link":"https:\/\/aconteceunovale.com.br\/portal\/?p=171521","title":{"rendered":"Coronav\u00edrus faz impost\u00f4metro ter primeira queda anual da hist\u00f3ria"},"content":{"rendered":"\n<p>O impost\u00f4metro da Associa\u00e7\u00e3o Comercial de S\u00e3o Paulo (ACSP) &#8211;&nbsp; que mede os tributos pagos pelos brasileiros para os governos federal, estadual e municipal &#8211; dever\u00e1 atingir a marca de R$ 2,057 trilh\u00f5es at\u00e9 as 23h59 do \u00faltimo dia do ano, 31 de dezembro. O resultado ser\u00e1 17,85% menor que valor que foi pago pelos contribuintes em 2019, a primeira queda registrada desde a cria\u00e7\u00e3o da ferramenta, em 2005.&nbsp;<img decoding=\"async\" src=\"https:\/\/agenciabrasil.ebc.com.br\/ebc.png?id=1397625&amp;o=node\"><img decoding=\"async\" src=\"https:\/\/agenciabrasil.ebc.com.br\/ebc.gif?id=1397625&amp;o=node\"><\/p>\n\n\n\n<p>\u201cA redu\u00e7\u00e3o tem tudo a ver com a crise econ\u00f4mica causada pela covid-19, que impactou diretamente em todas as atividades de trabalho, com destaque maior para o setor terci\u00e1rio que, inclui o com\u00e9rcio e a presta\u00e7\u00e3o de servi\u00e7os e corresponde a mais de 70% pelos empregos gerados no pa\u00eds\u201d, ressaltou a entidade em nota.&nbsp;<\/p>\n\n\n\n<p>Em 2020, o Poder P\u00fablico receber\u00e1 em impostos da popula\u00e7\u00e3o R$ 447,1 bilh\u00f5es a menos do que foi arrecadado em 2019. Para 2021, no entanto, mesmo ainda durante a crise do coronav\u00edrus, a ACSP prev\u00ea que o pa\u00eds dever\u00e1 capitalizar mais contribui\u00e7\u00f5es.&nbsp;<\/p>\n\n\n\n<p>\u201cAl\u00e9m de as atividades n\u00e3o estarem mais t\u00e3o restritivas em seu funcionamento quanto estavam no pico da pandemia, na metade deste ano, o poder p\u00fablico tamb\u00e9m se mexeu para arrecadar mais. \u00c9 o caso do Governo do Estado de S\u00e3o Paulo que baixou o decreto 65.253\/20. Com esta lei, mais de 300 produtos dever\u00e3o ter sobretaxa de ICMS e, portanto, ajudar a engrossar a arrecada\u00e7\u00e3o estadual\u201d, destacou a entidade.<\/p>\n\n\n\n<p>O Impost\u00f4metro considera todos os valores arrecadados pelos munic\u00edpios, estados e pelo governo federal. Entram na contabilidade impostos, taxas e contribui\u00e7\u00f5es, incluindo as multas, juros e a corre\u00e7\u00e3o monet\u00e1ria. A ferramenta calcula os dados utilizados pela Receita Federal, Secretaria do Tesouro Nacional, Caixa Econ\u00f4mica Federal, Tribunal de Contas da Uni\u00e3o e Instituto Brasileiro de Geografia e Estat\u00edstica (IBGE).<\/p>\n\n\n\n<p class=\"has-white-color has-vivid-cyan-blue-background-color has-text-color has-background\">Quer saber as not\u00edcias do <strong>Aconteceu no Vale<\/strong> em primeira m\u00e3o? Siga-nos no Facebook <a rel=\"noreferrer noopener\" href=\"http:\/\/facebook.com\/aconteceunovale\" target=\"_blank\">@aconteceunovale<\/a>, Twitter <a rel=\"noreferrer noopener\" href=\"https:\/\/twitter.com\/noticiadosvales\" target=\"_blank\">@noticiadosvales<\/a> e Instagram <a rel=\"noreferrer noopener\" href=\"https:\/\/www.instagram.com\/aconteceunovale\" target=\"_blank\">@aconteceunovale<\/a>.<\/p>\n","protected":false},"excerpt":{"rendered":"<p>O impost\u00f4metro da Associa\u00e7\u00e3o Comercial de S\u00e3o Paulo (ACSP) &#8211;&nbsp; que mede os tributos pagos pelos brasileiros para os governos federal, estadual e municipal &#8211; dever\u00e1 atingir a marca de R$ 2,057 trilh\u00f5es at\u00e9 as 23h59 do \u00faltimo dia do ano, 31 de dezembro. O resultado ser\u00e1 17,85% menor que valor que foi pago pelos [&hellip;]<\/p>\n","protected":false},"author":4,"featured_media":171522,"comment_status":"open","ping_status":"closed","sticky":false,"template":"","format":"standard","meta":{"amp_status":"","footnotes":""},"categories":[6],"tags":[123011,233678,28244,98632,233675,233676,233677],"class_list":["post-171521","post","type-post","status-publish","format-standard","has-post-thumbnail","hentry","category-br","tag-acsp","tag-arrecadacao-de-impostos-em-2021","tag-arrecadacao-de-impostos-no-brasil","tag-associacao-comercial-de-sao-paulo","tag-coronavirus-faz-impostometro-ter-primeira-queda-anual-da-historia","tag-queda-na-arrecadacao-de-impostos-no-brasil","tag-queda-na-arrecadacao-de-tributos-no-brasil"],"_links":{"self":[{"href":"https:\/\/aconteceunovale.com.br\/portal\/index.php?rest_route=\/wp\/v2\/posts\/171521","targetHints":{"allow":["GET"]}}],"collection":[{"href":"https:\/\/aconteceunovale.com.br\/portal\/index.php?rest_route=\/wp\/v2\/posts"}],"about":[{"href":"https:\/\/aconteceunovale.com.br\/portal\/index.php?rest_route=\/wp\/v2\/types\/post"}],"author":[{"embeddable":true,"href":"https:\/\/aconteceunovale.com.br\/portal\/index.php?rest_route=\/wp\/v2\/users\/4"}],"replies":[{"embeddable":true,"href":"https:\/\/aconteceunovale.com.br\/portal\/index.php?rest_route=%2Fwp%2Fv2%2Fcomments&post=171521"}],"version-history":[{"count":1,"href":"https:\/\/aconteceunovale.com.br\/portal\/index.php?rest_route=\/wp\/v2\/posts\/171521\/revisions"}],"predecessor-version":[{"id":171523,"href":"https:\/\/aconteceunovale.com.br\/portal\/index.php?rest_route=\/wp\/v2\/posts\/171521\/revisions\/171523"}],"wp:featuredmedia":[{"embeddable":true,"href":"https:\/\/aconteceunovale.com.br\/portal\/index.php?rest_route=\/wp\/v2\/media\/171522"}],"wp:attachment":[{"href":"https:\/\/aconteceunovale.com.br\/portal\/index.php?rest_route=%2Fwp%2Fv2%2Fmedia&parent=171521"}],"wp:term":[{"taxonomy":"category","embeddable":true,"href":"https:\/\/aconteceunovale.com.br\/portal\/index.php?rest_route=%2Fwp%2Fv2%2Fcategories&post=171521"},{"taxonomy":"post_tag","embeddable":true,"href":"https:\/\/aconteceunovale.com.br\/portal\/index.php?rest_route=%2Fwp%2Fv2%2Ftags&post=171521"}],"curies":[{"name":"wp","href":"https:\/\/api.w.org\/{rel}","templated":true}]}}