{"id":171519,"date":"2020-12-30T22:45:42","date_gmt":"2020-12-31T01:45:42","guid":{"rendered":"https:\/\/aconteceunovale.com.br\/portal\/?p=171519"},"modified":"2020-12-30T22:46:32","modified_gmt":"2020-12-31T01:46:32","slug":"acesso-ao-programa-de-regularizacao-ambiental-termina-nesta-quinta-feira","status":"publish","type":"post","link":"https:\/\/aconteceunovale.com.br\/portal\/?p=171519","title":{"rendered":"Acesso ao Programa de Regulariza\u00e7\u00e3o Ambiental termina nesta quinta-feira"},"content":{"rendered":"\n<p>Os propriet\u00e1rios de im\u00f3veis rurais que tiverem irregularidades ambientais em suas propriedades t\u00eam at\u00e9 esta quinta-feira (31\/12\/2020) para fazer a inscri\u00e7\u00e3o no Cadastro Ambiental Rural (CAR) e acessar os benef\u00edcios do Programa de Regulariza\u00e7\u00e3o Ambiental (PRA). As informa\u00e7\u00f5es s\u00e3o do Minist\u00e9rio da Agricultura, Pecu\u00e1ria e Abastecimento.<img decoding=\"async\" src=\"https:\/\/agenciabrasil.ebc.com.br\/ebc.png?id=1397588&amp;o=node\"><img decoding=\"async\" src=\"https:\/\/agenciabrasil.ebc.com.br\/ebc.gif?id=1397588&amp;o=node\"><\/p>\n\n\n\n<p>Ap\u00f3s a inscri\u00e7\u00e3o do im\u00f3vel, o propriet\u00e1rio ter\u00e1 at\u00e9 dois anos, a partir daquela data, para requerer a ades\u00e3o ao PRA. Para isso, os estados e o Distrito Federal, que s\u00e3o os entes legalmente respons\u00e1veis pela gest\u00e3o local do CAR, devem implantar seus respectivos programas de regulariza\u00e7\u00e3o ambiental.<\/p>\n\n\n\n<p>A identifica\u00e7\u00e3o dos passivos ambientais \u00e9 obtida por meio da an\u00e1lise das informa\u00e7\u00f5es declaradas pelos propriet\u00e1rios ou possuidores no momento da inscri\u00e7\u00e3o dos seus im\u00f3veis no Sistema de Cadastro Ambiental Rural (Sicar).<\/p>\n\n\n\n<p>De acordo com o minist\u00e9rio, o \u00faltimo boletim do Cadastro Ambiental Rural (CAR) informa que 58,5% dos propriet\u00e1rios de im\u00f3veis rurais inscritos Sicar manifestaram interesse em acessar o PRA.<\/p>\n\n\n\n<h2 class=\"wp-block-heading\">Estados<\/h2>\n\n\n\n<p>Para apoiar a gest\u00e3o local do CAR, o Servi\u00e7o Florestal Brasileiro est\u00e1 homologando &#8211; junto aos estados e ao Distrito Federal &#8211; um sistema que far\u00e1 a an\u00e1lise dinamizada dos cadastros.<\/p>\n\n\n\n<p>\u201cA solu\u00e7\u00e3o da an\u00e1lise dinamizada que estamos homologando junto aos estados utiliza mais de 100 cruzamentos automatizados para verificar as informa\u00e7\u00f5es declaradas pelo propriet\u00e1rio\/possuidor rural e identificar a situa\u00e7\u00e3o de regularidade ambiental dos im\u00f3veis rurais de acordo com a legisla\u00e7\u00e3o ambiental vigente. Esse sistema vai permitir agilidade e efici\u00eancia no processo de an\u00e1lise dos cadastros\u201d, disse o diretor-geral do Servi\u00e7o Florestal Brasileiro, Valdir Colatto.<\/p>\n\n\n\n<p>A an\u00e1lise dinamizada do CAR, ao verificar a \u00e1rea de passivo ambiental da propriedade rural, vai oferecer estrat\u00e9gias de recupera\u00e7\u00e3o ambiental. Para isso, o m\u00f3dulo de regulariza\u00e7\u00e3o ambiental ter\u00e1 integra\u00e7\u00e3o com a plataforma WebAmbiente, da Empresa Brasileira de Pesquisa Agropecu\u00e1ria (Embrapa).<\/p>\n\n\n\n<p>Esse sistema contempla um banco de dados sobre esp\u00e9cies nativas e, de forma interativa, poder\u00e1 auxiliar o produtor a decidir como fazer a adequa\u00e7\u00e3o ambiental da paisagem rural de sua propriedade, aliando produ\u00e7\u00e3o e meio ambiente.<\/p>\n\n\n\n<p>Na base de dados do Sicar, h\u00e1 6.9 milh\u00f5es de im\u00f3veis rurais inscritos, numa \u00e1rea de 570 milh\u00f5es de hectares. Dentro desse total est\u00e3o inclu\u00eddos os benefici\u00e1rios de assentamentos da reforma agr\u00e1ria e as fam\u00edlias de territ\u00f3rios de povos e comunidades tradicionais.&nbsp;<\/p>\n\n\n\n<p>No entanto, pelos vazios identificados pelas imagens de sat\u00e9lite, estima-se que ainda faltam 10% de todas as propriedades rurais de todo o pa\u00eds para entrar no Sicar.<\/p>\n\n\n\n<h2 class=\"wp-block-heading\">Suspens\u00e3o de san\u00e7\u00f5es<\/h2>\n\n\n\n<p>A diretora de Cadastro e Fomento Florestal do Servi\u00e7o Florestal Brasileiro, Jaine Cubas, disse que \u201co acesso ao PRA possibilita a suspens\u00e3o de san\u00e7\u00f5es em fun\u00e7\u00e3o de infra\u00e7\u00f5es jur\u00eddicas por supress\u00e3o irregular de vegeta\u00e7\u00e3o em \u00e1reas de \u00c1reas de Preserva\u00e7\u00e3o Permanente, Reserva Legal e uso restrito\u201d.<\/p>\n\n\n\n<p>\u201cDestaco ainda como benef\u00edcios para o propriet\u00e1rio rural aderir ao PRA: a continuidade das atividades agrossilvipastoris, de ecoturismo e de turismo rural em \u00e1reas rurais consolidadas e a recomposi\u00e7\u00e3o de faixas marginais de APP [\u00e1reas de preserva\u00e7\u00e3o permanente] em extens\u00e3o menor que o exigido pela regra geral, de acordo com o tamanho do im\u00f3vel rural, o acesso facilitado ao cr\u00e9dito rural e o prazo de 20 anos para recomposi\u00e7\u00e3o do passivo ambiental\u201d, afirmou a diretora.<\/p>\n\n\n\n<p>De acordo com o minist\u00e9rio, a inscri\u00e7\u00e3o do CAR \u00e9 perene e obrigat\u00f3ria para todas as propriedades ou posses rurais do pa\u00eds. Para inscrever o im\u00f3vel rural, basta o propriet\u00e1rio ou possuidor acessar o\u00a0<a rel=\"noreferrer noopener\" href=\"http:\/\/www.sicar.gov.br\/\" target=\"_blank\">Sicar<\/a>\u00a0br) e declarar todas as informa\u00e7\u00f5es ambientais relativas \u00e0s \u00e1reas de preserva\u00e7\u00e3o permanente, de reserva legal e de uso restrito e de excedentes de vegeta\u00e7\u00e3o nativa.<\/p>\n\n\n\n<p class=\"has-white-color has-vivid-cyan-blue-background-color has-text-color has-background\">Quer saber as not\u00edcias do <strong>Aconteceu no Vale<\/strong> em primeira m\u00e3o? Siga-nos no Facebook <a rel=\"noreferrer noopener\" href=\"http:\/\/facebook.com\/aconteceunovale\" target=\"_blank\">@aconteceunovale<\/a>, Twitter <a rel=\"noreferrer noopener\" href=\"https:\/\/twitter.com\/noticiadosvales\" target=\"_blank\">@noticiadosvales<\/a> e Instagram <a rel=\"noreferrer noopener\" href=\"https:\/\/www.instagram.com\/aconteceunovale\" target=\"_blank\">@aconteceunovale<\/a>.<\/p>\n","protected":false},"excerpt":{"rendered":"<p>Os propriet\u00e1rios de im\u00f3veis rurais que tiverem irregularidades ambientais em suas propriedades t\u00eam at\u00e9 esta quinta-feira (31\/12\/2020) para fazer a inscri\u00e7\u00e3o no Cadastro Ambiental Rural (CAR) e acessar os benef\u00edcios do Programa de Regulariza\u00e7\u00e3o Ambiental (PRA). As informa\u00e7\u00f5es s\u00e3o do Minist\u00e9rio da Agricultura, Pecu\u00e1ria e Abastecimento. Ap\u00f3s a inscri\u00e7\u00e3o do im\u00f3vel, o propriet\u00e1rio ter\u00e1 at\u00e9 [&hellip;]<\/p>\n","protected":false},"author":4,"featured_media":171322,"comment_status":"open","ping_status":"closed","sticky":false,"template":"","format":"standard","meta":{"amp_status":"","footnotes":""},"categories":[6],"tags":[8354,42405,25775,233378,748,233379,233380,23235,233377,91974,233376,233373,112204,233374,233375,214588,24666,233381,233382],"class_list":["post-171519","post","type-post","status-publish","format-standard","has-post-thumbnail","hentry","category-br","tag-cadastro-ambiental-rural","tag-car","tag-emater-mg","tag-enio-resende","tag-ief","tag-lei-12651","tag-lei-20922","tag-mapa","tag-meio-ambiente-da-emater-mg","tag-ministerio-da-agricultura","tag-pra-minas-gerais","tag-prazo-para-adesao-ao-programa-de-regularizacao-ambiental-termina-em-31-de-dezembro","tag-programa-de-regularizacao-ambiental","tag-programa-de-regularizacao-ambiental-em-minas-gerais","tag-programa-de-regularizacao-ambiental-minas-gerais","tag-seapa-mg","tag-semad","tag-servico-floreal-brasileiro","tag-sfb"],"_links":{"self":[{"href":"https:\/\/aconteceunovale.com.br\/portal\/index.php?rest_route=\/wp\/v2\/posts\/171519","targetHints":{"allow":["GET"]}}],"collection":[{"href":"https:\/\/aconteceunovale.com.br\/portal\/index.php?rest_route=\/wp\/v2\/posts"}],"about":[{"href":"https:\/\/aconteceunovale.com.br\/portal\/index.php?rest_route=\/wp\/v2\/types\/post"}],"author":[{"embeddable":true,"href":"https:\/\/aconteceunovale.com.br\/portal\/index.php?rest_route=\/wp\/v2\/users\/4"}],"replies":[{"embeddable":true,"href":"https:\/\/aconteceunovale.com.br\/portal\/index.php?rest_route=%2Fwp%2Fv2%2Fcomments&post=171519"}],"version-history":[{"count":1,"href":"https:\/\/aconteceunovale.com.br\/portal\/index.php?rest_route=\/wp\/v2\/posts\/171519\/revisions"}],"predecessor-version":[{"id":171520,"href":"https:\/\/aconteceunovale.com.br\/portal\/index.php?rest_route=\/wp\/v2\/posts\/171519\/revisions\/171520"}],"wp:featuredmedia":[{"embeddable":true,"href":"https:\/\/aconteceunovale.com.br\/portal\/index.php?rest_route=\/wp\/v2\/media\/171322"}],"wp:attachment":[{"href":"https:\/\/aconteceunovale.com.br\/portal\/index.php?rest_route=%2Fwp%2Fv2%2Fmedia&parent=171519"}],"wp:term":[{"taxonomy":"category","embeddable":true,"href":"https:\/\/aconteceunovale.com.br\/portal\/index.php?rest_route=%2Fwp%2Fv2%2Fcategories&post=171519"},{"taxonomy":"post_tag","embeddable":true,"href":"https:\/\/aconteceunovale.com.br\/portal\/index.php?rest_route=%2Fwp%2Fv2%2Ftags&post=171519"}],"curies":[{"name":"wp","href":"https:\/\/api.w.org\/{rel}","templated":true}]}}