{"id":171517,"date":"2020-12-30T22:42:12","date_gmt":"2020-12-31T01:42:12","guid":{"rendered":"https:\/\/aconteceunovale.com.br\/portal\/?p=171517"},"modified":"2020-12-30T22:42:31","modified_gmt":"2020-12-31T01:42:31","slug":"governo-federal-amplia-prazo-de-saques-do-bolsa-familia","status":"publish","type":"post","link":"https:\/\/aconteceunovale.com.br\/portal\/?p=171517","title":{"rendered":"Governo federal amplia prazo de saques do Bolsa Fam\u00edlia"},"content":{"rendered":"\n<p>O governo federal ampliou de 90 dias para 270 dias o prazo para benefici\u00e1rios do Bolsa Fam\u00edlia sacarem os recursos j\u00e1 depositados do programa social e do aux\u00edlio emergencial residual. A portaria do Minist\u00e9rio da Cidadania foi publicada hoje (30) no<em>&nbsp;<a href=\"https:\/\/www.in.gov.br\/en\/web\/dou\/-\/portaria-mc-n-579-de-29-de-dezembro-de-2020-296877445\" target=\"_blank\" rel=\"noreferrer noopener\">Di\u00e1rio Oficial da Uni\u00e3o<\/a>.<\/em><img decoding=\"async\" src=\"https:\/\/agenciabrasil.ebc.com.br\/ebc.png?id=1397587&amp;o=node\"><img decoding=\"async\" src=\"https:\/\/agenciabrasil.ebc.com.br\/ebc.gif?id=1397587&amp;o=node\"><\/p>\n\n\n\n<p>De acordo com o texto, a legisla\u00e7\u00e3o prev\u00ea que o prazo de saque do programa pode ser ampliado em munic\u00edpios com declara\u00e7\u00e3o de situa\u00e7\u00e3o de emerg\u00eancia, como \u00e9 o caso da pandemia de covid-19. Al\u00e9m disso, a medida visa evitar aglomera\u00e7\u00f5es nos locais de pagamentos, como forma de preven\u00e7\u00e3o, controle e conten\u00e7\u00e3o de riscos de dissemina\u00e7\u00e3o do novo coronav\u00edrus.<\/p>\n\n\n\n<p>A prorroga\u00e7\u00e3o ser\u00e1 contada da data da disponibilidade da parcela dos benef\u00edcios. Ela incidir\u00e1 ainda em todas as parcelas do Bolsa Fam\u00edlia disponibilizadas para pagamento durante a vig\u00eancia da situa\u00e7\u00e3o de emerg\u00eancia em raz\u00e3o da covid-19 e que ainda estejam v\u00e1lidas, segundo o calend\u00e1rio de pagamentos e operacional do programa.<\/p>\n\n\n\n<p class=\"has-white-color has-vivid-cyan-blue-background-color has-text-color has-background\">Quer saber as not\u00edcias do <strong>Aconteceu no Vale<\/strong> em primeira m\u00e3o? Siga-nos no Facebook <a rel=\"noreferrer noopener\" href=\"http:\/\/facebook.com\/aconteceunovale\" target=\"_blank\">@aconteceunovale<\/a>, Twitter <a rel=\"noreferrer noopener\" href=\"https:\/\/twitter.com\/noticiadosvales\" target=\"_blank\">@noticiadosvales<\/a> e Instagram <a rel=\"noreferrer noopener\" href=\"https:\/\/www.instagram.com\/aconteceunovale\" target=\"_blank\">@aconteceunovale<\/a>.<\/p>\n","protected":false},"excerpt":{"rendered":"<p>O governo federal ampliou de 90 dias para 270 dias o prazo para benefici\u00e1rios do Bolsa Fam\u00edlia sacarem os recursos j\u00e1 depositados do programa social e do aux\u00edlio emergencial residual. A portaria do Minist\u00e9rio da Cidadania foi publicada hoje (30) no&nbsp;Di\u00e1rio Oficial da Uni\u00e3o. De acordo com o texto, a legisla\u00e7\u00e3o prev\u00ea que o prazo [&hellip;]<\/p>\n","protected":false},"author":4,"featured_media":108118,"comment_status":"open","ping_status":"closed","sticky":false,"template":"","format":"standard","meta":{"amp_status":"","footnotes":""},"categories":[6],"tags":[259,233671,233674,233673,233672],"class_list":["post-171517","post","type-post","status-publish","format-standard","has-post-thumbnail","hentry","category-br","tag-bolsa-familia","tag-governo-federal-amplia-prazo-de-saques-do-bolsa-familia","tag-prazo-para-sacar-o-bolsa-familia","tag-prazo-para-saque-do-bolsa-familia","tag-saque-do-bolsa-familia"],"_links":{"self":[{"href":"https:\/\/aconteceunovale.com.br\/portal\/index.php?rest_route=\/wp\/v2\/posts\/171517","targetHints":{"allow":["GET"]}}],"collection":[{"href":"https:\/\/aconteceunovale.com.br\/portal\/index.php?rest_route=\/wp\/v2\/posts"}],"about":[{"href":"https:\/\/aconteceunovale.com.br\/portal\/index.php?rest_route=\/wp\/v2\/types\/post"}],"author":[{"embeddable":true,"href":"https:\/\/aconteceunovale.com.br\/portal\/index.php?rest_route=\/wp\/v2\/users\/4"}],"replies":[{"embeddable":true,"href":"https:\/\/aconteceunovale.com.br\/portal\/index.php?rest_route=%2Fwp%2Fv2%2Fcomments&post=171517"}],"version-history":[{"count":1,"href":"https:\/\/aconteceunovale.com.br\/portal\/index.php?rest_route=\/wp\/v2\/posts\/171517\/revisions"}],"predecessor-version":[{"id":171518,"href":"https:\/\/aconteceunovale.com.br\/portal\/index.php?rest_route=\/wp\/v2\/posts\/171517\/revisions\/171518"}],"wp:featuredmedia":[{"embeddable":true,"href":"https:\/\/aconteceunovale.com.br\/portal\/index.php?rest_route=\/wp\/v2\/media\/108118"}],"wp:attachment":[{"href":"https:\/\/aconteceunovale.com.br\/portal\/index.php?rest_route=%2Fwp%2Fv2%2Fmedia&parent=171517"}],"wp:term":[{"taxonomy":"category","embeddable":true,"href":"https:\/\/aconteceunovale.com.br\/portal\/index.php?rest_route=%2Fwp%2Fv2%2Fcategories&post=171517"},{"taxonomy":"post_tag","embeddable":true,"href":"https:\/\/aconteceunovale.com.br\/portal\/index.php?rest_route=%2Fwp%2Fv2%2Ftags&post=171517"}],"curies":[{"name":"wp","href":"https:\/\/api.w.org\/{rel}","templated":true}]}}