{"id":171505,"date":"2020-12-30T20:25:23","date_gmt":"2020-12-30T23:25:23","guid":{"rendered":"https:\/\/aconteceunovale.com.br\/portal\/?p=171505"},"modified":"2020-12-30T20:26:13","modified_gmt":"2020-12-30T23:26:13","slug":"presidente-anuncia-aumento-do-salario-minimo-para-r-1-100","status":"publish","type":"post","link":"https:\/\/aconteceunovale.com.br\/portal\/?p=171505","title":{"rendered":"Presidente anuncia aumento do sal\u00e1rio m\u00ednimo para R$ 1.100"},"content":{"rendered":"\n<p>O presidente Jair Bolsonaro anunciou hoje (30\/12\/2020), em redes sociais, a assinatura de uma medida provis\u00f3ria (MP) que elevar\u00e1 o sal\u00e1rio m\u00ednimo para R$ 1.100, com vig\u00eancia a partir de 1\u00ba de janeiro. O valor atual \u00e9 de R$ 1.045.<\/p>\n\n\n\n<p>\u201cO valor de R$ 1.100,00 se refere ao sal\u00e1rio m\u00ednimo nacional. O valor \u00e9 aplic\u00e1vel a todos os trabalhadores, do setor p\u00fablico e privado, e tamb\u00e9m para as aposentadorias e pens\u00f5es\u201d, afirmou o presidente.<\/p>\n\n\n\n<p>Em meados de dezembro, o Congresso havia aprovado a Lei de Diretrizes Or\u00e7ament\u00e1rias (LDO) para 2021, fixando o sal\u00e1rio-m\u00ednimo em R$ 1.088. Na proposta aprovada pelos parlamentares, n\u00e3o houve aumento real no sal\u00e1rio, tendo sido feita apenas a corre\u00e7\u00e3o com base na previs\u00e3o da infla\u00e7\u00e3o acumulada no ano, de acordo com o \u00cdndice Nacional de Pre\u00e7os ao Consumidor (INPC).<\/p>\n\n\n\n<figure class=\"wp-block-gallery columns-1 is-cropped wp-block-gallery-1 is-layout-flex wp-block-gallery-is-layout-flex\"><ul class=\"blocks-gallery-grid\"><li class=\"blocks-gallery-item\"><figure><img loading=\"lazy\" decoding=\"async\" width=\"678\" height=\"406\" src=\"https:\/\/aconteceunovale.com.br\/portal\/wp-content\/uploads\/2020\/12\/nota50.jpg\" alt=\"\" data-id=\"171506\" data-full-url=\"https:\/\/aconteceunovale.com.br\/portal\/wp-content\/uploads\/2020\/12\/nota50.jpg\" data-link=\"https:\/\/aconteceunovale.com.br\/portal\/?attachment_id=171506\" class=\"wp-image-171506\" srcset=\"https:\/\/aconteceunovale.com.br\/portal\/wp-content\/uploads\/2020\/12\/nota50.jpg 678w, https:\/\/aconteceunovale.com.br\/portal\/wp-content\/uploads\/2020\/12\/nota50-300x180.jpg 300w\" sizes=\"auto, (max-width: 678px) 100vw, 678px\" \/><figcaption class=\"blocks-gallery-item__caption\"><em>Moeda Nacional &#8211; Foto: Marcello Casal Jr \/ Ag\u00eancia Brasil<\/em><\/figcaption><\/figure><\/li><\/ul><\/figure>\n\n\n\n<p class=\"has-white-color has-vivid-cyan-blue-background-color has-text-color has-background\">Quer saber as not\u00edcias do <strong>Aconteceu no Vale<\/strong> em primeira m\u00e3o? Siga-nos no Facebook <a rel=\"noreferrer noopener\" href=\"http:\/\/facebook.com\/aconteceunovale\" target=\"_blank\">@aconteceunovale<\/a>, Twitter <a rel=\"noreferrer noopener\" href=\"https:\/\/twitter.com\/noticiadosvales\" target=\"_blank\">@noticiadosvales<\/a> e Instagram <a rel=\"noreferrer noopener\" href=\"https:\/\/www.instagram.com\/aconteceunovale\" target=\"_blank\">@aconteceunovale<\/a>.<\/p>\n","protected":false},"excerpt":{"rendered":"<p>O presidente Jair Bolsonaro anunciou hoje (30\/12\/2020), em redes sociais, a assinatura de uma medida provis\u00f3ria (MP) que elevar\u00e1 o sal\u00e1rio m\u00ednimo para R$ 1.100, com vig\u00eancia a partir de 1\u00ba de janeiro. O valor atual \u00e9 de R$ 1.045. \u201cO valor de R$ 1.100,00 se refere ao sal\u00e1rio m\u00ednimo nacional. O valor \u00e9 aplic\u00e1vel [&hellip;]<\/p>\n","protected":false},"author":4,"featured_media":171506,"comment_status":"open","ping_status":"closed","sticky":false,"template":"","format":"standard","meta":{"amp_status":"","footnotes":""},"categories":[6,40240],"tags":[100375,1018,184405,233661,26436,228660,184661,233663,228657,228656,228654,233662,228659,228658,228655],"class_list":["post-171505","post","type-post","status-publish","format-standard","has-post-thumbnail","hentry","category-br","category-politica-2","tag-bolsonaro","tag-destaque","tag-governo-bolsonaro","tag-governo-federal-aumenta-para-r-1-100-previsao-para-salario-minimo-em-2021","tag-jair-bolsonaro","tag-ldo-2021","tag-ministerio-da-economia","tag-presidente-anuncia-aumento-do-salario-minimo-para-r-1-100","tag-salario-em-2021","tag-salario-minimo-em-2021","tag-salario-minimo-para-2021","tag-salario-minimo-para-2021-ficara-em-r-1-100","tag-salario-proposto-pelo-governo-federal","tag-valor-do-salario-em-2021","tag-valor-do-salario-minimo-para-2021"],"_links":{"self":[{"href":"https:\/\/aconteceunovale.com.br\/portal\/index.php?rest_route=\/wp\/v2\/posts\/171505","targetHints":{"allow":["GET"]}}],"collection":[{"href":"https:\/\/aconteceunovale.com.br\/portal\/index.php?rest_route=\/wp\/v2\/posts"}],"about":[{"href":"https:\/\/aconteceunovale.com.br\/portal\/index.php?rest_route=\/wp\/v2\/types\/post"}],"author":[{"embeddable":true,"href":"https:\/\/aconteceunovale.com.br\/portal\/index.php?rest_route=\/wp\/v2\/users\/4"}],"replies":[{"embeddable":true,"href":"https:\/\/aconteceunovale.com.br\/portal\/index.php?rest_route=%2Fwp%2Fv2%2Fcomments&post=171505"}],"version-history":[{"count":1,"href":"https:\/\/aconteceunovale.com.br\/portal\/index.php?rest_route=\/wp\/v2\/posts\/171505\/revisions"}],"predecessor-version":[{"id":171507,"href":"https:\/\/aconteceunovale.com.br\/portal\/index.php?rest_route=\/wp\/v2\/posts\/171505\/revisions\/171507"}],"wp:featuredmedia":[{"embeddable":true,"href":"https:\/\/aconteceunovale.com.br\/portal\/index.php?rest_route=\/wp\/v2\/media\/171506"}],"wp:attachment":[{"href":"https:\/\/aconteceunovale.com.br\/portal\/index.php?rest_route=%2Fwp%2Fv2%2Fmedia&parent=171505"}],"wp:term":[{"taxonomy":"category","embeddable":true,"href":"https:\/\/aconteceunovale.com.br\/portal\/index.php?rest_route=%2Fwp%2Fv2%2Fcategories&post=171505"},{"taxonomy":"post_tag","embeddable":true,"href":"https:\/\/aconteceunovale.com.br\/portal\/index.php?rest_route=%2Fwp%2Fv2%2Ftags&post=171505"}],"curies":[{"name":"wp","href":"https:\/\/api.w.org\/{rel}","templated":true}]}}