{"id":171503,"date":"2020-12-30T19:46:01","date_gmt":"2020-12-30T22:46:01","guid":{"rendered":"https:\/\/aconteceunovale.com.br\/portal\/?p=171503"},"modified":"2020-12-30T19:47:29","modified_gmt":"2020-12-30T22:47:29","slug":"romeu-zema-anuncia-pagamento-de-nova-parcela-do-13o-salario","status":"publish","type":"post","link":"https:\/\/aconteceunovale.com.br\/portal\/?p=171503","title":{"rendered":"Romeu Zema anuncia pagamento de nova parcela do 13\u00ba sal\u00e1rio"},"content":{"rendered":"\n<p>O governador Romeu Zema anunciou, nesta quarta-feira (30\/12\/2020), o pagamento de mais uma parcela do 13\u00ba sal\u00e1rio dos servidores estaduais. Na pr\u00f3xima quarta-feira (6\/1), ser\u00e1 feito um novo dep\u00f3sito de at\u00e9 R$ 2 mil a todos os servidores que ainda t\u00eam valores a receber.<\/p>\n\n\n\n<p>Assim, o\u00a0<a rel=\"noreferrer noopener\" href=\"http:\/\/www.mg.gov.br\/\" target=\"_blank\">Governo de Minas<\/a>\u00a0ter\u00e1 quitado integralmente o benef\u00edcio para quem tem direito a receber at\u00e9 R$ 4 mil, o que representa 72% dos servidores ativos e inativos. \u00a0Na \u00faltima semana, no dia 23, j\u00e1 havia sido feito um primeiro pagamento de at\u00e9 R$ 2 mil para todo o funcionalismo. Nesta segunda parcela, ser\u00e3o gastos mais de R$ 565 milh\u00f5es.<\/p>\n\n\n\n<p>\u201cCom isso, tr\u00eas a cada quatro servidores ter\u00e3o recebido o 13\u00ba integral. Fazemos esse pagamento com recursos da Lei Kandir, que chegam nesta quinta ao Estado, e com recursos que conseguimos devido \u00e0 boa gest\u00e3o\u201d, afirmou Zema em suas redes sociais.<\/p>\n\n\n\n<p><strong>Receitas extras<\/strong><\/p>\n\n\n\n<p>Foi confirmado hoje que, nesta quinta-feira (31\/12), o governo federal efetuar\u00e1 o pagamento de uma parcela de mais de R$ 400 milh\u00f5es referente \u00e0 compensa\u00e7\u00e3o da Lei Kandir.<\/p>\n\n\n\n<p>Para a quita\u00e7\u00e3o integral do 13\u00ba sal\u00e1rio, o Estado conta com a entrada de receitas extras, que ser\u00e3o prioritariamente dedicadas a quitar o benef\u00edcio e acabar com o parcelamento de sal\u00e1rios, al\u00e9m de tornar poss\u00edvel a retomada de investimentos.<\/p>\n\n\n\n<p>\u201cReduzimos despesas e arrumamos a casa, mas isso n\u00e3o basta no caso de Minas. Precisamos de receitas extras para colocar nossas contas em dia, como o 13\u00ba e o sal\u00e1rio dos servidores, al\u00e9m de retomar os investimentos. Como a lei Kandir, temos outras op\u00e7\u00f5es de recursos extras, como a autoriza\u00e7\u00e3o legislativa para venda de 100% da Codemig\u201d, destacou o governador.<\/p>\n\n\n\n<p><strong>Parcelamento desde 2016<\/strong><\/p>\n\n\n\n<p>Desde 2016, o governo estadual passou a parcelar sal\u00e1rios e o pagamento do 13\u00ba. O abono natalino de 2018, por exemplo, foi quitado integralmente em 2019, j\u00e1 na atual gest\u00e3o estadual.<\/p>\n\n\n\n<p>Atualmente, o pagamento de sal\u00e1rios \u00e9 feito em duas parcelas, com datas anunciadas com anteced\u00eancia e sempre cumpridas pela administra\u00e7\u00e3o estadual, o que n\u00e3o ocorria antes de 2019.<\/p>\n\n\n\n<p><strong>Sal\u00e1rios de janeiro<\/strong><\/p>\n\n\n\n<p>Nessa ter\u00e7a-feira (29\/12), o Governo de Minas anunciou a escala de pagamento do m\u00eas de janeiro, referente a dezembro de 2020. A primeira parcela ser\u00e1 paga no dia 11 de janeiro e, a segunda, no dia 20.<\/p>\n\n\n\n<p>Os servidores das \u00e1reas de Sa\u00fade e Seguran\u00e7a P\u00fablica, que atuam na linha de frente de combate \u00e0 covid-19, receber\u00e3o o sal\u00e1rio integralmente na data da primeira parcela. As demais categorias receber\u00e3o a quantia de R$ 2 mil na primeira parcela e o restante na segunda.<\/p>\n\n\n\n<p class=\"has-white-color has-vivid-cyan-blue-background-color has-text-color has-background\">Quer saber as not\u00edcias do <strong>Aconteceu no Vale<\/strong> em primeira m\u00e3o? Siga-nos no Facebook <a rel=\"noreferrer noopener\" href=\"http:\/\/facebook.com\/aconteceunovale\" target=\"_blank\">@aconteceunovale<\/a>, Twitter <a rel=\"noreferrer noopener\" href=\"https:\/\/twitter.com\/noticiadosvales\" target=\"_blank\">@noticiadosvales<\/a> e Instagram <a rel=\"noreferrer noopener\" href=\"https:\/\/www.instagram.com\/aconteceunovale\" target=\"_blank\">@aconteceunovale<\/a>.<\/p>\n","protected":false},"excerpt":{"rendered":"<p>O governador Romeu Zema anunciou, nesta quarta-feira (30\/12\/2020), o pagamento de mais uma parcela do 13\u00ba sal\u00e1rio dos servidores estaduais. Na pr\u00f3xima quarta-feira (6\/1), ser\u00e1 feito um novo dep\u00f3sito de at\u00e9 R$ 2 mil a todos os servidores que ainda t\u00eam valores a receber. Assim, o\u00a0Governo de Minas\u00a0ter\u00e1 quitado integralmente o benef\u00edcio para quem tem [&hellip;]<\/p>\n","protected":false},"author":4,"featured_media":170034,"comment_status":"open","ping_status":"closed","sticky":false,"template":"","format":"standard","meta":{"amp_status":"","footnotes":""},"categories":[123],"tags":[222086,165568,215209,100375,20922,1018,188792,188793,179027,179026,140695,6546,211497,211496,211498,188796,214804,51191,224971,222083,188794,26436,144202,165569,214805,188795,214803,233548,164996,177628,232596,233651,232599,232597,232598,178207,233549,28511,28510],"class_list":["post-171503","post","type-post","status-publish","format-standard","has-post-thumbnail","hentry","category-gerais","tag-13o-de-2019-governo-de-minas","tag-13o-governo-de-minas","tag-75-dos-funcionarios-estaduais-ja-receberam-o-13-salario-diz-governo-de-minas","tag-bolsonaro","tag-camara-dos-deputados","tag-destaque","tag-escala-de-pagamento-do-mes-de-dezembro-para-os-servidores-publicos","tag-escala-de-pagamento-do-mes-de-dezembro-para-os-servidores-publicos-de-minas-gerais","tag-escala-de-pagamento-governo-de-minas-gerais","tag-escala-governo-de-minas-gerais","tag-governador-de-minas","tag-governo-de-minas","tag-governo-de-minas-anuncia-escala-de-pagamento-para-dezembro","tag-governo-de-minas-anuncia-escala-de-pagamento-para-dezembro-e-quitacao-integral-do-13o-de-2018","tag-governo-de-minas-anuncia-escala-de-pagamento-para-o-mes-de-dezembro","tag-governo-de-minas-divulga-a-escala-de-pagamento-do-mes-de-dezembro","tag-governo-de-minas-divulga-nota-de-esclarecimento-sobre-pagamento-do-13-salario","tag-governo-de-minas-gerais","tag-governo-de-minas-gerais-anuncia-escala-de-pagamento-dos-servidores","tag-governo-de-minas-gerais-anuncia-escala-de-pagamento-para-servidores","tag-governo-de-minas-gerais-divulga-escala-de-pagamento-de-dezembro-aos-servidores","tag-jair-bolsonaro","tag-lei-kandir","tag-pagamento-13o-governo-de-minas","tag-pagamento-13o-para-funcionarios-do-governo-de-minas","tag-pagamento-dezembro-governo-de-minas","tag-pagamento-do-13o-do-governo-de-minas","tag-pagamento-do-salario-de-dezembro-do-governo-de-minas","tag-pagamento-governo-de-minas-dezembro","tag-pagamento-governo-de-minas-gerais","tag-perdas-da-lei-kandir","tag-perdas-lei-kandir","tag-plp-133","tag-reposicao-de-perdas-da-lei-kandir","tag-reposicao-lei-kandir","tag-romeu-zema","tag-salario-de-dezembro-governo-de-minas","tag-stf","tag-supremo-tribunal-federal"],"_links":{"self":[{"href":"https:\/\/aconteceunovale.com.br\/portal\/index.php?rest_route=\/wp\/v2\/posts\/171503","targetHints":{"allow":["GET"]}}],"collection":[{"href":"https:\/\/aconteceunovale.com.br\/portal\/index.php?rest_route=\/wp\/v2\/posts"}],"about":[{"href":"https:\/\/aconteceunovale.com.br\/portal\/index.php?rest_route=\/wp\/v2\/types\/post"}],"author":[{"embeddable":true,"href":"https:\/\/aconteceunovale.com.br\/portal\/index.php?rest_route=\/wp\/v2\/users\/4"}],"replies":[{"embeddable":true,"href":"https:\/\/aconteceunovale.com.br\/portal\/index.php?rest_route=%2Fwp%2Fv2%2Fcomments&post=171503"}],"version-history":[{"count":1,"href":"https:\/\/aconteceunovale.com.br\/portal\/index.php?rest_route=\/wp\/v2\/posts\/171503\/revisions"}],"predecessor-version":[{"id":171504,"href":"https:\/\/aconteceunovale.com.br\/portal\/index.php?rest_route=\/wp\/v2\/posts\/171503\/revisions\/171504"}],"wp:featuredmedia":[{"embeddable":true,"href":"https:\/\/aconteceunovale.com.br\/portal\/index.php?rest_route=\/wp\/v2\/media\/170034"}],"wp:attachment":[{"href":"https:\/\/aconteceunovale.com.br\/portal\/index.php?rest_route=%2Fwp%2Fv2%2Fmedia&parent=171503"}],"wp:term":[{"taxonomy":"category","embeddable":true,"href":"https:\/\/aconteceunovale.com.br\/portal\/index.php?rest_route=%2Fwp%2Fv2%2Fcategories&post=171503"},{"taxonomy":"post_tag","embeddable":true,"href":"https:\/\/aconteceunovale.com.br\/portal\/index.php?rest_route=%2Fwp%2Fv2%2Ftags&post=171503"}],"curies":[{"name":"wp","href":"https:\/\/api.w.org\/{rel}","templated":true}]}}