{"id":171460,"date":"2020-12-30T10:16:37","date_gmt":"2020-12-30T13:16:37","guid":{"rendered":"https:\/\/aconteceunovale.com.br\/portal\/?p=171460"},"modified":"2020-12-30T10:17:49","modified_gmt":"2020-12-30T13:17:49","slug":"brasil-passa-a-exigir-teste-negativo-de-covid-19-para-entrada-no-pais","status":"publish","type":"post","link":"https:\/\/aconteceunovale.com.br\/portal\/?p=171460","title":{"rendered":"Brasil passa a exigir teste negativo de Covid-19 para entrada no pa\u00eds"},"content":{"rendered":"\n<p>A partir de hoje (30), passageiros de voos internacionais que embarcarem para o Brasil precisar\u00e3o apresentar um teste RT-PCR negativo ou n\u00e3o reagente para covid-19. O exame deve ter sido feito at\u00e9 72 horas antes da viagem. A obrigatoriedade vale para todos os viajantes, brasileiros ou estrangeiros, independentemente de sua origem.<img decoding=\"async\" src=\"https:\/\/agenciabrasil.ebc.com.br\/ebc.png?id=1397566&amp;o=node\"><img decoding=\"async\" src=\"https:\/\/agenciabrasil.ebc.com.br\/ebc.gif?id=1397566&amp;o=node\"><\/p>\n\n\n\n<p>Crian\u00e7as menores de 2 anos est\u00e3o dispensadas da apresenta\u00e7\u00e3o do teste, assim como crian\u00e7as com idade entre 2 e 12 anos, desde que seus acompanhantes cumpram todas as exig\u00eancias. J\u00e1 crian\u00e7as entre 2 e 12 anos viajando desacompanhadas s\u00e3o obrigadas a apresentar o exame, da mesma forma que os demais viajantes.<\/p>\n\n\n\n<p>A medida est\u00e1 prevista na\u00a0portaria n\u00ba 648\/2020, publicada na semana passada, que e tamb\u00e9m trata da proibi\u00e7\u00e3o, em car\u00e1ter tempor\u00e1rio,\u00a0da entrada no Brasil de voos com origem ou passagem pelo Reino Unido\u00a0e Irlanda do Norte. No \u00faltimo dia 17,\u00a0o governo\u00a0j\u00e1 havia determinado a exig\u00eancia do exame na portaria n\u00ba 630\/2020.<\/p>\n\n\n\n<h2 class=\"wp-block-heading\">Declara\u00e7\u00e3o de Sa\u00fade do Viajante<\/h2>\n\n\n\n<p>De acordo com a Ag\u00eancia Nacional de Vigil\u00e2ncia Sanit\u00e1ria (Anvisa), brasileiros e estrangeiros que vierem do exterior por via a\u00e9rea dever\u00e3o preencher a&nbsp;<a href=\"https:\/\/formulario.anvisa.gov.br\/\" target=\"_blank\" rel=\"noreferrer noopener\">Declara\u00e7\u00e3o de Sa\u00fade do Viajante (DSV)&nbsp;<\/a>e apresentar o e-mail de comprova\u00e7\u00e3o de preenchimento para a companhia a\u00e9rea.<\/p>\n\n\n\n<p>O teste dever\u00e1 ter sido realizado em laborat\u00f3rio reconhecido pela autoridade de sa\u00fade do pa\u00eds do embarque. Na hip\u00f3tese de voo com conex\u00f5es ou escalas em que o viajante permane\u00e7a em \u00e1rea restrita do aeroporto, o prazo de 72 horas ser\u00e1 considerado em rela\u00e7\u00e3o ao embarque no primeiro trecho da viagem.<\/p>\n\n\n\n<p>As obriga\u00e7\u00f5es fixadas pela norma n\u00e3o valem para voos procedentes do exterior com paradas t\u00e9cnicas ou conex\u00e3o no Brasil desde que n\u00e3o ocorra qualquer procedimento de desembarque seguido de imigra\u00e7\u00e3o.<\/p>\n\n\n\n<p>O descumprimento da exig\u00eancia pode gerar responsabiliza\u00e7\u00e3o civil ou penal, deporta\u00e7\u00e3o de volta ao pa\u00eds de origem ou a invalida\u00e7\u00e3o do pedido de ref\u00fagio, caso ele existe.<\/p>\n\n\n\n<p class=\"has-white-color has-vivid-cyan-blue-background-color has-text-color has-background\">Quer saber as not\u00edcias do <strong>Aconteceu no Vale<\/strong> em primeira m\u00e3o? Siga-nos no Facebook <a rel=\"noreferrer noopener\" href=\"http:\/\/facebook.com\/aconteceunovale\" target=\"_blank\">@aconteceunovale<\/a>, Twitter <a rel=\"noreferrer noopener\" href=\"https:\/\/twitter.com\/noticiadosvales\" target=\"_blank\">@noticiadosvales<\/a> e Instagram <a rel=\"noreferrer noopener\" href=\"https:\/\/www.instagram.com\/aconteceunovale\" target=\"_blank\">@aconteceunovale<\/a>.<\/p>\n","protected":false},"excerpt":{"rendered":"<p>A partir de hoje (30), passageiros de voos internacionais que embarcarem para o Brasil precisar\u00e3o apresentar um teste RT-PCR negativo ou n\u00e3o reagente para covid-19. O exame deve ter sido feito at\u00e9 72 horas antes da viagem. A obrigatoriedade vale para todos os viajantes, brasileiros ou estrangeiros, independentemente de sua origem. Crian\u00e7as menores de 2 [&hellip;]<\/p>\n","protected":false},"author":4,"featured_media":171461,"comment_status":"open","ping_status":"closed","sticky":false,"template":"","format":"standard","meta":{"amp_status":"","footnotes":""},"categories":[6,28848],"tags":[4785,220477,220660,219520,218049,218205,214884,215394,216498,218043,19326,220349,218044,218045,215653,218206,219105,219104,218876,219519,140166,217692,220478,220479,233605,220944,220945],"class_list":["post-171460","post","type-post","status-publish","format-standard","has-post-thumbnail","hentry","category-br","category-mundo","tag-brasil","tag-brasil-bate-recorde-de-obitos-e-casos-confirmados-em-um-dia","tag-brasil-ultrapassa-marca-de-4-mil-obitos-por-covid-19","tag-casos-confirmados-e-obitos-no-brasil","tag-casos-de-coronavirus-no-brasil","tag-casos-de-covid-19-no-brasil","tag-coronavirus","tag-coronavirus-no-brasil","tag-covid-19","tag-covid-19-no-brasil","tag-ministerio-da-saude","tag-ministerio-da-saude-atualiza-numeros-do-coronavirus-no-brasil","tag-mortes-por-coronavirus-no-brasil","tag-mortes-por-covid-19-no-brasil","tag-novo-coronavirus","tag-numero-de-casos-de-covid-19-confirmados-no-brasil","tag-numeros-da-covid-19-no-brasil","tag-numeros-do-coronavirus-no-brasil","tag-obitos-por-coronavirus-no-brasil","tag-obitos-por-covid-19-no-brasil","tag-pandemia","tag-pandemia-de-coronavirus","tag-recorde-de-obitos-por-coronavirus-no-brasil","tag-recorde-de-obitos-por-covid-19-no-brasil","tag-teste-negativo-de-covid-19-para-entrada-no-brasil","tag-virus-vai-atingir-70-da-populacao","tag-virus-vai-atingir-70-da-populacao-diz-jair-bolsonaro"],"_links":{"self":[{"href":"https:\/\/aconteceunovale.com.br\/portal\/index.php?rest_route=\/wp\/v2\/posts\/171460","targetHints":{"allow":["GET"]}}],"collection":[{"href":"https:\/\/aconteceunovale.com.br\/portal\/index.php?rest_route=\/wp\/v2\/posts"}],"about":[{"href":"https:\/\/aconteceunovale.com.br\/portal\/index.php?rest_route=\/wp\/v2\/types\/post"}],"author":[{"embeddable":true,"href":"https:\/\/aconteceunovale.com.br\/portal\/index.php?rest_route=\/wp\/v2\/users\/4"}],"replies":[{"embeddable":true,"href":"https:\/\/aconteceunovale.com.br\/portal\/index.php?rest_route=%2Fwp%2Fv2%2Fcomments&post=171460"}],"version-history":[{"count":1,"href":"https:\/\/aconteceunovale.com.br\/portal\/index.php?rest_route=\/wp\/v2\/posts\/171460\/revisions"}],"predecessor-version":[{"id":171462,"href":"https:\/\/aconteceunovale.com.br\/portal\/index.php?rest_route=\/wp\/v2\/posts\/171460\/revisions\/171462"}],"wp:featuredmedia":[{"embeddable":true,"href":"https:\/\/aconteceunovale.com.br\/portal\/index.php?rest_route=\/wp\/v2\/media\/171461"}],"wp:attachment":[{"href":"https:\/\/aconteceunovale.com.br\/portal\/index.php?rest_route=%2Fwp%2Fv2%2Fmedia&parent=171460"}],"wp:term":[{"taxonomy":"category","embeddable":true,"href":"https:\/\/aconteceunovale.com.br\/portal\/index.php?rest_route=%2Fwp%2Fv2%2Fcategories&post=171460"},{"taxonomy":"post_tag","embeddable":true,"href":"https:\/\/aconteceunovale.com.br\/portal\/index.php?rest_route=%2Fwp%2Fv2%2Ftags&post=171460"}],"curies":[{"name":"wp","href":"https:\/\/api.w.org\/{rel}","templated":true}]}}