{"id":171457,"date":"2020-12-30T09:54:50","date_gmt":"2020-12-30T12:54:50","guid":{"rendered":"https:\/\/aconteceunovale.com.br\/portal\/?p=171457"},"modified":"2020-12-30T09:56:17","modified_gmt":"2020-12-30T12:56:17","slug":"policia-militar-atuara-para-coibir-aglomeracoes-neste-final-de-ano","status":"publish","type":"post","link":"https:\/\/aconteceunovale.com.br\/portal\/?p=171457","title":{"rendered":"Pol\u00edcia Militar atuar\u00e1 para coibir aglomera\u00e7\u00f5es neste final de ano"},"content":{"rendered":"\n<p>Na \u00faltima semana do ano, a\u00a0<a rel=\"noreferrer noopener\" href=\"https:\/\/www.policiamilitar.mg.gov.br\/portal-pm\/externo\/principal.action\" target=\"_blank\">Pol\u00edcia Militar de Minas Gerais (PMMG)<\/a>\u00a0manter\u00e1 sua atua\u00e7\u00e3o preventiva nos 853 munic\u00edpios mineiros, conscientizando a popula\u00e7\u00e3o e evitando aglomera\u00e7\u00f5es. O objetivo \u00e9 minimizar os riscos de contamina\u00e7\u00e3o da covid-19, em um momento em que Minas e o pa\u00eds vivem uma alta de casos. \u00a0\u00a0<\/p>\n\n\n\n<p>Orienta\u00e7\u00f5es como n\u00e3o aglomerar, higienizar as m\u00e3os com frequ\u00eancia, uso de m\u00e1scara e \u00e1lcool em gel 70%, segundo a&nbsp;<a href=\"https:\/\/www.saude.mg.gov.br\/\" target=\"_blank\" rel=\"noreferrer noopener\">Secretaria de Estado da Sa\u00fade (SES-MG)<\/a>, s\u00e3o fundamentais para frear o avan\u00e7o da pandemia no estado.&nbsp;<\/p>\n\n\n\n<p>Dessa forma, policiais militares far\u00e3o a\u00e7\u00f5es preventivas a fim de evitar grandes concentra\u00e7\u00f5es de pessoas, assim como foi feito no per\u00edodo natalino, al\u00e9m de apoiar a fiscaliza\u00e7\u00e3o municipal em casos de descumprimento das normas vigentes.<\/p>\n\n\n\n<p>\u201cNas festas de fim ano, a preocupa\u00e7\u00e3o maior \u00e9 com a aglomera\u00e7\u00e3o de pessoas. Ainda estamos num momento de pandemia no qual o uso das m\u00e1scaras, de \u00e1lcool em gel e evitar conviver com pessoas fora do c\u00edrculo familiar pode salvar vidas e evitar uma expans\u00e3o maior do coronav\u00edrus ao longo deste per\u00edodo\u201d, destaca a capit\u00e3o Layla Brunella, porta-voz da corpora\u00e7\u00e3o.<\/p>\n\n\n\n<p>A porta-voz tamb\u00e9m destaca que a PMMG conta com efetivo refor\u00e7ado nesse per\u00edodo do ano. \u201cA PMMG permanecer\u00e1 com um maior aporte ao longo do fim do ano, nas festas da virada, e durante o m\u00eas de janeiro na opera\u00e7\u00e3o F\u00e9rias Seguras\u201d, afirma Layla.<\/p>\n\n\n\n<p class=\"has-white-color has-vivid-cyan-blue-background-color has-text-color has-background\">Quer saber as not\u00edcias do <strong>Aconteceu no Vale<\/strong> em primeira m\u00e3o? Siga-nos no Facebook <a rel=\"noreferrer noopener\" href=\"http:\/\/facebook.com\/aconteceunovale\" target=\"_blank\">@aconteceunovale<\/a>, Twitter <a rel=\"noreferrer noopener\" href=\"https:\/\/twitter.com\/noticiadosvales\" target=\"_blank\">@noticiadosvales<\/a> e Instagram <a rel=\"noreferrer noopener\" href=\"https:\/\/www.instagram.com\/aconteceunovale\" target=\"_blank\">@aconteceunovale<\/a>.<\/p>\n","protected":false},"excerpt":{"rendered":"<p>Na \u00faltima semana do ano, a\u00a0Pol\u00edcia Militar de Minas Gerais (PMMG)\u00a0manter\u00e1 sua atua\u00e7\u00e3o preventiva nos 853 munic\u00edpios mineiros, conscientizando a popula\u00e7\u00e3o e evitando aglomera\u00e7\u00f5es. O objetivo \u00e9 minimizar os riscos de contamina\u00e7\u00e3o da covid-19, em um momento em que Minas e o pa\u00eds vivem uma alta de casos. \u00a0\u00a0 Orienta\u00e7\u00f5es como n\u00e3o aglomerar, higienizar as [&hellip;]<\/p>\n","protected":false},"author":4,"featured_media":171458,"comment_status":"open","ping_status":"closed","sticky":false,"template":"","format":"standard","meta":{"amp_status":"","footnotes":""},"categories":[123],"tags":[233601,233604,217799,219851,219853,214884,216498,221718,233603,219855,215653,221717,219854,219852,217692,38187,233600,233602,233599,18980,221719,220285,220287,52113,220286],"class_list":["post-171457","post","type-post","status-publish","format-standard","has-post-thumbnail","hentry","category-gerais","tag-aglomeracoes","tag-capitao-layla-brunella","tag-casos-de-coronavirus-em-minas-gerais","tag-casos-de-covid-19-em-minas-gerais","tag-cidades-com-casos-de-coronavirus-em-minas-gerais","tag-coronavirus","tag-covid-19","tag-curados-do-coronavirus-em-minas-gerais","tag-layla-brunella","tag-mortes-por-coronavirus-em-minas-gerais","tag-novo-coronavirus","tag-numero-de-curados-do-coronavirus-em-minas-gerais","tag-numeros-do-coronavirus-em-minas-gerais","tag-obitos-por-coronavirus-em-minas-gerias","tag-pandemia-de-coronavirus","tag-pmmg","tag-pmmg-atuara-para-coibir-aglomeracoes-neste-final-de-ano","tag-pmmg-vai-coibir-aglomeracoes","tag-policia-militar-atuara-para-coibir-aglomeracoes-neste-final-de-ano","tag-policia-militar-de-minas-gerais","tag-recuperados-do-coronavirus-em-minas-gerais","tag-secretaria-de-saude-atualiza-numeros-do-coronavirus-em-minas-gerais","tag-secretaria-de-saude-de-minas-gerais-atualiza-numeros-do-coronavirus","tag-ses-mg","tag-ses-mg-atualiza-numeros-do-coronavirus"],"_links":{"self":[{"href":"https:\/\/aconteceunovale.com.br\/portal\/index.php?rest_route=\/wp\/v2\/posts\/171457","targetHints":{"allow":["GET"]}}],"collection":[{"href":"https:\/\/aconteceunovale.com.br\/portal\/index.php?rest_route=\/wp\/v2\/posts"}],"about":[{"href":"https:\/\/aconteceunovale.com.br\/portal\/index.php?rest_route=\/wp\/v2\/types\/post"}],"author":[{"embeddable":true,"href":"https:\/\/aconteceunovale.com.br\/portal\/index.php?rest_route=\/wp\/v2\/users\/4"}],"replies":[{"embeddable":true,"href":"https:\/\/aconteceunovale.com.br\/portal\/index.php?rest_route=%2Fwp%2Fv2%2Fcomments&post=171457"}],"version-history":[{"count":1,"href":"https:\/\/aconteceunovale.com.br\/portal\/index.php?rest_route=\/wp\/v2\/posts\/171457\/revisions"}],"predecessor-version":[{"id":171459,"href":"https:\/\/aconteceunovale.com.br\/portal\/index.php?rest_route=\/wp\/v2\/posts\/171457\/revisions\/171459"}],"wp:featuredmedia":[{"embeddable":true,"href":"https:\/\/aconteceunovale.com.br\/portal\/index.php?rest_route=\/wp\/v2\/media\/171458"}],"wp:attachment":[{"href":"https:\/\/aconteceunovale.com.br\/portal\/index.php?rest_route=%2Fwp%2Fv2%2Fmedia&parent=171457"}],"wp:term":[{"taxonomy":"category","embeddable":true,"href":"https:\/\/aconteceunovale.com.br\/portal\/index.php?rest_route=%2Fwp%2Fv2%2Fcategories&post=171457"},{"taxonomy":"post_tag","embeddable":true,"href":"https:\/\/aconteceunovale.com.br\/portal\/index.php?rest_route=%2Fwp%2Fv2%2Ftags&post=171457"}],"curies":[{"name":"wp","href":"https:\/\/api.w.org\/{rel}","templated":true}]}}