{"id":171424,"date":"2020-12-29T20:57:50","date_gmt":"2020-12-29T23:57:50","guid":{"rendered":"https:\/\/aconteceunovale.com.br\/portal\/?p=171424"},"modified":"2020-12-29T20:59:19","modified_gmt":"2020-12-29T23:59:19","slug":"viagens-durante-recesso-de-fim-de-ano-exigem-atencao-redobrada-de-motoristas","status":"publish","type":"post","link":"https:\/\/aconteceunovale.com.br\/portal\/?p=171424","title":{"rendered":"Viagens durante recesso de fim de ano exigem aten\u00e7\u00e3o redobrada de motoristas"},"content":{"rendered":"\n<p>Dois acidentes graves, com cinco mortes em cada, marcaram o feriado de Natal nas rodovias MG-050 e BR-135. Diante disso, o alerta para motoristas que v\u00e3o pegar estrada durante o recesso de ano novo precisa ser refor\u00e7ado.<\/p>\n\n\n\n<p>O primeiro cuidado \u00e9 planejar a viagem, informando-se das condi\u00e7\u00f5es das estradas, e, durante o deslocamento, praticar a dire\u00e7\u00e3o defensiva, respeitando a sinaliza\u00e7\u00e3o. Estas s\u00e3o as orienta\u00e7\u00f5es b\u00e1sicas do\u00a0Departamento de Edifica\u00e7\u00f5es e Estradas de Rodagem de Minas Gerais (DER-MG), que disponibiliza, no site\u00a0<a rel=\"noreferrer noopener\" href=\"http:\/\/www.der.mg.gov.br\/\" target=\"_blank\">www.der.mg.gov.br<\/a>, consulta sobre as condi\u00e7\u00f5es das rodovias sob sua responsabilidade.<\/p>\n\n\n\n<p>Historicamente, nesta \u00e9poca do ano, as estradas ficam mais movimentadas e, portanto, mais perigosas. O maior fluxo de carros ainda encontra outro problema: as chuvas. Neste per\u00edodo, viajar significa redobrar cuidados, conhecer antes as condi\u00e7\u00f5es das rodovias, anotar os telefones dos atendimentos de emerg\u00eancia e fazer uma revis\u00e3o geral no carro para sair com seguran\u00e7a e evitar aborrecimentos.<\/p>\n\n\n\n<p>Os riscos aumentam e s\u00e3o v\u00e1rias as precau\u00e7\u00f5es serem tomadas, como por exemplo, a verifica\u00e7\u00e3o do sistema de freios; os pneus em bom estado e calibrados; o uso de cadeirinhas para transportar crian\u00e7as; paletas dos limpadores de para-brisa verificadas, far\u00f3is funcionando adequadamente e outros cuidados importantes para realizar uma viagem tranquila e segura.<\/p>\n\n\n\n<figure class=\"wp-block-gallery columns-1 is-cropped wp-block-gallery-1 is-layout-flex wp-block-gallery-is-layout-flex\"><ul class=\"blocks-gallery-grid\"><li class=\"blocks-gallery-item\"><figure><img loading=\"lazy\" decoding=\"async\" width=\"620\" height=\"450\" src=\"https:\/\/aconteceunovale.com.br\/portal\/wp-content\/uploads\/2020\/12\/viagem_fim_ano.jpg\" alt=\"\" data-id=\"171425\" data-full-url=\"https:\/\/aconteceunovale.com.br\/portal\/wp-content\/uploads\/2020\/12\/viagem_fim_ano.jpg\" data-link=\"https:\/\/aconteceunovale.com.br\/portal\/?attachment_id=171425\" class=\"wp-image-171425\" srcset=\"https:\/\/aconteceunovale.com.br\/portal\/wp-content\/uploads\/2020\/12\/viagem_fim_ano.jpg 620w, https:\/\/aconteceunovale.com.br\/portal\/wp-content\/uploads\/2020\/12\/viagem_fim_ano-300x218.jpg 300w, https:\/\/aconteceunovale.com.br\/portal\/wp-content\/uploads\/2020\/12\/viagem_fim_ano-324x235.jpg 324w, https:\/\/aconteceunovale.com.br\/portal\/wp-content\/uploads\/2020\/12\/viagem_fim_ano-579x420.jpg 579w\" sizes=\"auto, (max-width: 620px) 100vw, 620px\" \/><figcaption class=\"blocks-gallery-item__caption\"><em>Foto: DER-MG \/ Divulga\u00e7\u00e3o<\/em><\/figcaption><\/figure><\/li><\/ul><\/figure>\n\n\n\n<p>O DER tamb\u00e9m disponibiliza, em seu site, na parte de educa\u00e7\u00e3o para o tr\u00e2nsito, uma&nbsp;<a href=\"http:\/\/www.der.mg.gov.br\/educacao-para-o-transito\" target=\"_blank\" rel=\"noreferrer noopener\">s\u00e9rie de dicas importantes<\/a>&nbsp;para o cidad\u00e3o sobre as diversas situa\u00e7\u00f5es que ele pode se deparar ao circular em ruas e estradas.<\/p>\n\n\n\n<p><strong>Pontos de aten\u00e7\u00e3o<\/strong><\/p>\n\n\n\n<p>Para Rosely Fantoni, gerente de Educa\u00e7\u00e3o para o Tr\u00e2nsito do DER-MG, devido \u00e0 pandemia, as viagens de carro poder\u00e3o estar em primeiro plano para muitas pessoas, o que deve exigir cuidados redobrados.<\/p>\n\n\n\n<p>Na avalia\u00e7\u00e3o da gerente, o condutor do ve\u00edculo precisa ter consci\u00eancia de que deve mudar sua maneira de dirigir quando est\u00e1 chovendo e o carro tem que estar preparado e em condi\u00e7\u00f5es de trafegar em pista molhada.<\/p>\n\n\n\n<p>&#8220;Nem todos os motoristas sabem que as primeiras chuvas s\u00e3o as mais perigosas, pois s\u00e3o elas que deixam as pistas escorregadias e o usu\u00e1rio n\u00e3o percebe o perigo que tem pela frente caso n\u00e3o diminua a velocidade e redobre a aten\u00e7\u00e3o&#8221;, ressalta Rosely.<\/p>\n\n\n\n<p>Ela destaca, ainda, os procedimentos mais importantes: o condutor precisa estar sempre descansado, fazer uso do cinto de seguran\u00e7a, ultrapassar somente quando houver total seguran\u00e7a e visibilidade, usar farol baixo sob chuva ou neblina, manter dist\u00e2ncia do carro da frente, reduzir a velocidade e n\u00e3o frear bruscamente, n\u00e3o fumar dentro do carro e evitar parar no acostamento.<\/p>\n\n\n\n<p>&#8220;Nesse caso, sendo inevit\u00e1vel parar, o motorista deve ligar o pisca-pisca, colocar o tri\u00e2ngulo e galhos de \u00e1rvores como alerta. Al\u00e9m disso, todos os ocupantes do carro devem sair e permanecer longe da pista. Caso o motorista precise parar em uma curva, deve colocar a sinaliza\u00e7\u00e3o de forma que outros vejam antes o problema&#8221;, orienta.<\/p>\n\n\n\n<p class=\"has-white-color has-vivid-cyan-blue-background-color has-text-color has-background\">Quer saber as not\u00edcias do <strong>Aconteceu no Vale<\/strong> em primeira m\u00e3o? Siga-nos no Facebook <a rel=\"noreferrer noopener\" href=\"http:\/\/facebook.com\/aconteceunovale\" target=\"_blank\">@aconteceunovale<\/a>, Twitter <a rel=\"noreferrer noopener\" href=\"https:\/\/twitter.com\/noticiadosvales\" target=\"_blank\">@noticiadosvales<\/a> e Instagram <a rel=\"noreferrer noopener\" href=\"https:\/\/www.instagram.com\/aconteceunovale\" target=\"_blank\">@aconteceunovale<\/a>.<\/p>\n","protected":false},"excerpt":{"rendered":"<p>Dois acidentes graves, com cinco mortes em cada, marcaram o feriado de Natal nas rodovias MG-050 e BR-135. Diante disso, o alerta para motoristas que v\u00e3o pegar estrada durante o recesso de ano novo precisa ser refor\u00e7ado. O primeiro cuidado \u00e9 planejar a viagem, informando-se das condi\u00e7\u00f5es das estradas, e, durante o deslocamento, praticar a [&hellip;]<\/p>\n","protected":false},"author":4,"featured_media":171425,"comment_status":"open","ping_status":"closed","sticky":false,"template":"","format":"standard","meta":{"amp_status":"","footnotes":""},"categories":[123],"tags":[54133,233555,207131,215389,1018,233559,166026,233557,233556,60195,233558,33314,18751,233554],"class_list":["post-171424","post","type-post","status-publish","format-standard","has-post-thumbnail","hentry","category-gerais","tag-acidentes-nas-rodovias-mineiras","tag-atencao-nas-viagens-durante-recesso-de-fim-de-ano","tag-br-135-2","tag-der-mg-2","tag-destaque","tag-dicas-do-der-mg","tag-educacao-no-transito","tag-evitar-acidentes-em-rodovias","tag-informacoes-para-evitar-acidentes","tag-mg-050","tag-orientacoes-do-der-mg","tag-rosely-fantoni","tag-transito","tag-viagens-durante-recesso-de-fim-de-ano"],"_links":{"self":[{"href":"https:\/\/aconteceunovale.com.br\/portal\/index.php?rest_route=\/wp\/v2\/posts\/171424","targetHints":{"allow":["GET"]}}],"collection":[{"href":"https:\/\/aconteceunovale.com.br\/portal\/index.php?rest_route=\/wp\/v2\/posts"}],"about":[{"href":"https:\/\/aconteceunovale.com.br\/portal\/index.php?rest_route=\/wp\/v2\/types\/post"}],"author":[{"embeddable":true,"href":"https:\/\/aconteceunovale.com.br\/portal\/index.php?rest_route=\/wp\/v2\/users\/4"}],"replies":[{"embeddable":true,"href":"https:\/\/aconteceunovale.com.br\/portal\/index.php?rest_route=%2Fwp%2Fv2%2Fcomments&post=171424"}],"version-history":[{"count":1,"href":"https:\/\/aconteceunovale.com.br\/portal\/index.php?rest_route=\/wp\/v2\/posts\/171424\/revisions"}],"predecessor-version":[{"id":171426,"href":"https:\/\/aconteceunovale.com.br\/portal\/index.php?rest_route=\/wp\/v2\/posts\/171424\/revisions\/171426"}],"wp:featuredmedia":[{"embeddable":true,"href":"https:\/\/aconteceunovale.com.br\/portal\/index.php?rest_route=\/wp\/v2\/media\/171425"}],"wp:attachment":[{"href":"https:\/\/aconteceunovale.com.br\/portal\/index.php?rest_route=%2Fwp%2Fv2%2Fmedia&parent=171424"}],"wp:term":[{"taxonomy":"category","embeddable":true,"href":"https:\/\/aconteceunovale.com.br\/portal\/index.php?rest_route=%2Fwp%2Fv2%2Fcategories&post=171424"},{"taxonomy":"post_tag","embeddable":true,"href":"https:\/\/aconteceunovale.com.br\/portal\/index.php?rest_route=%2Fwp%2Fv2%2Ftags&post=171424"}],"curies":[{"name":"wp","href":"https:\/\/api.w.org\/{rel}","templated":true}]}}