{"id":171418,"date":"2020-12-29T20:39:13","date_gmt":"2020-12-29T23:39:13","guid":{"rendered":"https:\/\/aconteceunovale.com.br\/portal\/?p=171418"},"modified":"2020-12-29T20:41:46","modified_gmt":"2020-12-29T23:41:46","slug":"governo-de-minas-gerais-anuncia-escala-de-pagamento-do-salario-de-dezembro","status":"publish","type":"post","link":"https:\/\/aconteceunovale.com.br\/portal\/?p=171418","title":{"rendered":"Governo de Minas Gerais anuncia escala de pagamento do sal\u00e1rio de dezembro"},"content":{"rendered":"\n<p>O\u00a0Governo de Minas\u00a0Gerais anunciou, nesta ter\u00e7a-feira (29\/12\/2020), a escala de pagamento do m\u00eas de janeiro de 2021, referente a dezembro de 2020. A primeira parcela ser\u00e1 paga no dia 11 de janeiro e a segunda no dia 20.<br><br>Conforme os crit\u00e9rios j\u00e1 adotados nos meses anteriores, os servidores das \u00e1reas de Sa\u00fade e Seguran\u00e7a P\u00fablica, que atuam na linha de frente de combate \u00e0 covid-19, receber\u00e3o o sal\u00e1rio integralmente na data da primeira parcela. As demais categorias receber\u00e3o a quantia de R$ 2 mil na primeira parcela e o restante na segunda.<br><br>No \u00faltimo dia 23 de dezembro, os servidores p\u00fablicos receberam uma parcela de at\u00e9 R$ 2 mil referente ao 13\u00ba sal\u00e1rio. <em>\u201cAs informa\u00e7\u00f5es sobre o pagamento dos demais valores ser\u00e3o anunciadas assim que poss\u00edvel. No momento, os recursos do fluxo de caixa s\u00e3o direcionados de forma a garantir o pagamento de sal\u00e1rios. Ao todo, 40% da folha de pagamento do 13\u00ba sal\u00e1rio foi quitada no dia 23\/12\u201d<\/em>, informou o governo.<\/p>\n\n\n\n<figure class=\"wp-block-gallery columns-1 is-cropped wp-block-gallery-1 is-layout-flex wp-block-gallery-is-layout-flex\"><ul class=\"blocks-gallery-grid\"><li class=\"blocks-gallery-item\"><figure><img loading=\"lazy\" decoding=\"async\" width=\"675\" height=\"450\" src=\"https:\/\/aconteceunovale.com.br\/portal\/wp-content\/uploads\/2020\/12\/cidade_adm.jpg\" alt=\"\" data-id=\"171419\" data-full-url=\"https:\/\/aconteceunovale.com.br\/portal\/wp-content\/uploads\/2020\/12\/cidade_adm.jpg\" data-link=\"https:\/\/aconteceunovale.com.br\/portal\/?attachment_id=171419\" class=\"wp-image-171419\" srcset=\"https:\/\/aconteceunovale.com.br\/portal\/wp-content\/uploads\/2020\/12\/cidade_adm.jpg 675w, https:\/\/aconteceunovale.com.br\/portal\/wp-content\/uploads\/2020\/12\/cidade_adm-300x200.jpg 300w, https:\/\/aconteceunovale.com.br\/portal\/wp-content\/uploads\/2020\/12\/cidade_adm-630x420.jpg 630w\" sizes=\"auto, (max-width: 675px) 100vw, 675px\" \/><figcaption class=\"blocks-gallery-item__caption\"><em>Cidade Administrativa &#8211; Foto: Gil Leonardi \/ Imprensa MG<\/em><\/figcaption><\/figure><\/li><\/ul><\/figure>\n\n\n\n<p class=\"has-white-color has-vivid-cyan-blue-background-color has-text-color has-background\">Quer saber as not\u00edcias do <strong>Aconteceu no Vale<\/strong> em primeira m\u00e3o? Siga-nos no Facebook <a rel=\"noreferrer noopener\" href=\"http:\/\/facebook.com\/aconteceunovale\" target=\"_blank\">@aconteceunovale<\/a>, Twitter <a rel=\"noreferrer noopener\" href=\"https:\/\/twitter.com\/noticiadosvales\" target=\"_blank\">@noticiadosvales<\/a> e Instagram <a rel=\"noreferrer noopener\" href=\"https:\/\/www.instagram.com\/aconteceunovale\" target=\"_blank\">@aconteceunovale<\/a>.<\/p>\n","protected":false},"excerpt":{"rendered":"<p>O\u00a0Governo de Minas\u00a0Gerais anunciou, nesta ter\u00e7a-feira (29\/12\/2020), a escala de pagamento do m\u00eas de janeiro de 2021, referente a dezembro de 2020. A primeira parcela ser\u00e1 paga no dia 11 de janeiro e a segunda no dia 20. Conforme os crit\u00e9rios j\u00e1 adotados nos meses anteriores, os servidores das \u00e1reas de Sa\u00fade e Seguran\u00e7a P\u00fablica, [&hellip;]<\/p>\n","protected":false},"author":4,"featured_media":171419,"comment_status":"open","ping_status":"closed","sticky":false,"template":"","format":"standard","meta":{"amp_status":"","footnotes":""},"categories":[123],"tags":[222086,1018,188792,188793,179027,179026,211497,211496,211498,188796,51191,224971,222083,188794,165569,188795,233548,164996,177628,233549],"class_list":["post-171418","post","type-post","status-publish","format-standard","has-post-thumbnail","hentry","category-gerais","tag-13o-de-2019-governo-de-minas","tag-destaque","tag-escala-de-pagamento-do-mes-de-dezembro-para-os-servidores-publicos","tag-escala-de-pagamento-do-mes-de-dezembro-para-os-servidores-publicos-de-minas-gerais","tag-escala-de-pagamento-governo-de-minas-gerais","tag-escala-governo-de-minas-gerais","tag-governo-de-minas-anuncia-escala-de-pagamento-para-dezembro","tag-governo-de-minas-anuncia-escala-de-pagamento-para-dezembro-e-quitacao-integral-do-13o-de-2018","tag-governo-de-minas-anuncia-escala-de-pagamento-para-o-mes-de-dezembro","tag-governo-de-minas-divulga-a-escala-de-pagamento-do-mes-de-dezembro","tag-governo-de-minas-gerais","tag-governo-de-minas-gerais-anuncia-escala-de-pagamento-dos-servidores","tag-governo-de-minas-gerais-anuncia-escala-de-pagamento-para-servidores","tag-governo-de-minas-gerais-divulga-escala-de-pagamento-de-dezembro-aos-servidores","tag-pagamento-13o-governo-de-minas","tag-pagamento-dezembro-governo-de-minas","tag-pagamento-do-salario-de-dezembro-do-governo-de-minas","tag-pagamento-governo-de-minas-dezembro","tag-pagamento-governo-de-minas-gerais","tag-salario-de-dezembro-governo-de-minas"],"_links":{"self":[{"href":"https:\/\/aconteceunovale.com.br\/portal\/index.php?rest_route=\/wp\/v2\/posts\/171418","targetHints":{"allow":["GET"]}}],"collection":[{"href":"https:\/\/aconteceunovale.com.br\/portal\/index.php?rest_route=\/wp\/v2\/posts"}],"about":[{"href":"https:\/\/aconteceunovale.com.br\/portal\/index.php?rest_route=\/wp\/v2\/types\/post"}],"author":[{"embeddable":true,"href":"https:\/\/aconteceunovale.com.br\/portal\/index.php?rest_route=\/wp\/v2\/users\/4"}],"replies":[{"embeddable":true,"href":"https:\/\/aconteceunovale.com.br\/portal\/index.php?rest_route=%2Fwp%2Fv2%2Fcomments&post=171418"}],"version-history":[{"count":1,"href":"https:\/\/aconteceunovale.com.br\/portal\/index.php?rest_route=\/wp\/v2\/posts\/171418\/revisions"}],"predecessor-version":[{"id":171420,"href":"https:\/\/aconteceunovale.com.br\/portal\/index.php?rest_route=\/wp\/v2\/posts\/171418\/revisions\/171420"}],"wp:featuredmedia":[{"embeddable":true,"href":"https:\/\/aconteceunovale.com.br\/portal\/index.php?rest_route=\/wp\/v2\/media\/171419"}],"wp:attachment":[{"href":"https:\/\/aconteceunovale.com.br\/portal\/index.php?rest_route=%2Fwp%2Fv2%2Fmedia&parent=171418"}],"wp:term":[{"taxonomy":"category","embeddable":true,"href":"https:\/\/aconteceunovale.com.br\/portal\/index.php?rest_route=%2Fwp%2Fv2%2Fcategories&post=171418"},{"taxonomy":"post_tag","embeddable":true,"href":"https:\/\/aconteceunovale.com.br\/portal\/index.php?rest_route=%2Fwp%2Fv2%2Ftags&post=171418"}],"curies":[{"name":"wp","href":"https:\/\/api.w.org\/{rel}","templated":true}]}}