{"id":171406,"date":"2020-12-29T13:10:50","date_gmt":"2020-12-29T16:10:50","guid":{"rendered":"https:\/\/aconteceunovale.com.br\/portal\/?p=171406"},"modified":"2020-12-29T13:12:15","modified_gmt":"2020-12-29T16:12:15","slug":"policia-militar-recupera-moto-furtada-em-governador-valadares","status":"publish","type":"post","link":"https:\/\/aconteceunovale.com.br\/portal\/?p=171406","title":{"rendered":"Pol\u00edcia Militar recupera moto furtada em Governador Valadares"},"content":{"rendered":"\n<p>Um adolescente de 17 anos foi detido na madrugada dessa ter\u00e7a-feira (29\/12\/2020), na zona rural de Engenheiro Caldas (MG), com uma motocicleta furtada em Governador Valadares (MG). Segundo informa\u00e7\u00f5es da Pol\u00edcia Militar, o menor foi abordado por uma equipe que fazia patrulhamento no distrito de Divino do Tra\u00edra.<\/p>\n\n\n\n<p>De acordo com a PM, o ve\u00edculo havia sido furtado nessa segunda-feira (28\/12) na regi\u00e3o central de Valadares. O adolescente negou ter envolvimento no crime e contou aos militares que teria comprado o ve\u00edculo por R$ 1.000 de um desconhecido.<\/p>\n\n\n\n<p>O menor foi detido e encaminhado \u00e0 Delegacia de Pol\u00edcia Civil acompanhado da av\u00f3. A moto foi levada para um p\u00e1tio credenciado ao Detran.<\/p>\n\n\n\n<figure class=\"wp-block-gallery columns-1 is-cropped wp-block-gallery-1 is-layout-flex wp-block-gallery-is-layout-flex\"><ul class=\"blocks-gallery-grid\"><li class=\"blocks-gallery-item\"><figure><img loading=\"lazy\" decoding=\"async\" width=\"678\" height=\"447\" src=\"https:\/\/aconteceunovale.com.br\/portal\/wp-content\/uploads\/2020\/12\/moto_gv.jpg\" alt=\"\" data-id=\"171407\" data-full-url=\"https:\/\/aconteceunovale.com.br\/portal\/wp-content\/uploads\/2020\/12\/moto_gv.jpg\" data-link=\"https:\/\/aconteceunovale.com.br\/portal\/?attachment_id=171407\" class=\"wp-image-171407\" srcset=\"https:\/\/aconteceunovale.com.br\/portal\/wp-content\/uploads\/2020\/12\/moto_gv.jpg 678w, https:\/\/aconteceunovale.com.br\/portal\/wp-content\/uploads\/2020\/12\/moto_gv-300x198.jpg 300w, https:\/\/aconteceunovale.com.br\/portal\/wp-content\/uploads\/2020\/12\/moto_gv-637x420.jpg 637w\" sizes=\"auto, (max-width: 678px) 100vw, 678px\" \/><figcaption class=\"blocks-gallery-item__caption\"><em>Foto: Pol\u00edcia Militar\/Divulga\u00e7\u00e3o<\/em><\/figcaption><\/figure><\/li><\/ul><\/figure>\n\n\n\n<p class=\"has-white-color has-vivid-cyan-blue-background-color has-text-color has-background\">Quer saber as not\u00edcias do <strong>Aconteceu no Vale<\/strong> em primeira m\u00e3o? Siga-nos no Facebook <a rel=\"noreferrer noopener\" href=\"http:\/\/facebook.com\/aconteceunovale\" target=\"_blank\">@aconteceunovale<\/a>, Twitter <a rel=\"noreferrer noopener\" href=\"https:\/\/twitter.com\/noticiadosvales\" target=\"_blank\">@noticiadosvales<\/a> e Instagram <a rel=\"noreferrer noopener\" href=\"https:\/\/www.instagram.com\/aconteceunovale\" target=\"_blank\">@aconteceunovale<\/a>.<\/p>\n","protected":false},"excerpt":{"rendered":"<p>Um adolescente de 17 anos foi detido na madrugada dessa ter\u00e7a-feira (29\/12\/2020), na zona rural de Engenheiro Caldas (MG), com uma motocicleta furtada em Governador Valadares (MG). Segundo informa\u00e7\u00f5es da Pol\u00edcia Militar, o menor foi abordado por uma equipe que fazia patrulhamento no distrito de Divino do Tra\u00edra. De acordo com a PM, o ve\u00edculo [&hellip;]<\/p>\n","protected":false},"author":4,"featured_media":171407,"comment_status":"open","ping_status":"closed","sticky":false,"template":"","format":"standard","meta":{"amp_status":"","footnotes":""},"categories":[121],"tags":[233535,288,247,233534,233533,142974,204198,233532],"class_list":["post-171406","post","type-post","status-publish","format-standard","has-post-thumbnail","hentry","category-leste","tag-divino-do-traira","tag-engenheiro-caldas","tag-governador-valadares","tag-moto-apreendida-em-divino-do-traira","tag-moto-apreendida-em-engenheiro-caldas","tag-moto-furtada-em-governador-valadares","tag-moto-roubada-em-governador-valadares","tag-policia-militar-recupera-moto-furtada-em-governador-valadares"],"_links":{"self":[{"href":"https:\/\/aconteceunovale.com.br\/portal\/index.php?rest_route=\/wp\/v2\/posts\/171406","targetHints":{"allow":["GET"]}}],"collection":[{"href":"https:\/\/aconteceunovale.com.br\/portal\/index.php?rest_route=\/wp\/v2\/posts"}],"about":[{"href":"https:\/\/aconteceunovale.com.br\/portal\/index.php?rest_route=\/wp\/v2\/types\/post"}],"author":[{"embeddable":true,"href":"https:\/\/aconteceunovale.com.br\/portal\/index.php?rest_route=\/wp\/v2\/users\/4"}],"replies":[{"embeddable":true,"href":"https:\/\/aconteceunovale.com.br\/portal\/index.php?rest_route=%2Fwp%2Fv2%2Fcomments&post=171406"}],"version-history":[{"count":2,"href":"https:\/\/aconteceunovale.com.br\/portal\/index.php?rest_route=\/wp\/v2\/posts\/171406\/revisions"}],"predecessor-version":[{"id":171409,"href":"https:\/\/aconteceunovale.com.br\/portal\/index.php?rest_route=\/wp\/v2\/posts\/171406\/revisions\/171409"}],"wp:featuredmedia":[{"embeddable":true,"href":"https:\/\/aconteceunovale.com.br\/portal\/index.php?rest_route=\/wp\/v2\/media\/171407"}],"wp:attachment":[{"href":"https:\/\/aconteceunovale.com.br\/portal\/index.php?rest_route=%2Fwp%2Fv2%2Fmedia&parent=171406"}],"wp:term":[{"taxonomy":"category","embeddable":true,"href":"https:\/\/aconteceunovale.com.br\/portal\/index.php?rest_route=%2Fwp%2Fv2%2Fcategories&post=171406"},{"taxonomy":"post_tag","embeddable":true,"href":"https:\/\/aconteceunovale.com.br\/portal\/index.php?rest_route=%2Fwp%2Fv2%2Ftags&post=171406"}],"curies":[{"name":"wp","href":"https:\/\/api.w.org\/{rel}","templated":true}]}}