{"id":171403,"date":"2020-12-29T13:02:11","date_gmt":"2020-12-29T16:02:11","guid":{"rendered":"https:\/\/aconteceunovale.com.br\/portal\/?p=171403"},"modified":"2020-12-29T13:02:29","modified_gmt":"2020-12-29T16:02:29","slug":"jovem-e-preso-com-arma-e-municoes-no-norte-de-minas-apos-ser-denunciado-por-ex-companheira","status":"publish","type":"post","link":"https:\/\/aconteceunovale.com.br\/portal\/?p=171403","title":{"rendered":"Jovem \u00e9 preso com arma e muni\u00e7\u00f5es no Norte de Minas ap\u00f3s ser denunciado por ex-companheira"},"content":{"rendered":"\n<p>Um jovem de 23 anos foi preso com uma pistola e 27 muni\u00e7\u00f5es em Pai Pedro, na regi\u00e3o Norte de Minas Gerais. Ele foi abordado ap\u00f3s ser denunciado pela ex-companheira.<\/p>\n\n\n\n<p>Segundo informa\u00e7\u00f5es da Pol\u00edcia Militar (PM), a mulher relatou que o rapaz morava em Jana\u00faba e estava na cidade armado com a inten\u00e7\u00e3o de mat\u00e1-la.<\/p>\n\n\n\n<p>Os militares fizeram rastreamento e localizaram o suspeito com uma pistola calibre 380 com 10 muni\u00e7\u00f5es intactas. Outras 17 muni\u00e7\u00f5es do mesmo calibre foram apreendidas com ele.<\/p>\n\n\n\n<p>Ainda de acordo com a pol\u00edcia, o jovem negou que pretendia matar a ex-mulher e disse que estava armado para garantir sua pr\u00f3pria seguran\u00e7a. Ele n\u00e3o tinha passagens pela pol\u00edcia e foi encaminhado \u00e0 Delegacia de Pol\u00edcia Civil.<\/p>\n\n\n\n<figure class=\"wp-block-gallery columns-1 is-cropped wp-block-gallery-1 is-layout-flex wp-block-gallery-is-layout-flex\"><ul class=\"blocks-gallery-grid\"><li class=\"blocks-gallery-item\"><figure><img loading=\"lazy\" decoding=\"async\" width=\"674\" height=\"450\" src=\"https:\/\/aconteceunovale.com.br\/portal\/wp-content\/uploads\/2020\/12\/arma_pai_pedro.jpeg\" alt=\"\" data-id=\"171404\" data-full-url=\"https:\/\/aconteceunovale.com.br\/portal\/wp-content\/uploads\/2020\/12\/arma_pai_pedro.jpeg\" data-link=\"https:\/\/aconteceunovale.com.br\/portal\/?attachment_id=171404\" class=\"wp-image-171404\" srcset=\"https:\/\/aconteceunovale.com.br\/portal\/wp-content\/uploads\/2020\/12\/arma_pai_pedro.jpeg 674w, https:\/\/aconteceunovale.com.br\/portal\/wp-content\/uploads\/2020\/12\/arma_pai_pedro-300x200.jpeg 300w, https:\/\/aconteceunovale.com.br\/portal\/wp-content\/uploads\/2020\/12\/arma_pai_pedro-629x420.jpeg 629w\" sizes=\"auto, (max-width: 674px) 100vw, 674px\" \/><figcaption class=\"blocks-gallery-item__caption\"><em>Foto: Pol\u00edcia Militar\/Divulga\u00e7\u00e3o<\/em><\/figcaption><\/figure><\/li><\/ul><\/figure>\n\n\n\n<p class=\"has-white-color has-vivid-cyan-blue-background-color has-text-color has-background\">Quer saber as not\u00edcias do <strong>Aconteceu no Vale<\/strong> em primeira m\u00e3o? Siga-nos no Facebook <a rel=\"noreferrer noopener\" href=\"http:\/\/facebook.com\/aconteceunovale\" target=\"_blank\">@aconteceunovale<\/a>, Twitter <a rel=\"noreferrer noopener\" href=\"https:\/\/twitter.com\/noticiadosvales\" target=\"_blank\">@noticiadosvales<\/a> e Instagram <a rel=\"noreferrer noopener\" href=\"https:\/\/www.instagram.com\/aconteceunovale\" target=\"_blank\">@aconteceunovale<\/a>.<\/p>\n","protected":false},"excerpt":{"rendered":"<p>Um jovem de 23 anos foi preso com uma pistola e 27 muni\u00e7\u00f5es em Pai Pedro, na regi\u00e3o Norte de Minas Gerais. Ele foi abordado ap\u00f3s ser denunciado pela ex-companheira. Segundo informa\u00e7\u00f5es da Pol\u00edcia Militar (PM), a mulher relatou que o rapaz morava em Jana\u00faba e estava na cidade armado com a inten\u00e7\u00e3o de mat\u00e1-la. [&hellip;]<\/p>\n","protected":false},"author":4,"featured_media":171404,"comment_status":"open","ping_status":"closed","sticky":false,"template":"","format":"standard","meta":{"amp_status":"","footnotes":""},"categories":[1236],"tags":[233531,233530,1018,204,233528,233527,3059,233529],"class_list":["post-171403","post","type-post","status-publish","format-standard","has-post-thumbnail","hentry","category-norte_de_minas","tag-apreensao-de-arma-em-pai-pedro","tag-arma-apreendida-em-pai-pedro","tag-destaque","tag-janauba","tag-jovem-e-preso-com-arma-e-municoes-em-pai-pedro-apos-ser-denunciado-por-ex-companheira","tag-jovem-e-preso-com-arma-e-municoes-no-norte-de-minas-apos-ser-denunciado-por-ex-companheira","tag-pai-pedro","tag-preso-em-pai-pedro"],"_links":{"self":[{"href":"https:\/\/aconteceunovale.com.br\/portal\/index.php?rest_route=\/wp\/v2\/posts\/171403","targetHints":{"allow":["GET"]}}],"collection":[{"href":"https:\/\/aconteceunovale.com.br\/portal\/index.php?rest_route=\/wp\/v2\/posts"}],"about":[{"href":"https:\/\/aconteceunovale.com.br\/portal\/index.php?rest_route=\/wp\/v2\/types\/post"}],"author":[{"embeddable":true,"href":"https:\/\/aconteceunovale.com.br\/portal\/index.php?rest_route=\/wp\/v2\/users\/4"}],"replies":[{"embeddable":true,"href":"https:\/\/aconteceunovale.com.br\/portal\/index.php?rest_route=%2Fwp%2Fv2%2Fcomments&post=171403"}],"version-history":[{"count":1,"href":"https:\/\/aconteceunovale.com.br\/portal\/index.php?rest_route=\/wp\/v2\/posts\/171403\/revisions"}],"predecessor-version":[{"id":171405,"href":"https:\/\/aconteceunovale.com.br\/portal\/index.php?rest_route=\/wp\/v2\/posts\/171403\/revisions\/171405"}],"wp:featuredmedia":[{"embeddable":true,"href":"https:\/\/aconteceunovale.com.br\/portal\/index.php?rest_route=\/wp\/v2\/media\/171404"}],"wp:attachment":[{"href":"https:\/\/aconteceunovale.com.br\/portal\/index.php?rest_route=%2Fwp%2Fv2%2Fmedia&parent=171403"}],"wp:term":[{"taxonomy":"category","embeddable":true,"href":"https:\/\/aconteceunovale.com.br\/portal\/index.php?rest_route=%2Fwp%2Fv2%2Fcategories&post=171403"},{"taxonomy":"post_tag","embeddable":true,"href":"https:\/\/aconteceunovale.com.br\/portal\/index.php?rest_route=%2Fwp%2Fv2%2Ftags&post=171403"}],"curies":[{"name":"wp","href":"https:\/\/api.w.org\/{rel}","templated":true}]}}