{"id":171386,"date":"2020-12-29T09:56:32","date_gmt":"2020-12-29T12:56:32","guid":{"rendered":"https:\/\/aconteceunovale.com.br\/portal\/?p=171386"},"modified":"2020-12-29T09:58:05","modified_gmt":"2020-12-29T12:58:05","slug":"detran-mg-suspende-emissao-de-documentos-de-veiculos-para-implantacao-de-novo-sistema-de-transferencia","status":"publish","type":"post","link":"https:\/\/aconteceunovale.com.br\/portal\/?p=171386","title":{"rendered":"Detran-MG suspende emiss\u00e3o de documentos de ve\u00edculos para implanta\u00e7\u00e3o de novo sistema de transfer\u00eancia"},"content":{"rendered":"\n<p>O\u00a0<a rel=\"noreferrer noopener\" href=\"http:\/\/www.detran.mg.gov.br\/\" target=\"_blank\">Departamento de Tr\u00e2nsito de Minas Gerais (Detran-MG)<\/a>\u00a0suspender\u00e1, de\u00a030\/12\/2020 a 6\/1\/2021, a emiss\u00e3o de documentos para os servi\u00e7os de registro de ve\u00edculo zero, transfer\u00eancia de propriedade e altera\u00e7\u00e3o de dados de ve\u00edculo. O motivo, conforme a\u00a0<a rel=\"noreferrer noopener\" href=\"http:\/\/www.policiacivil.mg.gov.br\/\" target=\"_blank\">Pol\u00edcia Civil de Minas Gerais (PCMG)<\/a>, \u00e9 a transi\u00e7\u00e3o para o modelo eletr\u00f4nico do Certificado de Registro de Ve\u00edculo (CRV-e) e da Autoriza\u00e7\u00e3o para Transfer\u00eancia de Propriedade do Ve\u00edculo eletr\u00f4nica (ATPV-e).<\/p>\n\n\n\n<p>A medida, que segue a\u00a0<a rel=\"noreferrer noopener\" href=\"https:\/\/www.in.gov.br\/en\/web\/dou\/-\/resolucao-contran-n-809-de-15-de-dezembro-de-2020-296178226\" target=\"_blank\">Resolu\u00e7\u00e3o n\u00ba 809 do Conselho Nacional de Tr\u00e2nsito (Contran)<\/a>, vale para a Divis\u00e3o de Registro de Ve\u00edculos (DRV), em Belo Horizonte, e para as Circunscri\u00e7\u00f5es Regionais de Tr\u00e2nsito (Ciretran), no interior.<\/p>\n\n\n\n<p>A previs\u00e3o \u00e9 de que os servi\u00e7os voltem a ser oferecidos normalmente em 7\/1\/2021.<\/p>\n\n\n\n<h2 class=\"wp-block-heading\"><strong>Sistema<\/strong><\/h2>\n\n\n\n<p>Durante o per\u00edodo de suspens\u00e3o, o sistema de inform\u00e1tica do Detran-MG passar\u00e1 por adequa\u00e7\u00e3o para que seja feito o gerenciamento das informa\u00e7\u00f5es da frota de ve\u00edculos do estado, impossibilitando, temporariamente, a conclus\u00e3o dos processos e emiss\u00e3o do documento ap\u00f3s as vistorias.<\/p>\n\n\n\n<p>Os prazos para servi\u00e7os de ve\u00edculos que, porventura, vencerem durante a suspens\u00e3o ser\u00e3o automaticamente prorrogados, sem qualquer preju\u00edzo para os cidad\u00e3os.<\/p>\n\n\n\n<h2 class=\"wp-block-heading\"><strong>Mais moderno<\/strong><\/h2>\n\n\n\n<p>O objetivo da nova Autoriza\u00e7\u00e3o para Transfer\u00eancia de Propriedade do Ve\u00edculo eletr\u00f4nica (ATPV-e) \u00e9 simplificar o processo na compra e venda dos automotores, por meio de itens de seguran\u00e7a mais modernos, como o QR-Code. A ATPV-e substitui a vers\u00e3o em papel moeda do antigo Certificado de Registro de Ve\u00edculo (CRV), documento no qual o comprador e o vendedor declaram estar de acordo com a transfer\u00eancia da propriedade.<\/p>\n\n\n\n<p>A ATPV-e poder\u00e1 ser utilizada na vers\u00e3o eletr\u00f4nica ou impressa em papel comum. Quando o propriet\u00e1rio vendedor e o comprador possu\u00edrem os requisitos necess\u00e1rios para assinatura eletr\u00f4nica da ATPV-e, o preenchimento e a assinatura poder\u00e3o ocorrer nos sistemas do Departamento Nacional de Tr\u00e2nsito (Denatran), \u00f3rg\u00e3o da Uni\u00e3o, ou dos Detrans, nos estados. Caso contr\u00e1rio, a op\u00e7\u00e3o ser\u00e1 a vers\u00e3o impressa, devendo a ATPV-e ser assinada e conter o reconhecimento de firma do vendedor e do comprador por autentica\u00e7\u00e3o.<\/p>\n\n\n\n<p>CRVs at\u00e9 ent\u00e3o emitidos em papel moeda continuar\u00e3o sendo v\u00e1lidos por tempo indeterminado. Portanto, quem possuir a antiga vers\u00e3o do documento n\u00e3o precisar\u00e1 realizar a solicita\u00e7\u00e3o de um novo Certificado de Registro de Ve\u00edculo.<\/p>\n\n\n\n<p class=\"has-white-color has-vivid-cyan-blue-background-color has-text-color has-background\">Quer saber as not\u00edcias do <strong>Aconteceu no Vale<\/strong> em primeira m\u00e3o? Siga-nos no Facebook <a rel=\"noreferrer noopener\" href=\"http:\/\/facebook.com\/aconteceunovale\" target=\"_blank\">@aconteceunovale<\/a>, Twitter <a rel=\"noreferrer noopener\" href=\"https:\/\/twitter.com\/noticiadosvales\" target=\"_blank\">@noticiadosvales<\/a> e Instagram <a rel=\"noreferrer noopener\" href=\"https:\/\/www.instagram.com\/aconteceunovale\" target=\"_blank\">@aconteceunovale<\/a>.<\/p>\n","protected":false},"excerpt":{"rendered":"<p>O\u00a0Departamento de Tr\u00e2nsito de Minas Gerais (Detran-MG)\u00a0suspender\u00e1, de\u00a030\/12\/2020 a 6\/1\/2021, a emiss\u00e3o de documentos para os servi\u00e7os de registro de ve\u00edculo zero, transfer\u00eancia de propriedade e altera\u00e7\u00e3o de dados de ve\u00edculo. O motivo, conforme a\u00a0Pol\u00edcia Civil de Minas Gerais (PCMG), \u00e9 a transi\u00e7\u00e3o para o modelo eletr\u00f4nico do Certificado de Registro de Ve\u00edculo (CRV-e) e [&hellip;]<\/p>\n","protected":false},"author":4,"featured_media":154236,"comment_status":"open","ping_status":"closed","sticky":false,"template":"","format":"standard","meta":{"amp_status":"","footnotes":""},"categories":[123],"tags":[233492,1243,233489,233488,604,233490,233491],"class_list":["post-171386","post","type-post","status-publish","format-standard","has-post-thumbnail","hentry","category-gerais","tag-crv-eletronico-em-minas-gerais","tag-detran-mg","tag-emissao-de-documentos-de-veiculos-em-minas-gerais","tag-novo-sistema-de-transferencia-de-veiculos-em-minas-gerais","tag-pcmg","tag-registro-de-veiculo-em-minas-gerais","tag-transferencia-de-veiculo-em-minas-gerais"],"_links":{"self":[{"href":"https:\/\/aconteceunovale.com.br\/portal\/index.php?rest_route=\/wp\/v2\/posts\/171386","targetHints":{"allow":["GET"]}}],"collection":[{"href":"https:\/\/aconteceunovale.com.br\/portal\/index.php?rest_route=\/wp\/v2\/posts"}],"about":[{"href":"https:\/\/aconteceunovale.com.br\/portal\/index.php?rest_route=\/wp\/v2\/types\/post"}],"author":[{"embeddable":true,"href":"https:\/\/aconteceunovale.com.br\/portal\/index.php?rest_route=\/wp\/v2\/users\/4"}],"replies":[{"embeddable":true,"href":"https:\/\/aconteceunovale.com.br\/portal\/index.php?rest_route=%2Fwp%2Fv2%2Fcomments&post=171386"}],"version-history":[{"count":1,"href":"https:\/\/aconteceunovale.com.br\/portal\/index.php?rest_route=\/wp\/v2\/posts\/171386\/revisions"}],"predecessor-version":[{"id":171387,"href":"https:\/\/aconteceunovale.com.br\/portal\/index.php?rest_route=\/wp\/v2\/posts\/171386\/revisions\/171387"}],"wp:featuredmedia":[{"embeddable":true,"href":"https:\/\/aconteceunovale.com.br\/portal\/index.php?rest_route=\/wp\/v2\/media\/154236"}],"wp:attachment":[{"href":"https:\/\/aconteceunovale.com.br\/portal\/index.php?rest_route=%2Fwp%2Fv2%2Fmedia&parent=171386"}],"wp:term":[{"taxonomy":"category","embeddable":true,"href":"https:\/\/aconteceunovale.com.br\/portal\/index.php?rest_route=%2Fwp%2Fv2%2Fcategories&post=171386"},{"taxonomy":"post_tag","embeddable":true,"href":"https:\/\/aconteceunovale.com.br\/portal\/index.php?rest_route=%2Fwp%2Fv2%2Ftags&post=171386"}],"curies":[{"name":"wp","href":"https:\/\/api.w.org\/{rel}","templated":true}]}}