{"id":171383,"date":"2020-12-29T00:23:55","date_gmt":"2020-12-29T03:23:55","guid":{"rendered":"https:\/\/aconteceunovale.com.br\/portal\/?p=171383"},"modified":"2020-12-29T00:26:02","modified_gmt":"2020-12-29T03:26:02","slug":"apos-retomada-das-atividades-mineradora-samarco-estima-em-9-anos-prazo-para-alcancar-patamar-anterior","status":"publish","type":"post","link":"https:\/\/aconteceunovale.com.br\/portal\/?p=171383","title":{"rendered":"Ap\u00f3s retomada das atividades, mineradora Samarco estima em 9 anos prazo para alcan\u00e7ar patamar anterior"},"content":{"rendered":"\n<p>A mineradora Samarco estima que somente em 2029 dever\u00e1 alcan\u00e7ar uma escala de produ\u00e7\u00e3o entre 22 e 24 milh\u00f5es de toneladas de min\u00e9rio de ferro por ano. Este \u00e9 o patamar em que ela estava antes da trag\u00e9dia de Mariana (MG), decorrente do rompimento da barragem de Fund\u00e3o ocorrida em novembro de 2015, que causou a morte de 19 pessoas e impactos ambientais e socioecon\u00f4micos ao longo de dezenas de munic\u00edpios da bacia do Rio Doce.<img decoding=\"async\" src=\"https:\/\/agenciabrasil.ebc.com.br\/ebc.png?id=1397478&amp;o=node\"><img decoding=\"async\" src=\"https:\/\/agenciabrasil.ebc.com.br\/ebc.gif?id=1397478&amp;o=node\"><\/p>\n\n\n\n<p>Na \u00faltima quarta-feira (23), pouco mais de cinco anos ap\u00f3s o epis\u00f3dio, a mineradora reiniciou a produ\u00e7\u00e3o por meio das atividades integradas em seus dois complexos operacionais: um em Mariana (MG), onde ocorre a extra\u00e7\u00e3o e o beneficiamento do min\u00e9rio de ferro, e outro em Anchieta (ES), no qual \u00e9 feita a pelotiza\u00e7\u00e3o.<\/p>\n\n\n\n<p>Em 2014, no ano anterior ao rompimento, a Samarco produziu aproximadamente 25 milh\u00f5es de toneladas de min\u00e9rio de ferro. A mineradora estima que suas instala\u00e7\u00f5es possuem potencial para chegar a 30 milh\u00f5es de toneladas por ano. Nesse primeiro momento ap\u00f3s a retomada, ser\u00e1 utilizada 26% da capacidade total: a expectativa \u00e9 de uma produ\u00e7\u00e3o entre 7 e 8 milh\u00f5es de toneladas por ano.<\/p>\n\n\n\n<p>Por ora, apenas um dos seus tr\u00eas concentradores entrou em opera\u00e7\u00e3o. O aumento da produ\u00e7\u00e3o depender\u00e1 do aval dos \u00f3rg\u00e3os ambientais respons\u00e1veis pela emiss\u00e3o das licen\u00e7as e da aprova\u00e7\u00e3o dos acionistas. A previs\u00e3o \u00e9 de que o segundo concentrador comece a operar em seis anos, e o terceiro em nove anos.<\/p>\n\n\n\n<figure class=\"wp-block-gallery columns-1 is-cropped wp-block-gallery-1 is-layout-flex wp-block-gallery-is-layout-flex\"><ul class=\"blocks-gallery-grid\"><li class=\"blocks-gallery-item\"><figure><img loading=\"lazy\" decoding=\"async\" width=\"678\" height=\"406\" src=\"https:\/\/aconteceunovale.com.br\/portal\/wp-content\/uploads\/2020\/12\/samarco_retomada.jpg\" alt=\"\" data-id=\"171384\" data-full-url=\"https:\/\/aconteceunovale.com.br\/portal\/wp-content\/uploads\/2020\/12\/samarco_retomada.jpg\" data-link=\"https:\/\/aconteceunovale.com.br\/portal\/?attachment_id=171384\" class=\"wp-image-171384\" srcset=\"https:\/\/aconteceunovale.com.br\/portal\/wp-content\/uploads\/2020\/12\/samarco_retomada.jpg 678w, https:\/\/aconteceunovale.com.br\/portal\/wp-content\/uploads\/2020\/12\/samarco_retomada-300x180.jpg 300w\" sizes=\"auto, (max-width: 678px) 100vw, 678px\" \/><figcaption class=\"blocks-gallery-item__caption\"><em>Foto: T\u00e2nia R\u00eago\/Ag\u00eancia Brasil<\/em><\/figcaption><\/figure><\/li><\/ul><\/figure>\n\n\n\n<h2 class=\"wp-block-heading\">Paralisa\u00e7\u00e3o<\/h2>\n\n\n\n<p>Todas atividades da mineradora estavam suspensas desde a trag\u00e9dia. Durante o\u00a0per\u00edodo de paralisa\u00e7\u00e3o, foram negociados com os funcion\u00e1rios uma s\u00e9rie de medidas, como f\u00e9rias coletivas, suspens\u00e3o de contrato de trabalho, programas de demiss\u00e3o volunt\u00e1ria (PDVs).<\/p>\n\n\n\n<p>A Samarco chegou a planejar a volta para 2017 e depois para 2018, mas ap\u00f3s sucessivos contratempos, parou de divulgar estimativas. Diversas obras foram necess\u00e1rias para se obter a Licen\u00e7a Operacional Corretiva (LOC), que restabelece todas as licen\u00e7as que foram suspensas pela Secretaria de Meio Ambiente e Desenvolvimento Sustent\u00e1vel de Minas Gerais (Semad). Al\u00e9m disso, foi solicitada ao Instituto Brasileiro do Meio Ambiente e dos Recursos Naturais Renov\u00e1veis (Ibama) uma licen\u00e7a unificada com validade de 10 anos para opera\u00e7\u00e3o dos tr\u00eas minerodutos que interligam os complexos situados em Mariana e em Anchieta.<\/p>\n\n\n\n<p>Houve ainda\u00a0desentendimentos com a prefeitura\u00a0de Santa B\u00e1rbara (MG), que impossibilitou a mineradora de continuar a realizar uma capta\u00e7\u00e3o de \u00e1gua no munic\u00edpio. Pressionada pelo Minist\u00e9rio P\u00fablico de Minas Gerais (MPMG), a mineradora tamb\u00e9m concordou com a contrata\u00e7\u00e3o de uma auditoria t\u00e9cnica independente para acompanhar a retomada das atividades.<\/p>\n\n\n\n<h2 class=\"wp-block-heading\">Repara\u00e7\u00e3o lenta<\/h2>\n\n\n\n<p>O processo de repara\u00e7\u00e3o dos preju\u00edzos da trag\u00e9dia, contudo, ainda tem diversos gargalos. No m\u00eas passado, no balan\u00e7o de\u00a0cinco anos do epis\u00f3dio, o MP-MG e o Minist\u00e9rio P\u00fablico Federal (MPF) lamentaram que nenhuma das medidas foi integralmente conclu\u00edda at\u00e9 o momento: as obras para reconstru\u00e7\u00e3o das comunidades destru\u00eddas permanecem em andamento e a maior parte das indeniza\u00e7\u00f5es ainda n\u00e3o foi paga. As a\u00e7\u00f5es est\u00e3o a cargo da Funda\u00e7\u00e3o Renova, criada conforme acordo firmado ap\u00f3s a trag\u00e9dia entre a Samarco, suas acionistas Vale e BHP Billiton, o governo federal e os governos de Minas Gerais e do Esp\u00edrito Santo.<\/p>\n\n\n\n<p>O MPMG e o MPF entendem que a entidade n\u00e3o possui, na pr\u00e1tica, a\u00a0autonomia necess\u00e1ria\u00a0frente \u00e0s mineradoras. Em diversas ocasi\u00f5es nos \u00faltimos anos, promotores e procuradores defenderam que as licen\u00e7as para a retomada s\u00f3 fossem concedidas ap\u00f3s a quita\u00e7\u00e3o integral das\u00a0indeniza\u00e7\u00f5es individuais. Essa tamb\u00e9m era a cobran\u00e7a dos atingidos. &#8220;O lucro dos acionistas sempre esteve \u00e0 frente da prote\u00e7\u00e3o da vida e do meio ambiente amea\u00e7ado por seus empreendimentos&#8221;, postou em suas redes o Movimento dos Atingidos por Barragem (MAB), quando a LOC foi concedida em outubro de 2019.<\/p>\n\n\n\n<p>Segundo a Samarco, embora j\u00e1 pudesse voltar a operar no ano passado, optou-se por aguardar a conclus\u00e3o da implementa\u00e7\u00e3o de um novo sistema e de novos processos de disposi\u00e7\u00e3o de rejeitos. Para tanto foram feitas obras na Cava de Alegria do Sul, que tiveram\u00a0in\u00edcio em 2018, e a instala\u00e7\u00e3o da planta de filtragem a seco. N\u00e3o haver\u00e1 mais uso de barragem. A mineradora sustenta que adotou novas tecnologias para garantir seguran\u00e7a e sustentabilidade e afirma que 80% do total de rejeitos gerados ap\u00f3s o beneficiamento ser\u00e3o empilhados a seco.<\/p>\n\n\n\n<p>&#8220;Os 20% de res\u00edduos remanescentes, compostos por \u00e1gua e [res\u00edduos] finos de min\u00e9rio, ser\u00e3o levados para a Cava Alegria Sul, um espa\u00e7o confinado em uma estrutura de forma\u00e7\u00e3o natural rochosa que aumenta a seguran\u00e7a. No sistema de filtragem de rejeitos, espera-se que toda a \u00e1gua extra\u00edda seja reutilizada nas opera\u00e7\u00f5es, refor\u00e7ando as pr\u00e1ticas de sustentabilidade inovadoras dos processos da Samarco&#8221;, diz em nota a mineradora.<\/p>\n\n\n\n<p class=\"has-white-color has-vivid-cyan-blue-background-color has-text-color has-background\">Quer saber as not\u00edcias do <strong>Aconteceu no Vale<\/strong> em primeira m\u00e3o? Siga-nos no Facebook <a rel=\"noreferrer noopener\" href=\"http:\/\/facebook.com\/aconteceunovale\" target=\"_blank\">@aconteceunovale<\/a>, Twitter <a rel=\"noreferrer noopener\" href=\"https:\/\/twitter.com\/noticiadosvales\" target=\"_blank\">@noticiadosvales<\/a> e Instagram <a rel=\"noreferrer noopener\" href=\"https:\/\/www.instagram.com\/aconteceunovale\" target=\"_blank\">@aconteceunovale<\/a>.<\/p>\n","protected":false},"excerpt":{"rendered":"<p>A mineradora Samarco estima que somente em 2029 dever\u00e1 alcan\u00e7ar uma escala de produ\u00e7\u00e3o entre 22 e 24 milh\u00f5es de toneladas de min\u00e9rio de ferro por ano. Este \u00e9 o patamar em que ela estava antes da trag\u00e9dia de Mariana (MG), decorrente do rompimento da barragem de Fund\u00e3o ocorrida em novembro de 2015, que causou [&hellip;]<\/p>\n","protected":false},"author":4,"featured_media":171384,"comment_status":"open","ping_status":"closed","sticky":false,"template":"","format":"standard","meta":{"amp_status":"","footnotes":""},"categories":[123],"tags":[77897,21801,65265,1018,122011,7363,65266,19675,233486,233484,233487,32642,233483,233485,3693,65508],"class_list":["post-171383","post","type-post","status-publish","format-standard","has-post-thumbnail","hentry","category-gerais","tag-anchieta","tag-bacia-do-rio-doce","tag-barragem-de-fundao","tag-destaque","tag-fundacao-renova","tag-mariana","tag-mineradora-samarco","tag-mpmg","tag-producao-de-minerio-em-mariana","tag-retomada-das-atividades-da-samarco","tag-retomada-das-atividades-da-samarco-em-mariana","tag-samarco","tag-samarco-estima-em-9-anos-prazo-para-alcancar-patamar-anterior","tag-samarco-retoma-atividades","tag-santa-barbara","tag-tragedia-de-mariana"],"_links":{"self":[{"href":"https:\/\/aconteceunovale.com.br\/portal\/index.php?rest_route=\/wp\/v2\/posts\/171383","targetHints":{"allow":["GET"]}}],"collection":[{"href":"https:\/\/aconteceunovale.com.br\/portal\/index.php?rest_route=\/wp\/v2\/posts"}],"about":[{"href":"https:\/\/aconteceunovale.com.br\/portal\/index.php?rest_route=\/wp\/v2\/types\/post"}],"author":[{"embeddable":true,"href":"https:\/\/aconteceunovale.com.br\/portal\/index.php?rest_route=\/wp\/v2\/users\/4"}],"replies":[{"embeddable":true,"href":"https:\/\/aconteceunovale.com.br\/portal\/index.php?rest_route=%2Fwp%2Fv2%2Fcomments&post=171383"}],"version-history":[{"count":1,"href":"https:\/\/aconteceunovale.com.br\/portal\/index.php?rest_route=\/wp\/v2\/posts\/171383\/revisions"}],"predecessor-version":[{"id":171385,"href":"https:\/\/aconteceunovale.com.br\/portal\/index.php?rest_route=\/wp\/v2\/posts\/171383\/revisions\/171385"}],"wp:featuredmedia":[{"embeddable":true,"href":"https:\/\/aconteceunovale.com.br\/portal\/index.php?rest_route=\/wp\/v2\/media\/171384"}],"wp:attachment":[{"href":"https:\/\/aconteceunovale.com.br\/portal\/index.php?rest_route=%2Fwp%2Fv2%2Fmedia&parent=171383"}],"wp:term":[{"taxonomy":"category","embeddable":true,"href":"https:\/\/aconteceunovale.com.br\/portal\/index.php?rest_route=%2Fwp%2Fv2%2Fcategories&post=171383"},{"taxonomy":"post_tag","embeddable":true,"href":"https:\/\/aconteceunovale.com.br\/portal\/index.php?rest_route=%2Fwp%2Fv2%2Ftags&post=171383"}],"curies":[{"name":"wp","href":"https:\/\/api.w.org\/{rel}","templated":true}]}}