{"id":171377,"date":"2020-12-28T19:50:20","date_gmt":"2020-12-28T22:50:20","guid":{"rendered":"https:\/\/aconteceunovale.com.br\/portal\/?p=171377"},"modified":"2020-12-28T19:50:56","modified_gmt":"2020-12-28T22:50:56","slug":"brasil-ultrapassa-marca-de-75-milhoes-de-casos-de-covid-19","status":"publish","type":"post","link":"https:\/\/aconteceunovale.com.br\/portal\/?p=171377","title":{"rendered":"Brasil ultrapassa marca de 7,5 milh\u00f5es de casos de Covid-19"},"content":{"rendered":"\n<p>O Brasil ultrapassou a marca de 7,5 milh\u00f5es de casos de covid-19. Com 20.548 novos diagn\u00f3sticos positivos da doen\u00e7a registrados nas \u00faltimas 24 horas, o pa\u00eds chegou a 7.504.833 pessoas infectadas desde o in\u00edcio da pandemia do novo coronav\u00edrus. No domingo\u00a0(27), o painel do Minist\u00e9rio da Sa\u00fade trazia 7.484.285 casos.<\/p>\n\n\n\n<p>Os dados est\u00e3o na atualiza\u00e7\u00e3o di\u00e1ria feita pela pasta e divulgada na noite desta segunda-feira (28\/12\/2020). O balan\u00e7o re\u00fane informa\u00e7\u00f5es levantadas pelas secretarias estaduais de sa\u00fade de todo o pa\u00eds.<\/p>\n\n\n\n<p>De acordo com a atualiza\u00e7\u00e3o, o total de mortes provocadas pelo novo coronav\u00edrus atingiu 191.750. Nas \u00faltimas 24 horas, foram registradas 431 novas v\u00edtimas fatais da pandemia. At\u00e9 ontem, o sistema marcava 191.139 \u00f3bitos. Ainda h\u00e1 2.439 \u00f3bitos em investiga\u00e7\u00e3o.<\/p>\n\n\n\n<p>Os dados do Minist\u00e9rio da Sa\u00fade apontam tamb\u00e9m 744.635 pacientes em acompanhamento e 6.568.898 pessoas que j\u00e1 se recuperaram da doen\u00e7a.<\/p>\n\n\n\n<p>Em geral, os registros de casos e mortes s\u00e3o menores aos domingos e \u00e0s segundas-feiras em raz\u00e3o da dificuldade de alimenta\u00e7\u00e3o dos dados pelas secretarias de sa\u00fade aos fins de semana. J\u00e1 \u00e0s ter\u00e7as-feiras, os totais tendem a ser maiores pelo ac\u00famulo das informa\u00e7\u00f5es do\u00a0fim de semana enviadas \u00e0 pasta.<\/p>\n\n\n\n<figure class=\"wp-block-image size-large\"><img loading=\"lazy\" decoding=\"async\" width=\"754\" height=\"424\" src=\"https:\/\/aconteceunovale.com.br\/portal\/wp-content\/uploads\/2020\/12\/corona_br_28dez.jpg\" alt=\"\" class=\"wp-image-171378\" srcset=\"https:\/\/aconteceunovale.com.br\/portal\/wp-content\/uploads\/2020\/12\/corona_br_28dez.jpg 754w, https:\/\/aconteceunovale.com.br\/portal\/wp-content\/uploads\/2020\/12\/corona_br_28dez-300x169.jpg 300w, https:\/\/aconteceunovale.com.br\/portal\/wp-content\/uploads\/2020\/12\/corona_br_28dez-696x391.jpg 696w, https:\/\/aconteceunovale.com.br\/portal\/wp-content\/uploads\/2020\/12\/corona_br_28dez-747x420.jpg 747w\" sizes=\"auto, (max-width: 754px) 100vw, 754px\" \/><\/figure>\n\n\n\n<h2 class=\"wp-block-heading\">Estados<\/h2>\n\n\n\n<p>No topo da lista de mortes por covid-19 est\u00e3o os seguintes estados: S\u00e3o Paulo (45.902), Rio de Janeiro\u00a0(24.942), Minas Gerais (11.605), Cear\u00e1 (9.954) e Pernambuco (9.588). J\u00e1 entre os \u00faltimos no ranking est\u00e3o Roraima (773), Acre (789), Amap\u00e1 (907), Tocantins (1.226) e Rond\u00f4nia (1.765).<\/p>\n\n\n\n<p class=\"has-white-color has-vivid-cyan-blue-background-color has-text-color has-background\">Quer saber as not\u00edcias do <strong>Aconteceu no Vale<\/strong> em primeira m\u00e3o? Siga-nos no Facebook <a rel=\"noreferrer noopener\" href=\"http:\/\/facebook.com\/aconteceunovale\" target=\"_blank\">@aconteceunovale<\/a>, Twitter <a rel=\"noreferrer noopener\" href=\"https:\/\/twitter.com\/noticiadosvales\" target=\"_blank\">@noticiadosvales<\/a> e Instagram <a rel=\"noreferrer noopener\" href=\"https:\/\/www.instagram.com\/aconteceunovale\" target=\"_blank\">@aconteceunovale<\/a>.<\/p>\n","protected":false},"excerpt":{"rendered":"<p>O Brasil ultrapassou a marca de 7,5 milh\u00f5es de casos de covid-19. Com 20.548 novos diagn\u00f3sticos positivos da doen\u00e7a registrados nas \u00faltimas 24 horas, o pa\u00eds chegou a 7.504.833 pessoas infectadas desde o in\u00edcio da pandemia do novo coronav\u00edrus. No domingo\u00a0(27), o painel do Minist\u00e9rio da Sa\u00fade trazia 7.484.285 casos. Os dados est\u00e3o na atualiza\u00e7\u00e3o [&hellip;]<\/p>\n","protected":false},"author":4,"featured_media":171378,"comment_status":"open","ping_status":"closed","sticky":false,"template":"","format":"standard","meta":{"amp_status":"","footnotes":""},"categories":[6,28848,40242],"tags":[4785,220477,220660,233475,219520,218049,218205,214884,215394,216498,218043,232361,233340,19326,220349,218044,218045,215653,218206,219105,219104,218876,219519,140166,217692,220478,220479,232360,220944,220945],"class_list":["post-171377","post","type-post","status-publish","format-standard","has-post-thumbnail","hentry","category-br","category-mundo","category-saude-2","tag-brasil","tag-brasil-bate-recorde-de-obitos-e-casos-confirmados-em-um-dia","tag-brasil-ultrapassa-marca-de-4-mil-obitos-por-covid-19","tag-brasil-ultrapassa-marca-de-7-5-milhoes-de-casos-de-covid-19","tag-casos-confirmados-e-obitos-no-brasil","tag-casos-de-coronavirus-no-brasil","tag-casos-de-covid-19-no-brasil","tag-coronavirus","tag-coronavirus-no-brasil","tag-covid-19","tag-covid-19-no-brasil","tag-covid-19-brasil-passa-dos-180-mil-obitos-desde-o-inicio-da-pandemia","tag-covid-19-brasil-passa-dos-191-mil-obitos-desde-o-inicio-da-pandemia","tag-ministerio-da-saude","tag-ministerio-da-saude-atualiza-numeros-do-coronavirus-no-brasil","tag-mortes-por-coronavirus-no-brasil","tag-mortes-por-covid-19-no-brasil","tag-novo-coronavirus","tag-numero-de-casos-de-covid-19-confirmados-no-brasil","tag-numeros-da-covid-19-no-brasil","tag-numeros-do-coronavirus-no-brasil","tag-obitos-por-coronavirus-no-brasil","tag-obitos-por-covid-19-no-brasil","tag-pandemia","tag-pandemia-de-coronavirus","tag-recorde-de-obitos-por-coronavirus-no-brasil","tag-recorde-de-obitos-por-covid-19-no-brasil","tag-situacao-epidemiologica-da-covid-19-no-brasil-em-11-12-2020","tag-virus-vai-atingir-70-da-populacao","tag-virus-vai-atingir-70-da-populacao-diz-jair-bolsonaro"],"_links":{"self":[{"href":"https:\/\/aconteceunovale.com.br\/portal\/index.php?rest_route=\/wp\/v2\/posts\/171377","targetHints":{"allow":["GET"]}}],"collection":[{"href":"https:\/\/aconteceunovale.com.br\/portal\/index.php?rest_route=\/wp\/v2\/posts"}],"about":[{"href":"https:\/\/aconteceunovale.com.br\/portal\/index.php?rest_route=\/wp\/v2\/types\/post"}],"author":[{"embeddable":true,"href":"https:\/\/aconteceunovale.com.br\/portal\/index.php?rest_route=\/wp\/v2\/users\/4"}],"replies":[{"embeddable":true,"href":"https:\/\/aconteceunovale.com.br\/portal\/index.php?rest_route=%2Fwp%2Fv2%2Fcomments&post=171377"}],"version-history":[{"count":1,"href":"https:\/\/aconteceunovale.com.br\/portal\/index.php?rest_route=\/wp\/v2\/posts\/171377\/revisions"}],"predecessor-version":[{"id":171379,"href":"https:\/\/aconteceunovale.com.br\/portal\/index.php?rest_route=\/wp\/v2\/posts\/171377\/revisions\/171379"}],"wp:featuredmedia":[{"embeddable":true,"href":"https:\/\/aconteceunovale.com.br\/portal\/index.php?rest_route=\/wp\/v2\/media\/171378"}],"wp:attachment":[{"href":"https:\/\/aconteceunovale.com.br\/portal\/index.php?rest_route=%2Fwp%2Fv2%2Fmedia&parent=171377"}],"wp:term":[{"taxonomy":"category","embeddable":true,"href":"https:\/\/aconteceunovale.com.br\/portal\/index.php?rest_route=%2Fwp%2Fv2%2Fcategories&post=171377"},{"taxonomy":"post_tag","embeddable":true,"href":"https:\/\/aconteceunovale.com.br\/portal\/index.php?rest_route=%2Fwp%2Fv2%2Ftags&post=171377"}],"curies":[{"name":"wp","href":"https:\/\/api.w.org\/{rel}","templated":true}]}}