{"id":171363,"date":"2020-12-28T19:31:37","date_gmt":"2020-12-28T22:31:37","guid":{"rendered":"https:\/\/aconteceunovale.com.br\/portal\/?p=171363"},"modified":"2020-12-28T19:31:52","modified_gmt":"2020-12-28T22:31:52","slug":"jornalista-que-noticiou-surto-de-coronavirus-em-wuhan-e-condenada-a-quatro-anos-de-prisao","status":"publish","type":"post","link":"https:\/\/aconteceunovale.com.br\/portal\/?p=171363","title":{"rendered":"Jornalista que noticiou surto de coronav\u00edrus em Wuhan \u00e9 condenada a quatro anos de pris\u00e3o"},"content":{"rendered":"\n<p>Um tribunal chin\u00eas imp\u00f4s hoje (28\/12\/2020) uma pena de quatro anos de pris\u00e3o a uma jornalista que noticiou da cidade de Wuhan, no auge do surto de coronav\u00edrus do ano passado, acusando-a de &#8220;induzir brigas e provocar confus\u00e3o&#8221;, disse o advogado da condenada.<img decoding=\"async\" src=\"https:\/\/agenciabrasil.ebc.com.br\/ebc.png?id=1397450&amp;o=node\"><img decoding=\"async\" src=\"https:\/\/agenciabrasil.ebc.com.br\/ebc.gif?id=1397450&amp;o=node\"><\/p>\n\n\n\n<p>Zhang Zhan, de 37 anos, a primeira jornalista cidad\u00e3 que se sabe ter sido julgada, \u00e9 parte de um punhado de pessoas cujos relatos em primeira m\u00e3o de hospitais lotados e ruas vazias pintaram um quadro mais sombrio do epicentro da pandemia do que a narrativa oficial.<\/p>\n\n\n\n<p>&#8220;N\u00e3o entendo. Tudo que ela fez foi dizer algumas palavras verdadeiras, e por isso pegou quatro anos&#8221;, disse Shao Wenxia, a m\u00e3e de Zhang, que acompanhou o julgamento com o marido.<\/p>\n\n\n\n<p>O advogado de Zhang, Ren Quanniu, disse \u00e0 ag\u00eancia de not\u00edcias Reuters: &#8220;Provavelmente apelaremos&#8221;.<\/p>\n\n\n\n<p>&#8220;A senhorita Zhang acredita que est\u00e1 sendo perseguida por exercitar sua liberdade de express\u00e3o&#8221;, havia dito ele antes do julgamento.<\/p>\n\n\n\n<figure class=\"wp-block-gallery columns-1 is-cropped wp-block-gallery-1 is-layout-flex wp-block-gallery-is-layout-flex\"><ul class=\"blocks-gallery-grid\"><li class=\"blocks-gallery-item\"><figure><img loading=\"lazy\" decoding=\"async\" width=\"678\" height=\"406\" src=\"https:\/\/aconteceunovale.com.br\/portal\/wp-content\/uploads\/2020\/12\/jornalista_china.jpg\" alt=\"\" data-id=\"171364\" data-full-url=\"https:\/\/aconteceunovale.com.br\/portal\/wp-content\/uploads\/2020\/12\/jornalista_china.jpg\" data-link=\"https:\/\/aconteceunovale.com.br\/portal\/?attachment_id=171364\" class=\"wp-image-171364\" srcset=\"https:\/\/aconteceunovale.com.br\/portal\/wp-content\/uploads\/2020\/12\/jornalista_china.jpg 678w, https:\/\/aconteceunovale.com.br\/portal\/wp-content\/uploads\/2020\/12\/jornalista_china-300x180.jpg 300w\" sizes=\"auto, (max-width: 678px) 100vw, 678px\" \/><figcaption class=\"blocks-gallery-item__caption\"><em>Zhang Zhan &#8211; Foto: Reuters\/Reprodu\u00e7\u00e3o Ag\u00eancia Brasil<\/em><\/figcaption><\/figure><\/li><\/ul><\/figure>\n\n\n\n<h2 class=\"wp-block-heading\">Governo tenta minimizar<\/h2>\n\n\n\n<p>Cr\u00edticos dizem que a China fez com que o julgamento de Zhang acontecesse durante as festas de fim de ano ocidentais deliberadamente para minimizar a aten\u00e7\u00e3o e a vigil\u00e2ncia do Ocidente.<\/p>\n\n\n\n<p>&#8220;A sele\u00e7\u00e3o do per\u00edodo sonolento entre o Natal e o Ano Novo sugere que at\u00e9 Pequim est\u00e1 constrangida por condenar a jornalista cidad\u00e3 Zhang Zhan a quatro anos de pris\u00e3o por ter registrado a vers\u00e3o sem censura do surto de coronav\u00edrus de Wuhan&#8221;, tuitou Kenneth Roth, diretor-executivo da entidade Human Rights Watch, sediada em Genebra.<\/p>\n\n\n\n<p>As cr\u00edticas \u00e0 maneira como a China lidou inicialmente com a crise foram censuradas, e pessoas que contaram o que estava acontecendo, como m\u00e9dicos, foram advertidas. A m\u00eddia estatal creditou o sucesso do pa\u00eds na conten\u00e7\u00e3o do v\u00edrus \u00e0 lideran\u00e7a do presidente Xi Jinping.<\/p>\n\n\n\n<p>O v\u00edrus se disseminou em todo o mundo, j\u00e1 infectou mais de 80 milh\u00f5es de pessoas e matou mais de 1,76 milh\u00e3o, paralisando as viagens a\u00e9reas, enquanto na\u00e7\u00f5es erguiam barreiras de prote\u00e7\u00e3o que transtornaram ind\u00fastrias e meios de subsist\u00eancia.<\/p>\n\n\n\n<p>Em Xangai, a pol\u00edcia refor\u00e7ou a seguran\u00e7a diante do tribunal onde o julgamento come\u00e7ou sete meses ap\u00f3s a deten\u00e7\u00e3o de Zhang, mas alguns apoiadores n\u00e3o se intimidaram.<\/p>\n\n\n\n<p>Um homem de cadeira de rodas, que disse \u00e0 Reuters que saiu da prov\u00edncia central de Henan para mostrar apoio a Zhang como irm\u00e3o de f\u00e9 e crist\u00e3o, escreveu o nome dela em um p\u00f4ster, mas foi afastado por policiais.<\/p>\n\n\n\n<p>Jornalistas estrangeiros foram impedidos de ingressar no tribunal &#8220;devido \u00e0 epidemia&#8221;, disseram autoridades de seguran\u00e7a da corte.<\/p>\n\n\n\n<p class=\"has-white-color has-vivid-cyan-blue-background-color has-text-color has-background\">Quer saber as not\u00edcias do <strong>Aconteceu no Vale<\/strong> em primeira m\u00e3o? Siga-nos no Facebook <a rel=\"noreferrer noopener\" href=\"http:\/\/facebook.com\/aconteceunovale\" target=\"_blank\">@aconteceunovale<\/a>, Twitter <a rel=\"noreferrer noopener\" href=\"https:\/\/twitter.com\/noticiadosvales\" target=\"_blank\">@noticiadosvales<\/a> e Instagram <a rel=\"noreferrer noopener\" href=\"https:\/\/www.instagram.com\/aconteceunovale\" target=\"_blank\">@aconteceunovale<\/a>.<\/p>\n","protected":false},"excerpt":{"rendered":"<p>Um tribunal chin\u00eas imp\u00f4s hoje (28\/12\/2020) uma pena de quatro anos de pris\u00e3o a uma jornalista que noticiou da cidade de Wuhan, no auge do surto de coronav\u00edrus do ano passado, acusando-a de &#8220;induzir brigas e provocar confus\u00e3o&#8221;, disse o advogado da condenada. Zhang Zhan, de 37 anos, a primeira jornalista cidad\u00e3 que se sabe [&hellip;]<\/p>\n","protected":false},"author":4,"featured_media":171364,"comment_status":"open","ping_status":"closed","sticky":false,"template":"","format":"standard","meta":{"amp_status":"","footnotes":""},"categories":[28848,40242],"tags":[30594,233451,214884,216498,233458,233450,233452,233449,233457,215653,140166,219687,218365,233456,233454,185806,113836,233455,233453],"class_list":["post-171363","post","type-post","status-publish","format-standard","has-post-thumbnail","hentry","category-mundo","category-saude-2","tag-china","tag-condenacao-de-jornalista-na-china","tag-coronavirus","tag-covid-19","tag-human-rights-watch","tag-jornalista-condenada-na-china","tag-jornalista-condenada-por-cobertura-do-coronavirus-na-china","tag-jornalista-que-noticiou-surto-de-coronavirus-em-wuhan-e-condenada-a-quatro-anos-de-prisao","tag-kenneth-roth","tag-novo-coronavirus","tag-pandemia","tag-pandemia-da-covid-19","tag-pandemia-do-coronavirus","tag-ren-quanniu","tag-shao-wenxia","tag-wuhan","tag-xi-jinping","tag-zhang","tag-zhang-zhan"],"_links":{"self":[{"href":"https:\/\/aconteceunovale.com.br\/portal\/index.php?rest_route=\/wp\/v2\/posts\/171363","targetHints":{"allow":["GET"]}}],"collection":[{"href":"https:\/\/aconteceunovale.com.br\/portal\/index.php?rest_route=\/wp\/v2\/posts"}],"about":[{"href":"https:\/\/aconteceunovale.com.br\/portal\/index.php?rest_route=\/wp\/v2\/types\/post"}],"author":[{"embeddable":true,"href":"https:\/\/aconteceunovale.com.br\/portal\/index.php?rest_route=\/wp\/v2\/users\/4"}],"replies":[{"embeddable":true,"href":"https:\/\/aconteceunovale.com.br\/portal\/index.php?rest_route=%2Fwp%2Fv2%2Fcomments&post=171363"}],"version-history":[{"count":1,"href":"https:\/\/aconteceunovale.com.br\/portal\/index.php?rest_route=\/wp\/v2\/posts\/171363\/revisions"}],"predecessor-version":[{"id":171365,"href":"https:\/\/aconteceunovale.com.br\/portal\/index.php?rest_route=\/wp\/v2\/posts\/171363\/revisions\/171365"}],"wp:featuredmedia":[{"embeddable":true,"href":"https:\/\/aconteceunovale.com.br\/portal\/index.php?rest_route=\/wp\/v2\/media\/171364"}],"wp:attachment":[{"href":"https:\/\/aconteceunovale.com.br\/portal\/index.php?rest_route=%2Fwp%2Fv2%2Fmedia&parent=171363"}],"wp:term":[{"taxonomy":"category","embeddable":true,"href":"https:\/\/aconteceunovale.com.br\/portal\/index.php?rest_route=%2Fwp%2Fv2%2Fcategories&post=171363"},{"taxonomy":"post_tag","embeddable":true,"href":"https:\/\/aconteceunovale.com.br\/portal\/index.php?rest_route=%2Fwp%2Fv2%2Ftags&post=171363"}],"curies":[{"name":"wp","href":"https:\/\/api.w.org\/{rel}","templated":true}]}}