{"id":171358,"date":"2020-12-28T17:26:45","date_gmt":"2020-12-28T20:26:45","guid":{"rendered":"https:\/\/aconteceunovale.com.br\/portal\/?p=171358"},"modified":"2020-12-28T17:26:57","modified_gmt":"2020-12-28T20:26:57","slug":"governo-inaugura-samu-nas-macrorregioes-leste-e-vale-do-aco","status":"publish","type":"post","link":"https:\/\/aconteceunovale.com.br\/portal\/?p=171358","title":{"rendered":"Governo inaugura Samu nas macrorregi\u00f5es Leste e Vale do A\u00e7o"},"content":{"rendered":"\n<p>O\u00a0Governo de Minas Gerais\u00a0oficializou, nesta segunda-feira (28\/12\/2020), em Governador Valadares, a implanta\u00e7\u00e3o do Servi\u00e7o de Urg\u00eancia e Emerg\u00eancia do Leste de Minas, o Samu 192 Leste\/Vale do A\u00e7o. Juntas, as regionais re\u00fanem mais de 1,5 milh\u00e3o de habitantes, num total de 86 munic\u00edpios.<br><br>&#8220;A implanta\u00e7\u00e3o do Samu\u00a0Leste e Vale do A\u00e7o foi viabilizada\u00a0pela aloca\u00e7\u00e3o eficiente dos recursos financeiros.\u00a0Representa uma melhoria efetiva na gest\u00e3o da sa\u00fade nessas regi\u00f5es&#8221;, afirmou o vice-governador Paulo Brant.\u00a0Na oportunidade, ele tamb\u00e9m refor\u00e7ou o trabalho de articula\u00e7\u00e3o entre diferentes setores da sociedade para a realiza\u00e7\u00e3o da entrega.<br><br>O Samu 192 Regional contar\u00e1 com 39 ambul\u00e2ncias, sendo oito Unidades de Suporte Avan\u00e7ado (USA), 31 Unidades de Suporte B\u00e1sico (USB) e\u00a0uma Central de Regula\u00e7\u00e3o, instalada no munic\u00edpio de Governador Valadares, para atender \u00e0s regi\u00f5es do entorno. A gest\u00e3o ser\u00e1 feita pelo Cons\u00f3rcio Intermunicipal da Rede de Sa\u00fade de Urg\u00eancia e Emerg\u00eancia da Macro Leste de Minas Gerais (Consurge).<\/p>\n\n\n\n<p>Com a inaugura\u00e7\u00e3o, o objetivo da\u00a0<a rel=\"noreferrer noopener\" href=\"http:\/\/www.saude.mg.gov.br\/\" target=\"_blank\">Secretaria de Estado de Sa\u00fade (SES-MG)<\/a>\u00a0\u00e9\u00a0reduzir ainda mais o tempo de resposta \u00e0s emerg\u00eancias nas regi\u00f5es. &#8220;Apesar da necessidade de remanejamento de recursos dispon\u00edveis, devido \u00e0 pandemia, seguimos preparando e gerindo a rede de sa\u00fade p\u00fablica do estado, para que todo cidad\u00e3o mineiro tenha atendimento caso necess\u00e1rio&#8221;, destacou o secret\u00e1rio Carlos Eduardo Amaral.<\/p>\n\n\n\n<figure class=\"wp-block-gallery columns-1 is-cropped wp-block-gallery-1 is-layout-flex wp-block-gallery-is-layout-flex\"><ul class=\"blocks-gallery-grid\"><li class=\"blocks-gallery-item\"><figure><img loading=\"lazy\" decoding=\"async\" width=\"626\" height=\"450\" src=\"https:\/\/aconteceunovale.com.br\/portal\/wp-content\/uploads\/2020\/12\/inauguracao_samu_gv1.jpg\" alt=\"\" data-id=\"171359\" data-full-url=\"https:\/\/aconteceunovale.com.br\/portal\/wp-content\/uploads\/2020\/12\/inauguracao_samu_gv1.jpg\" data-link=\"https:\/\/aconteceunovale.com.br\/portal\/?attachment_id=171359\" class=\"wp-image-171359\" srcset=\"https:\/\/aconteceunovale.com.br\/portal\/wp-content\/uploads\/2020\/12\/inauguracao_samu_gv1.jpg 626w, https:\/\/aconteceunovale.com.br\/portal\/wp-content\/uploads\/2020\/12\/inauguracao_samu_gv1-300x216.jpg 300w, https:\/\/aconteceunovale.com.br\/portal\/wp-content\/uploads\/2020\/12\/inauguracao_samu_gv1-584x420.jpg 584w\" sizes=\"auto, (max-width: 626px) 100vw, 626px\" \/><figcaption class=\"blocks-gallery-item__caption\"><em>Foto: Ingrid Vasconcelos \/ Ag\u00eancia Minas<\/em><\/figcaption><\/figure><\/li><\/ul><\/figure>\n\n\n\n<h2 class=\"wp-block-heading\"><strong>Implementa\u00e7\u00e3o<\/strong><\/h2>\n\n\n\n<p>Para viabilizar o programa, o Governo de Minas&nbsp;repassou, por meio de conv\u00eanio, investimento de&nbsp;R$ 5.046.602,23.<\/p>\n\n\n\n<p>As demais fases do projeto Samu 192 Leste\/Vale do A\u00e7o ser\u00e3o iniciadas mediante habilita\u00e7\u00e3o do Minist\u00e9rio da Sa\u00fade. O&nbsp;valor total estimado para execu\u00e7\u00e3o do contrato deste servi\u00e7o \u00e9 de R$ 28.685.456,40.<\/p>\n\n\n\n<p>A implementa\u00e7\u00e3o nas macrorregi\u00f5es&nbsp;ser\u00e1 dividida em tr\u00eas etapas. Esta primeira, inaugurada nesta segunda-feira (28\/12), contempla&nbsp;uma Central de Regula\u00e7\u00e3o das Urg\u00eancias, 12 Unidades de Suporte B\u00e1sico (USBs) e uma Unidade de Suporte Avan\u00e7ado (USA). Elas est\u00e3o estrategicamente distribu\u00eddas nos munic\u00edpios de Tarumirim, Mantena, Pe\u00e7anha, Resplendor, S\u00e3o Jo\u00e3o Evangelista, Santa Maria do Sua\u00e7u\u00ed, Governador Valadares, Coronel Fabriciano, Tim\u00f3teo, Caratinga e Belo Oriente.<\/p>\n\n\n\n<p>Para a segunda fase, ser\u00e3o acrescidas mais 15 USBs \u00e0s bases centralizadas de Sardo\u00e1, Governador Valadares, Frei Inoc\u00eancio, Galileia, Itanhomi, Virgol\u00e2ndia, Aimor\u00e9s, Conselheiro Pena, Ant\u00f4nio Dias, Dion\u00edsio, A\u00e7ucena, Periquito, Santana do Para\u00edso, Inhapim e Vermelho Novo.<\/p>\n\n\n\n<p>Na terceira e \u00faltima etapa, outras cinco\u00a0USAs passar\u00e3o a integrar as bases descentralizadas de Mantena, Resplendor, S\u00e3o Jo\u00e3o Evangelista, Tim\u00f3teo e Caratinga.<\/p>\n\n\n\n<figure class=\"wp-block-gallery columns-1 is-cropped wp-block-gallery-2 is-layout-flex wp-block-gallery-is-layout-flex\"><ul class=\"blocks-gallery-grid\"><li class=\"blocks-gallery-item\"><figure><img loading=\"lazy\" decoding=\"async\" width=\"625\" height=\"450\" src=\"https:\/\/aconteceunovale.com.br\/portal\/wp-content\/uploads\/2020\/12\/inauguracao_samu_gv2.jpg\" alt=\"\" data-id=\"171360\" data-full-url=\"https:\/\/aconteceunovale.com.br\/portal\/wp-content\/uploads\/2020\/12\/inauguracao_samu_gv2.jpg\" data-link=\"https:\/\/aconteceunovale.com.br\/portal\/?attachment_id=171360\" class=\"wp-image-171360\" srcset=\"https:\/\/aconteceunovale.com.br\/portal\/wp-content\/uploads\/2020\/12\/inauguracao_samu_gv2.jpg 625w, https:\/\/aconteceunovale.com.br\/portal\/wp-content\/uploads\/2020\/12\/inauguracao_samu_gv2-300x216.jpg 300w, https:\/\/aconteceunovale.com.br\/portal\/wp-content\/uploads\/2020\/12\/inauguracao_samu_gv2-583x420.jpg 583w\" sizes=\"auto, (max-width: 625px) 100vw, 625px\" \/><figcaption class=\"blocks-gallery-item__caption\"><em>Foto: Ingrid Vasconcelos \/ Ag\u00eancia Minas<\/em><\/figcaption><\/figure><\/li><\/ul><\/figure>\n\n\n\n<p>Tamb\u00e9m estiveram presentes na inaugura\u00e7\u00e3o\u00a0o prefeito de Governador Valadares, Andr\u00e9 Merlo,\u00a0o secret\u00e1rio adjunto de Sa\u00fade de Minas Gerais, Marcelo Cabral, o secret\u00e1rio executivo do Consurge, Narc\u00e9lio Alves Costa,\u00a0e o subsecret\u00e1rio de Pol\u00edticas e A\u00e7\u00f5es de Sa\u00fade da SES-MG, Marc\u00edlio Dias.<\/p>\n\n\n\n<p class=\"has-white-color has-vivid-cyan-blue-background-color has-text-color has-background\">Quer saber as not\u00edcias do <strong>Aconteceu no Vale<\/strong> em primeira m\u00e3o? Siga-nos no Facebook <a rel=\"noreferrer noopener\" href=\"http:\/\/facebook.com\/aconteceunovale\" target=\"_blank\">@aconteceunovale<\/a>, Twitter <a rel=\"noreferrer noopener\" href=\"https:\/\/twitter.com\/noticiadosvales\" target=\"_blank\">@noticiadosvales<\/a> e Instagram <a rel=\"noreferrer noopener\" href=\"https:\/\/www.instagram.com\/aconteceunovale\" target=\"_blank\">@aconteceunovale<\/a>.<\/p>\n","protected":false},"excerpt":{"rendered":"<p>O\u00a0Governo de Minas Gerais\u00a0oficializou, nesta segunda-feira (28\/12\/2020), em Governador Valadares, a implanta\u00e7\u00e3o do Servi\u00e7o de Urg\u00eancia e Emerg\u00eancia do Leste de Minas, o Samu 192 Leste\/Vale do A\u00e7o. Juntas, as regionais re\u00fanem mais de 1,5 milh\u00e3o de habitantes, num total de 86 munic\u00edpios. &#8220;A implanta\u00e7\u00e3o do Samu\u00a0Leste e Vale do A\u00e7o foi viabilizada\u00a0pela aloca\u00e7\u00e3o eficiente [&hellip;]<\/p>\n","protected":false},"author":4,"featured_media":171359,"comment_status":"open","ping_status":"closed","sticky":false,"template":"","format":"standard","meta":{"amp_status":"","footnotes":""},"categories":[121,40242],"tags":[971,273,1740,350,237,206223,282,233448,72755,1524,1018,1727,290,292,247,51191,233441,233447,233442,296,297,233443,1516,19326,306,1670,309,233445,208232,233446,72744,240,2101,162,325,233444,52113,329,1105,1735,333],"class_list":["post-171358","post","type-post","status-publish","format-standard","has-post-thumbnail","hentry","category-leste","category-saude-2","tag-acucena","tag-aimores","tag-antonio-dias","tag-belo-oriente","tag-caratinga","tag-carlos-eduardo-amaral","tag-conselheiro-pena","tag-consorcio-intermunicipal-da-rede-de-saude-de-urgencia-e-emergencia-da-macro-leste-de-minas-gerais","tag-consurge","tag-coronel-fabriciano","tag-destaque","tag-dionisio","tag-frei-inocencio","tag-galileia","tag-governador-valadares","tag-governo-de-minas-gerais","tag-governo-inaugura-samu-nas-macrorregioes-leste-e-vale-do-aco","tag-implantacao-do-samu-leste-e-vale-do-aco","tag-inaugurado-servico-de-urgencia-e-emergencia-nas-macrorregioes-leste-e-vale-do-aco","tag-inhapim","tag-itanhomi","tag-leste-e-vale-do-aco-ganham-servico-de-urgencia-e-emergencia","tag-mantena","tag-ministerio-da-saude","tag-pecanha","tag-periquito","tag-resplendor","tag-samu-192-leste-de-minas","tag-samu-leste-de-minas","tag-samu-leste-e-vale-do-aco","tag-samu-vale-do-aco","tag-santa-maria-do-suacui","tag-santana-do-paraiso","tag-sao-joao-evangelista","tag-sardoa","tag-servico-de-urgencia-e-emergencia-do-leste-de-minas","tag-ses-mg","tag-tarumirim","tag-timoteo","tag-vermelho-novo","tag-virgolandia"],"_links":{"self":[{"href":"https:\/\/aconteceunovale.com.br\/portal\/index.php?rest_route=\/wp\/v2\/posts\/171358","targetHints":{"allow":["GET"]}}],"collection":[{"href":"https:\/\/aconteceunovale.com.br\/portal\/index.php?rest_route=\/wp\/v2\/posts"}],"about":[{"href":"https:\/\/aconteceunovale.com.br\/portal\/index.php?rest_route=\/wp\/v2\/types\/post"}],"author":[{"embeddable":true,"href":"https:\/\/aconteceunovale.com.br\/portal\/index.php?rest_route=\/wp\/v2\/users\/4"}],"replies":[{"embeddable":true,"href":"https:\/\/aconteceunovale.com.br\/portal\/index.php?rest_route=%2Fwp%2Fv2%2Fcomments&post=171358"}],"version-history":[{"count":1,"href":"https:\/\/aconteceunovale.com.br\/portal\/index.php?rest_route=\/wp\/v2\/posts\/171358\/revisions"}],"predecessor-version":[{"id":171361,"href":"https:\/\/aconteceunovale.com.br\/portal\/index.php?rest_route=\/wp\/v2\/posts\/171358\/revisions\/171361"}],"wp:featuredmedia":[{"embeddable":true,"href":"https:\/\/aconteceunovale.com.br\/portal\/index.php?rest_route=\/wp\/v2\/media\/171359"}],"wp:attachment":[{"href":"https:\/\/aconteceunovale.com.br\/portal\/index.php?rest_route=%2Fwp%2Fv2%2Fmedia&parent=171358"}],"wp:term":[{"taxonomy":"category","embeddable":true,"href":"https:\/\/aconteceunovale.com.br\/portal\/index.php?rest_route=%2Fwp%2Fv2%2Fcategories&post=171358"},{"taxonomy":"post_tag","embeddable":true,"href":"https:\/\/aconteceunovale.com.br\/portal\/index.php?rest_route=%2Fwp%2Fv2%2Ftags&post=171358"}],"curies":[{"name":"wp","href":"https:\/\/api.w.org\/{rel}","templated":true}]}}