{"id":171351,"date":"2020-12-28T17:05:46","date_gmt":"2020-12-28T20:05:46","guid":{"rendered":"https:\/\/aconteceunovale.com.br\/portal\/?p=171351"},"modified":"2020-12-28T17:06:33","modified_gmt":"2020-12-28T20:06:33","slug":"homem-desaparece-em-balneario-no-norte-de-minas","status":"publish","type":"post","link":"https:\/\/aconteceunovale.com.br\/portal\/?p=171351","title":{"rendered":"Homem desaparece em balne\u00e1rio no Norte de Minas"},"content":{"rendered":"\n<p>O Corpo de Bombeiros de Montes Claros (MG) faz buscas por um homem que desapareceu em um balne\u00e1rio no munic\u00edpio de Francisco Dumont, na regi\u00e3o Norte do Estado. Familiares disseram que estavam acampados nas proximidades do Rio Jequita\u00ed, quando a v\u00edtima saiu em dire\u00e7\u00e3o ao rio e n\u00e3o retornou.<\/p>\n\n\n\n<p>De acordo com os bombeiros, as roupas e um par de sand\u00e1lias do homem estavam \u00e0s margens do Rio Jequita\u00ed. As buscas come\u00e7aram no domingo e foram retomadas na manh\u00e3 desta segunda-feira (28).<\/p>\n\n\n\n<figure class=\"wp-block-gallery columns-1 is-cropped wp-block-gallery-1 is-layout-flex wp-block-gallery-is-layout-flex\"><ul class=\"blocks-gallery-grid\"><li class=\"blocks-gallery-item\"><figure><img loading=\"lazy\" decoding=\"async\" width=\"675\" height=\"450\" src=\"https:\/\/aconteceunovale.com.br\/portal\/wp-content\/uploads\/2020\/12\/desaparecido_nm_1.jpeg\" alt=\"\" data-id=\"171353\" data-full-url=\"https:\/\/aconteceunovale.com.br\/portal\/wp-content\/uploads\/2020\/12\/desaparecido_nm_1.jpeg\" data-link=\"https:\/\/aconteceunovale.com.br\/portal\/?attachment_id=171353\" class=\"wp-image-171353\" srcset=\"https:\/\/aconteceunovale.com.br\/portal\/wp-content\/uploads\/2020\/12\/desaparecido_nm_1.jpeg 675w, https:\/\/aconteceunovale.com.br\/portal\/wp-content\/uploads\/2020\/12\/desaparecido_nm_1-300x200.jpeg 300w, https:\/\/aconteceunovale.com.br\/portal\/wp-content\/uploads\/2020\/12\/desaparecido_nm_1-630x420.jpeg 630w\" sizes=\"auto, (max-width: 675px) 100vw, 675px\" \/><figcaption class=\"blocks-gallery-item__caption\"><em>Foto: Corpo de Bombeiros\/Divulga\u00e7\u00e3o<\/em><\/figcaption><\/figure><\/li><li class=\"blocks-gallery-item\"><figure><img loading=\"lazy\" decoding=\"async\" width=\"678\" height=\"443\" src=\"https:\/\/aconteceunovale.com.br\/portal\/wp-content\/uploads\/2020\/12\/desaparecido_nm_2.jpeg\" alt=\"\" data-id=\"171352\" data-full-url=\"https:\/\/aconteceunovale.com.br\/portal\/wp-content\/uploads\/2020\/12\/desaparecido_nm_2.jpeg\" data-link=\"https:\/\/aconteceunovale.com.br\/portal\/?attachment_id=171352\" class=\"wp-image-171352\" srcset=\"https:\/\/aconteceunovale.com.br\/portal\/wp-content\/uploads\/2020\/12\/desaparecido_nm_2.jpeg 678w, https:\/\/aconteceunovale.com.br\/portal\/wp-content\/uploads\/2020\/12\/desaparecido_nm_2-300x196.jpeg 300w, https:\/\/aconteceunovale.com.br\/portal\/wp-content\/uploads\/2020\/12\/desaparecido_nm_2-643x420.jpeg 643w\" sizes=\"auto, (max-width: 678px) 100vw, 678px\" \/><figcaption class=\"blocks-gallery-item__caption\"><em>Foto: Corpo de Bombeiros\/Divulga\u00e7\u00e3o<\/em><\/figcaption><\/figure><\/li><\/ul><\/figure>\n\n\n\n<p class=\"has-white-color has-vivid-cyan-blue-background-color has-text-color has-background\">Quer saber as not\u00edcias do <strong>Aconteceu no Vale<\/strong> em primeira m\u00e3o? Siga-nos no Facebook <a rel=\"noreferrer noopener\" href=\"http:\/\/facebook.com\/aconteceunovale\" target=\"_blank\">@aconteceunovale<\/a>, Twitter <a rel=\"noreferrer noopener\" href=\"https:\/\/twitter.com\/noticiadosvales\" target=\"_blank\">@noticiadosvales<\/a> e Instagram <a rel=\"noreferrer noopener\" href=\"https:\/\/www.instagram.com\/aconteceunovale\" target=\"_blank\">@aconteceunovale<\/a>.<\/p>\n","protected":false},"excerpt":{"rendered":"<p>O Corpo de Bombeiros de Montes Claros (MG) faz buscas por um homem que desapareceu em um balne\u00e1rio no munic\u00edpio de Francisco Dumont, na regi\u00e3o Norte do Estado. Familiares disseram que estavam acampados nas proximidades do Rio Jequita\u00ed, quando a v\u00edtima saiu em dire\u00e7\u00e3o ao rio e n\u00e3o retornou. De acordo com os bombeiros, as [&hellip;]<\/p>\n","protected":false},"author":4,"featured_media":171353,"comment_status":"open","ping_status":"closed","sticky":false,"template":"","format":"standard","meta":{"amp_status":"","footnotes":""},"categories":[1236],"tags":[72830,233436,233435,1692,233434,233433,210,202937],"class_list":["post-171351","post","type-post","status-publish","format-standard","has-post-thumbnail","hentry","category-norte_de_minas","tag-afogamento-em-francisco-dumont","tag-afogamento-no-norte-de-minas","tag-afogamento-no-rio-jequitai","tag-francisco-dumont","tag-homem-desaparece-em-balneario-em-francisco-dumont","tag-homem-desaparece-em-balneario-no-norte-de-minas","tag-montes-claros","tag-rio-jequitai"],"_links":{"self":[{"href":"https:\/\/aconteceunovale.com.br\/portal\/index.php?rest_route=\/wp\/v2\/posts\/171351","targetHints":{"allow":["GET"]}}],"collection":[{"href":"https:\/\/aconteceunovale.com.br\/portal\/index.php?rest_route=\/wp\/v2\/posts"}],"about":[{"href":"https:\/\/aconteceunovale.com.br\/portal\/index.php?rest_route=\/wp\/v2\/types\/post"}],"author":[{"embeddable":true,"href":"https:\/\/aconteceunovale.com.br\/portal\/index.php?rest_route=\/wp\/v2\/users\/4"}],"replies":[{"embeddable":true,"href":"https:\/\/aconteceunovale.com.br\/portal\/index.php?rest_route=%2Fwp%2Fv2%2Fcomments&post=171351"}],"version-history":[{"count":1,"href":"https:\/\/aconteceunovale.com.br\/portal\/index.php?rest_route=\/wp\/v2\/posts\/171351\/revisions"}],"predecessor-version":[{"id":171354,"href":"https:\/\/aconteceunovale.com.br\/portal\/index.php?rest_route=\/wp\/v2\/posts\/171351\/revisions\/171354"}],"wp:featuredmedia":[{"embeddable":true,"href":"https:\/\/aconteceunovale.com.br\/portal\/index.php?rest_route=\/wp\/v2\/media\/171353"}],"wp:attachment":[{"href":"https:\/\/aconteceunovale.com.br\/portal\/index.php?rest_route=%2Fwp%2Fv2%2Fmedia&parent=171351"}],"wp:term":[{"taxonomy":"category","embeddable":true,"href":"https:\/\/aconteceunovale.com.br\/portal\/index.php?rest_route=%2Fwp%2Fv2%2Fcategories&post=171351"},{"taxonomy":"post_tag","embeddable":true,"href":"https:\/\/aconteceunovale.com.br\/portal\/index.php?rest_route=%2Fwp%2Fv2%2Ftags&post=171351"}],"curies":[{"name":"wp","href":"https:\/\/api.w.org\/{rel}","templated":true}]}}