{"id":171347,"date":"2020-12-28T16:46:49","date_gmt":"2020-12-28T19:46:49","guid":{"rendered":"https:\/\/aconteceunovale.com.br\/portal\/?p=171347"},"modified":"2020-12-28T16:47:31","modified_gmt":"2020-12-28T19:47:31","slug":"jovem-sofre-tentativa-de-homicidio-em-bar-no-municipio-de-janauba","status":"publish","type":"post","link":"https:\/\/aconteceunovale.com.br\/portal\/?p=171347","title":{"rendered":"Jovem sofre tentativa de homic\u00eddio em bar no munic\u00edpio de Jana\u00faba"},"content":{"rendered":"\n<p>Um jovem de 23 anos foi baleado em um bar no Distrito de Vila Nova dos Po\u00e7\u00f5es, em Jana\u00faba, na regi\u00e3o Norte de Minas.<\/p>\n\n\n\n<p>O crime aconteceu na noite desse domingo (27\/12\/2020) e o jovem contou que foi surpreendido por quatro homens dentro do estabelecimento. Segundo a PM, um deles apontou uma arma, mas a v\u00edtima conseguiu segur\u00e1-la e foi atingida de rasp\u00e3o na cabe\u00e7a.<\/p>\n\n\n\n<p>Em seguida, conforme a ocorr\u00eancia, o jovem correu para casa e fez contato com a Pol\u00edcia Militar. Ele foi socorrido por uma equipe do Samu e encaminhado ao hospital de Jana\u00faba.<\/p>\n\n\n\n<p>Os quatro homens conseguiram fugir do local e ainda n\u00e3o foram localizados. O crime ser\u00e1 investigado.<\/p>\n\n\n\n<p class=\"has-white-color has-vivid-cyan-blue-background-color has-text-color has-background\">Quer saber as not\u00edcias do <strong>Aconteceu no Vale<\/strong> em primeira m\u00e3o? Siga-nos no Facebook <a rel=\"noreferrer noopener\" href=\"http:\/\/facebook.com\/aconteceunovale\" target=\"_blank\">@aconteceunovale<\/a>, Twitter <a rel=\"noreferrer noopener\" href=\"https:\/\/twitter.com\/noticiadosvales\" target=\"_blank\">@noticiadosvales<\/a> e Instagram <a rel=\"noreferrer noopener\" href=\"https:\/\/www.instagram.com\/aconteceunovale\" target=\"_blank\">@aconteceunovale<\/a>.<\/p>\n","protected":false},"excerpt":{"rendered":"<p>Um jovem de 23 anos foi baleado em um bar no Distrito de Vila Nova dos Po\u00e7\u00f5es, em Jana\u00faba, na regi\u00e3o Norte de Minas. O crime aconteceu na noite desse domingo (27\/12\/2020) e o jovem contou que foi surpreendido por quatro homens dentro do estabelecimento. Segundo a PM, um deles apontou uma arma, mas a [&hellip;]<\/p>\n","protected":false},"author":4,"featured_media":151866,"comment_status":"open","ping_status":"closed","sticky":false,"template":"","format":"standard","meta":{"amp_status":"","footnotes":""},"categories":[1236],"tags":[67951,233426,233425,78650,233427,138014],"class_list":["post-171347","post","type-post","status-publish","format-standard","has-post-thumbnail","hentry","category-norte_de_minas","tag-baleado-em-janauba","tag-baleado-em-vila-nova-dos-pocoes","tag-jovem-sofre-tentativa-de-homicidio-em-bar-no-municipio-de-janauba","tag-tentativa-de-homicidio-em-janauba","tag-tentativa-de-homicidio-em-vila-nova-dos-pocoes","tag-vila-nova-dos-pocoes"],"_links":{"self":[{"href":"https:\/\/aconteceunovale.com.br\/portal\/index.php?rest_route=\/wp\/v2\/posts\/171347","targetHints":{"allow":["GET"]}}],"collection":[{"href":"https:\/\/aconteceunovale.com.br\/portal\/index.php?rest_route=\/wp\/v2\/posts"}],"about":[{"href":"https:\/\/aconteceunovale.com.br\/portal\/index.php?rest_route=\/wp\/v2\/types\/post"}],"author":[{"embeddable":true,"href":"https:\/\/aconteceunovale.com.br\/portal\/index.php?rest_route=\/wp\/v2\/users\/4"}],"replies":[{"embeddable":true,"href":"https:\/\/aconteceunovale.com.br\/portal\/index.php?rest_route=%2Fwp%2Fv2%2Fcomments&post=171347"}],"version-history":[{"count":1,"href":"https:\/\/aconteceunovale.com.br\/portal\/index.php?rest_route=\/wp\/v2\/posts\/171347\/revisions"}],"predecessor-version":[{"id":171348,"href":"https:\/\/aconteceunovale.com.br\/portal\/index.php?rest_route=\/wp\/v2\/posts\/171347\/revisions\/171348"}],"wp:featuredmedia":[{"embeddable":true,"href":"https:\/\/aconteceunovale.com.br\/portal\/index.php?rest_route=\/wp\/v2\/media\/151866"}],"wp:attachment":[{"href":"https:\/\/aconteceunovale.com.br\/portal\/index.php?rest_route=%2Fwp%2Fv2%2Fmedia&parent=171347"}],"wp:term":[{"taxonomy":"category","embeddable":true,"href":"https:\/\/aconteceunovale.com.br\/portal\/index.php?rest_route=%2Fwp%2Fv2%2Fcategories&post=171347"},{"taxonomy":"post_tag","embeddable":true,"href":"https:\/\/aconteceunovale.com.br\/portal\/index.php?rest_route=%2Fwp%2Fv2%2Ftags&post=171347"}],"curies":[{"name":"wp","href":"https:\/\/api.w.org\/{rel}","templated":true}]}}