{"id":171344,"date":"2020-12-28T16:27:15","date_gmt":"2020-12-28T19:27:15","guid":{"rendered":"https:\/\/aconteceunovale.com.br\/portal\/?p=171344"},"modified":"2020-12-28T16:28:07","modified_gmt":"2020-12-28T19:28:07","slug":"acidentes-deixam-mortos-em-corinto-e-curvelo","status":"publish","type":"post","link":"https:\/\/aconteceunovale.com.br\/portal\/?p=171344","title":{"rendered":"Acidentes deixam mortos em Corinto e Curvelo"},"content":{"rendered":"\n<p>Um homem de 29 anos morreu em um acidente na MGC-496, em Corinto, na noite de domingo (27\/12\/2020). Segundo informa\u00e7\u00f5es da Pol\u00edcia Militar Rodovi\u00e1ria, o motorista viajava sozinho e capotou o carro na altura do quil\u00f4metro 116 da rodovia.<\/p>\n\n\n\n<p>O condutor foi arremessado para fora do ve\u00edculo e o corpo foi encontrado \u00e0s margens da rodovia. Ainda de acordo com a PM, a v\u00edtima n\u00e3o tinha carteira de habilita\u00e7\u00e3o.<\/p>\n\n\n\n<p>O corpo foi levado para o Instituto M\u00e9dico Legal (IML) de Curvelo e as causas do acidente ser\u00e3o investigadas.<\/p>\n\n\n\n<figure class=\"wp-block-gallery columns-1 is-cropped wp-block-gallery-1 is-layout-flex wp-block-gallery-is-layout-flex\"><ul class=\"blocks-gallery-grid\"><li class=\"blocks-gallery-item\"><figure><img loading=\"lazy\" decoding=\"async\" width=\"678\" height=\"341\" src=\"https:\/\/aconteceunovale.com.br\/portal\/wp-content\/uploads\/2020\/12\/acidente_corinto.jpeg\" alt=\"\" data-id=\"171345\" data-full-url=\"https:\/\/aconteceunovale.com.br\/portal\/wp-content\/uploads\/2020\/12\/acidente_corinto.jpeg\" data-link=\"https:\/\/aconteceunovale.com.br\/portal\/?attachment_id=171345\" class=\"wp-image-171345\" srcset=\"https:\/\/aconteceunovale.com.br\/portal\/wp-content\/uploads\/2020\/12\/acidente_corinto.jpeg 678w, https:\/\/aconteceunovale.com.br\/portal\/wp-content\/uploads\/2020\/12\/acidente_corinto-300x151.jpeg 300w\" sizes=\"auto, (max-width: 678px) 100vw, 678px\" \/><figcaption class=\"blocks-gallery-item__caption\"><em>Foto: Pol\u00edcia Militar Rodovi\u00e1ria\/Divulga\u00e7\u00e3o<\/em><\/figcaption><\/figure><\/li><\/ul><\/figure>\n\n\n\n<h2 class=\"wp-block-heading\"><strong>Acidente em Curvelo<\/strong><\/h2>\n\n\n\n<p>Uma mulher de 28 anos morreu ap\u00f3s ser atropelada na MGC-259, entre Curvelo e Inimutaba, na regi\u00e3o Central do Estado. O corpo da v\u00edtima foi encontrado na altura do quil\u00f4metro 542 da rodovia depois que a Pol\u00edcia Militar recebeu uma den\u00fancia.<\/p>\n\n\n\n<p>Segundo a PM, a mulher foi atingida por um ve\u00edculo, ainda n\u00e3o identificado, e, em seguida, outros autom\u00f3veis passaram por cima do corpo dela.<\/p>\n\n\n\n<p>A per\u00edcia foi acionada e o corpo foi levado para o IML de Curvelo, onde foi reconhecido por familiares. O caso \u00e9 investigado pela Delegacia de Crimes de Tr\u00e2nsito.<\/p>\n\n\n\n<p class=\"has-white-color has-vivid-cyan-blue-background-color has-text-color has-background\">Quer saber as not\u00edcias do <strong>Aconteceu no Vale<\/strong> em primeira m\u00e3o? Siga-nos no Facebook <a rel=\"noreferrer noopener\" href=\"http:\/\/facebook.com\/aconteceunovale\" target=\"_blank\">@aconteceunovale<\/a>, Twitter <a rel=\"noreferrer noopener\" href=\"https:\/\/twitter.com\/noticiadosvales\" target=\"_blank\">@noticiadosvales<\/a> e Instagram <a rel=\"noreferrer noopener\" href=\"https:\/\/www.instagram.com\/aconteceunovale\" target=\"_blank\">@aconteceunovale<\/a>.<\/p>\n","protected":false},"excerpt":{"rendered":"<p>Um homem de 29 anos morreu em um acidente na MGC-496, em Corinto, na noite de domingo (27\/12\/2020). Segundo informa\u00e7\u00f5es da Pol\u00edcia Militar Rodovi\u00e1ria, o motorista viajava sozinho e capotou o carro na altura do quil\u00f4metro 116 da rodovia. O condutor foi arremessado para fora do ve\u00edculo e o corpo foi encontrado \u00e0s margens da [&hellip;]<\/p>\n","protected":false},"author":4,"featured_media":171345,"comment_status":"open","ping_status":"closed","sticky":false,"template":"","format":"standard","meta":{"amp_status":"","footnotes":""},"categories":[123],"tags":[54170,19375,233420,147077,214492,233419,233421,233422,233417,233418,1534,197,1018,147076,233423,233424],"class_list":["post-171344","post","type-post","status-publish","format-standard","has-post-thumbnail","hentry","category-gerais","tag-acidente-em-corinto","tag-acidente-em-curvelo","tag-acidente-na-mgc-259-em-curvelo","tag-acidente-na-mgc-496","tag-acidente-na-mgc-496-em-corinto","tag-acidentes-deixam-mortos-em-corinto-e-curvelo","tag-atropelamento-em-curvelo","tag-atropelamento-na-mgc-259-em-curvelo","tag-capotamento-em-corinto","tag-capotamento-na-mgc-496-em-corinto","tag-corinto","tag-curvelo","tag-destaque","tag-mgc-496","tag-mulher-atropelada-em-curvelo","tag-mulher-atropelada-na-mgc-259-em-curvelo"],"_links":{"self":[{"href":"https:\/\/aconteceunovale.com.br\/portal\/index.php?rest_route=\/wp\/v2\/posts\/171344","targetHints":{"allow":["GET"]}}],"collection":[{"href":"https:\/\/aconteceunovale.com.br\/portal\/index.php?rest_route=\/wp\/v2\/posts"}],"about":[{"href":"https:\/\/aconteceunovale.com.br\/portal\/index.php?rest_route=\/wp\/v2\/types\/post"}],"author":[{"embeddable":true,"href":"https:\/\/aconteceunovale.com.br\/portal\/index.php?rest_route=\/wp\/v2\/users\/4"}],"replies":[{"embeddable":true,"href":"https:\/\/aconteceunovale.com.br\/portal\/index.php?rest_route=%2Fwp%2Fv2%2Fcomments&post=171344"}],"version-history":[{"count":1,"href":"https:\/\/aconteceunovale.com.br\/portal\/index.php?rest_route=\/wp\/v2\/posts\/171344\/revisions"}],"predecessor-version":[{"id":171346,"href":"https:\/\/aconteceunovale.com.br\/portal\/index.php?rest_route=\/wp\/v2\/posts\/171344\/revisions\/171346"}],"wp:featuredmedia":[{"embeddable":true,"href":"https:\/\/aconteceunovale.com.br\/portal\/index.php?rest_route=\/wp\/v2\/media\/171345"}],"wp:attachment":[{"href":"https:\/\/aconteceunovale.com.br\/portal\/index.php?rest_route=%2Fwp%2Fv2%2Fmedia&parent=171344"}],"wp:term":[{"taxonomy":"category","embeddable":true,"href":"https:\/\/aconteceunovale.com.br\/portal\/index.php?rest_route=%2Fwp%2Fv2%2Fcategories&post=171344"},{"taxonomy":"post_tag","embeddable":true,"href":"https:\/\/aconteceunovale.com.br\/portal\/index.php?rest_route=%2Fwp%2Fv2%2Ftags&post=171344"}],"curies":[{"name":"wp","href":"https:\/\/api.w.org\/{rel}","templated":true}]}}