{"id":17134,"date":"2013-12-28T21:20:02","date_gmt":"2013-12-28T23:20:02","guid":{"rendered":"http:\/\/aconteceunovale.com.br\/portal\/?p=17134"},"modified":"2013-12-28T21:20:02","modified_gmt":"2013-12-28T23:20:02","slug":"44-cidades-afetadas-pelas-chuvas-ja-estao-tecnicamente-capacitadas-para-receber-dinheiro-da-uniao","status":"publish","type":"post","link":"https:\/\/aconteceunovale.com.br\/portal\/?p=17134","title":{"rendered":"44 cidades afetadas pelas chuvas j\u00e1 est\u00e3o tecnicamente capacitadas para receber dinheiro da Uni\u00e3o"},"content":{"rendered":"<p><em><strong>Dos 58 munic\u00edpios convocados pelo Governo do Estado de Minas Gerais, 76% compareceram \u00e0 a\u00e7\u00e3o da Cedec, em Governador Valadares.<\/strong><\/em><\/p>\n<p>A  Coordenadoria Estadual de Defesa Civil (Cedec\/MG) realizou neste s\u00e1bado (28\/12) um workshop, em Governador Valadares, para apoiar os munic\u00edpios na resolu\u00e7\u00e3o de tr\u00e2mites burocr\u00e1ticos para recebimento de recursos para recupera\u00e7\u00e3o de \u00e1reas atingidas pelas chuvas. Durante o trabalho os representantes das prefeituras foram orientados sobre como fazer o preenchimento do Formul\u00e1rio de Informa\u00e7\u00e3o de Desastre, sobre a cria\u00e7\u00e3o do Cart\u00e3o de Pagamento da Defesa Civil, a capta\u00e7\u00e3o de recursos federais e o preenchimento do Plano de Resposta (que deve ser remetido ao Governo Federal).<\/p>\n<p>Para regulamentar a documenta\u00e7\u00e3o, al\u00e9m de tirar poss\u00edveis d\u00favidas sobre a import\u00e2ncia da implanta\u00e7\u00e3o da Coordenadoria Municipal de Prote\u00e7\u00e3o e Defesa Civil, a Cedec montou uma estrutura especifica no audit\u00f3rio da 8a. Regi\u00e3o Integrada de Seguran\u00e7a P\u00fablica (8\u00ba RISP). 90 pessoas foram instru\u00eddas, entre elas, prefeitos, secret\u00e1rios municipais, coordenadores municipais de Prote\u00e7\u00e3o e Defesa Civil, engenheiros, entre outros.<\/p>\n<p>Os munic\u00edpios que participaram do trabalho s\u00e3o: Conselheiro Pena, Sardo\u00e1, Santa Rita do Itueto, Virgol\u00e2ndia, Tim\u00f3teo, Coronel Fabriciano, S\u00e3o Pedro do Sua\u00e7u\u00ed, Ipaba, Mathias Lobato, Ardoce, Ara\u00e7ua\u00ed, Itamarandiba, Itanhomi, Governador Valadares, Cuparaque, Goiabeira, Santo Ant\u00f4nio do Itamb\u00e9, Frei Inoc\u00eancio, Caratinga, Te\u00f3filo Otoni, Aimor\u00e9s, Itueta, Machacalis, Atal\u00e9ia, Tumiritinga, Ladainha, Francisc\u00f3polis, Vargem Alegre, S\u00e3o Geraldo da Piedade, Serro, Engenheiro Caldas, Fernandes Tourino, Itambacuri, Galil\u00e9ia, Mantena, Padre Para\u00edso, Alvarenga, Ipatinga, Marilac, Resplendor, S\u00e3o Jo\u00e3o do Manteninha, Comercinho, Coluna, Alpercata, Virgin\u00f3polis, Ara\u00e7ua\u00ed.<\/p>\n<p>Agora cabe a cada cidade ir a uma ag\u00eancia do Banco do Brasil, levar a documenta\u00e7\u00e3o e solicitar o cart\u00e3o.<\/p>\n<p><img decoding=\"async\" src=\"http:\/\/aconteceunovale.com.br\/portal\/wp-content\/uploads\/2013\/12\/dilma_libera_recurso.jpg\" alt=\"\" \/><br \/>\n<em>Governador Anastasia, Presidente Dilma e ministros &#8211; Foto: Imprensa MG<\/em><\/p>\n","protected":false},"excerpt":{"rendered":"<p>Dos 58 munic\u00edpios convocados pelo Governo do Estado de Minas Gerais, 76% compareceram \u00e0 a\u00e7\u00e3o da Cedec, em Governador Valadares. A Coordenadoria Estadual de Defesa Civil (Cedec\/MG) realizou neste s\u00e1bado (28\/12) um workshop, em Governador Valadares, para apoiar os munic\u00edpios na resolu\u00e7\u00e3o de tr\u00e2mites burocr\u00e1ticos para recebimento de recursos para recupera\u00e7\u00e3o de \u00e1reas atingidas pelas [&hellip;]<\/p>\n","protected":false},"author":1,"featured_media":0,"comment_status":"open","ping_status":"closed","sticky":false,"template":"","format":"standard","meta":{"amp_status":"","footnotes":""},"categories":[123],"tags":[2238,273,274,275,186,2235,183,237,2233,281,426,282,1524,284,288,2237,1089,290,292,293,247,2234,201,149,188,297,298,344,2236,1516,300,302,572,309,314,315,317,1675,322,325,154,164,1105,330,1106,332,333],"class_list":["post-17134","post","type-post","status-publish","format-standard","hentry","category-gerais","tag-44-cidades-afetadas-pelas-chuvas-ja-estao-tecnicamente-capacitadas-para-receber-dinheiro-da-uniao","tag-aimores","tag-alpercata","tag-alvarenga","tag-aracuai","tag-ardoce","tag-ataleia","tag-caratinga","tag-cidades-atingidas-pela-chuva-recebem-orientacoes-para-receber-recursos","tag-coluna","tag-comercinho","tag-conselheiro-pena","tag-coronel-fabriciano","tag-cuparaque","tag-engenheiro-caldas","tag-fernandes-tourino","tag-franciscopolis","tag-frei-inocencio","tag-galileia","tag-goiabeira","tag-governador-valadares","tag-ipaba","tag-ipatinga","tag-itamarandiba","tag-itambacuri","tag-itanhomi","tag-itueta","tag-ladainha","tag-machacalis","tag-mantena","tag-marilac","tag-mathias-lobato","tag-padre-paraiso","tag-resplendor","tag-santa-rita-do-itueto","tag-santo-antonio-do-itambe","tag-sao-geraldo-da-piedade","tag-sao-joao-do-manteninha","tag-sao-pedro-do-suacui","tag-sardoa","tag-serro","tag-teofilo-otoni","tag-timoteo","tag-tumiritinga","tag-vargem-alegre","tag-virginopolis","tag-virgolandia"],"_links":{"self":[{"href":"https:\/\/aconteceunovale.com.br\/portal\/index.php?rest_route=\/wp\/v2\/posts\/17134","targetHints":{"allow":["GET"]}}],"collection":[{"href":"https:\/\/aconteceunovale.com.br\/portal\/index.php?rest_route=\/wp\/v2\/posts"}],"about":[{"href":"https:\/\/aconteceunovale.com.br\/portal\/index.php?rest_route=\/wp\/v2\/types\/post"}],"author":[{"embeddable":true,"href":"https:\/\/aconteceunovale.com.br\/portal\/index.php?rest_route=\/wp\/v2\/users\/1"}],"replies":[{"embeddable":true,"href":"https:\/\/aconteceunovale.com.br\/portal\/index.php?rest_route=%2Fwp%2Fv2%2Fcomments&post=17134"}],"version-history":[{"count":0,"href":"https:\/\/aconteceunovale.com.br\/portal\/index.php?rest_route=\/wp\/v2\/posts\/17134\/revisions"}],"wp:attachment":[{"href":"https:\/\/aconteceunovale.com.br\/portal\/index.php?rest_route=%2Fwp%2Fv2%2Fmedia&parent=17134"}],"wp:term":[{"taxonomy":"category","embeddable":true,"href":"https:\/\/aconteceunovale.com.br\/portal\/index.php?rest_route=%2Fwp%2Fv2%2Fcategories&post=17134"},{"taxonomy":"post_tag","embeddable":true,"href":"https:\/\/aconteceunovale.com.br\/portal\/index.php?rest_route=%2Fwp%2Fv2%2Ftags&post=17134"}],"curies":[{"name":"wp","href":"https:\/\/api.w.org\/{rel}","templated":true}]}}