{"id":171337,"date":"2020-12-28T14:39:45","date_gmt":"2020-12-28T17:39:45","guid":{"rendered":"https:\/\/aconteceunovale.com.br\/portal\/?p=171337"},"modified":"2020-12-28T14:39:59","modified_gmt":"2020-12-28T17:39:59","slug":"tiroteio-deixa-dois-mortos-e-dois-feridos-em-mathias-lobato-no-leste-de-minas","status":"publish","type":"post","link":"https:\/\/aconteceunovale.com.br\/portal\/?p=171337","title":{"rendered":"Tiroteio deixa dois mortos e dois feridos em Mathias Lobato, no Leste de Minas"},"content":{"rendered":"\n<p>Dois jovens, de 17 e 18 anos, morreram durante um tiroteio em Mathias Lobato, no Leste de Minas Gerais, nesse domingo (27\/12\/2020). O crime aconteceu na regi\u00e3o central da cidade.<\/p>\n\n\n\n<p>Segundo informa\u00e7\u00f5es da Pol\u00edcia Militar, as v\u00edtimas passavam pela avenida Prefeito Lourival Ferreira quando foram surpreendidas por tr\u00eas homens armados. Matheus Rodrigues Medeiros e Dhiogo de Souza Alves foram atingidos e morreram no local.<\/p>\n\n\n\n<p>Segundo a per\u00edcia, Matheus foi baleado v\u00e1rias vezes e n\u00e3o teve como precisar a quantidade. J\u00e1 Dhiogo foi atingido por um tiro na cabe\u00e7a.<\/p>\n\n\n\n<p>De acordo com a PM, outros dois rapazes tamb\u00e9m foram baleados e levados para o Hospital Municipal de Governador Valadares. O estado de sa\u00fade deles n\u00e3o foi divulgado.<\/p>\n\n\n\n<p>Ap\u00f3s o crime, os autores fugiram de carro. Um deles, de 22 anos, foi preso e um adolescente, de 16, detido. Um ve\u00edculo, uma garrucha e dois cartuchos foram apreendidos.<\/p>\n\n\n\n<figure class=\"wp-block-gallery columns-1 is-cropped wp-block-gallery-1 is-layout-flex wp-block-gallery-is-layout-flex\"><ul class=\"blocks-gallery-grid\"><li class=\"blocks-gallery-item\"><figure><img loading=\"lazy\" decoding=\"async\" width=\"678\" height=\"381\" src=\"https:\/\/aconteceunovale.com.br\/portal\/wp-content\/uploads\/2020\/12\/homicidio_mathias_lobato.jpeg\" alt=\"\" data-id=\"171338\" data-full-url=\"https:\/\/aconteceunovale.com.br\/portal\/wp-content\/uploads\/2020\/12\/homicidio_mathias_lobato.jpeg\" data-link=\"https:\/\/aconteceunovale.com.br\/portal\/?attachment_id=171338\" class=\"wp-image-171338\" srcset=\"https:\/\/aconteceunovale.com.br\/portal\/wp-content\/uploads\/2020\/12\/homicidio_mathias_lobato.jpeg 678w, https:\/\/aconteceunovale.com.br\/portal\/wp-content\/uploads\/2020\/12\/homicidio_mathias_lobato-300x169.jpeg 300w\" sizes=\"auto, (max-width: 678px) 100vw, 678px\" \/><figcaption class=\"blocks-gallery-item__caption\"><em>Foto: Leandro Silva \/ Reprodu\u00e7\u00e3o<\/em><\/figcaption><\/figure><\/li><\/ul><\/figure>\n\n\n\n<p class=\"has-white-color has-vivid-cyan-blue-background-color has-text-color has-background\">Quer saber as not\u00edcias do <strong>Aconteceu no Vale<\/strong> em primeira m\u00e3o? Siga-nos no Facebook <a rel=\"noreferrer noopener\" href=\"http:\/\/facebook.com\/aconteceunovale\" target=\"_blank\">@aconteceunovale<\/a>, Twitter <a rel=\"noreferrer noopener\" href=\"https:\/\/twitter.com\/noticiadosvales\" target=\"_blank\">@noticiadosvales<\/a> e Instagram <a rel=\"noreferrer noopener\" href=\"https:\/\/www.instagram.com\/aconteceunovale\" target=\"_blank\">@aconteceunovale<\/a>.<\/p>\n","protected":false},"excerpt":{"rendered":"<p>Dois jovens, de 17 e 18 anos, morreram durante um tiroteio em Mathias Lobato, no Leste de Minas Gerais, nesse domingo (27\/12\/2020). O crime aconteceu na regi\u00e3o central da cidade. Segundo informa\u00e7\u00f5es da Pol\u00edcia Militar, as v\u00edtimas passavam pela avenida Prefeito Lourival Ferreira quando foram surpreendidas por tr\u00eas homens armados. Matheus Rodrigues Medeiros e Dhiogo [&hellip;]<\/p>\n","protected":false},"author":4,"featured_media":171338,"comment_status":"open","ping_status":"closed","sticky":false,"template":"","format":"standard","meta":{"amp_status":"","footnotes":""},"categories":[121],"tags":[233409,233411,233408,247,18800,233407,233410,302,233406,233405,18801],"class_list":["post-171337","post","type-post","status-publish","format-standard","has-post-thumbnail","hentry","category-leste","tag-assassinados-em-mathias-lobato","tag-dhiogo-de-souza-alves","tag-duplo-homicidio-em-mathias-lobato","tag-governador-valadares","tag-gv","tag-homicidios-em-mathias-lobato","tag-matheus-rodrigues-medeiros","tag-mathias-lobato","tag-mortos-em-mathias-lobato","tag-tiroteio-deixa-dois-mortos-e-dois-feridos-em-mathias-lobato","tag-valadares"],"_links":{"self":[{"href":"https:\/\/aconteceunovale.com.br\/portal\/index.php?rest_route=\/wp\/v2\/posts\/171337","targetHints":{"allow":["GET"]}}],"collection":[{"href":"https:\/\/aconteceunovale.com.br\/portal\/index.php?rest_route=\/wp\/v2\/posts"}],"about":[{"href":"https:\/\/aconteceunovale.com.br\/portal\/index.php?rest_route=\/wp\/v2\/types\/post"}],"author":[{"embeddable":true,"href":"https:\/\/aconteceunovale.com.br\/portal\/index.php?rest_route=\/wp\/v2\/users\/4"}],"replies":[{"embeddable":true,"href":"https:\/\/aconteceunovale.com.br\/portal\/index.php?rest_route=%2Fwp%2Fv2%2Fcomments&post=171337"}],"version-history":[{"count":1,"href":"https:\/\/aconteceunovale.com.br\/portal\/index.php?rest_route=\/wp\/v2\/posts\/171337\/revisions"}],"predecessor-version":[{"id":171339,"href":"https:\/\/aconteceunovale.com.br\/portal\/index.php?rest_route=\/wp\/v2\/posts\/171337\/revisions\/171339"}],"wp:featuredmedia":[{"embeddable":true,"href":"https:\/\/aconteceunovale.com.br\/portal\/index.php?rest_route=\/wp\/v2\/media\/171338"}],"wp:attachment":[{"href":"https:\/\/aconteceunovale.com.br\/portal\/index.php?rest_route=%2Fwp%2Fv2%2Fmedia&parent=171337"}],"wp:term":[{"taxonomy":"category","embeddable":true,"href":"https:\/\/aconteceunovale.com.br\/portal\/index.php?rest_route=%2Fwp%2Fv2%2Fcategories&post=171337"},{"taxonomy":"post_tag","embeddable":true,"href":"https:\/\/aconteceunovale.com.br\/portal\/index.php?rest_route=%2Fwp%2Fv2%2Ftags&post=171337"}],"curies":[{"name":"wp","href":"https:\/\/api.w.org\/{rel}","templated":true}]}}