{"id":171334,"date":"2020-12-28T14:31:04","date_gmt":"2020-12-28T17:31:04","guid":{"rendered":"https:\/\/aconteceunovale.com.br\/portal\/?p=171334"},"modified":"2020-12-28T14:31:44","modified_gmt":"2020-12-28T17:31:44","slug":"homem-e-preso-com-armas-e-drogas-em-governador-valadares","status":"publish","type":"post","link":"https:\/\/aconteceunovale.com.br\/portal\/?p=171334","title":{"rendered":"Homem \u00e9 preso com armas e drogas em Governador Valadares"},"content":{"rendered":"\n<p>Um homem de 51 anos foi preso por porte ilegal de arma de fogo e suspeita de tr\u00e1fico de drogas no bairro Vila Isa, em Governador Valadares, no Leste de Minas Gerais.<\/p>\n\n\n\n<p>Segundo informa\u00e7\u00f5es da Pol\u00edcia Militar, durante uma opera\u00e7\u00e3o de batida policial, os militares receberam den\u00fancias de que havia comercializa\u00e7\u00e3o de drogas em uma rua do bairro e que o suspeito estaria armado.<\/p>\n\n\n\n<p>Ao chegarem no local, os policiais encontraram o homem e, pr\u00f3ximo a ele, um papelote de coca\u00edna. Na casa do suspeito, os militares encontraram dois rev\u00f3lveres, sendo um de calibre 38 e outro de calibre 32.<\/p>\n\n\n\n<p>Ainda de acordo com a PM, tamb\u00e9m foram encontrados mais papelotes de coca\u00edna, muni\u00e7\u00f5es e bucha de maconha. O suspeito e os materiais apreendidos foram encaminhados \u00e0 Delegacia de Pol\u00edcia Civil.<\/p>\n\n\n\n<figure class=\"wp-block-gallery columns-1 is-cropped wp-block-gallery-1 is-layout-flex wp-block-gallery-is-layout-flex\"><ul class=\"blocks-gallery-grid\"><li class=\"blocks-gallery-item\"><figure><img loading=\"lazy\" decoding=\"async\" width=\"678\" height=\"387\" src=\"https:\/\/aconteceunovale.com.br\/portal\/wp-content\/uploads\/2020\/12\/armas_gv.jpeg\" alt=\"\" data-id=\"171335\" data-full-url=\"https:\/\/aconteceunovale.com.br\/portal\/wp-content\/uploads\/2020\/12\/armas_gv.jpeg\" data-link=\"https:\/\/aconteceunovale.com.br\/portal\/?attachment_id=171335\" class=\"wp-image-171335\" srcset=\"https:\/\/aconteceunovale.com.br\/portal\/wp-content\/uploads\/2020\/12\/armas_gv.jpeg 678w, https:\/\/aconteceunovale.com.br\/portal\/wp-content\/uploads\/2020\/12\/armas_gv-300x171.jpeg 300w\" sizes=\"auto, (max-width: 678px) 100vw, 678px\" \/><figcaption class=\"blocks-gallery-item__caption\"><em>Foto: Pol\u00edcia Militar\/Divulga\u00e7\u00e3o<\/em><\/figcaption><\/figure><\/li><\/ul><\/figure>\n\n\n\n<p class=\"has-white-color has-vivid-cyan-blue-background-color has-text-color has-background\">Quer saber as not\u00edcias do <strong>Aconteceu no Vale<\/strong> em primeira m\u00e3o? Siga-nos no Facebook <a rel=\"noreferrer noopener\" href=\"http:\/\/facebook.com\/aconteceunovale\" target=\"_blank\">@aconteceunovale<\/a>, Twitter <a rel=\"noreferrer noopener\" href=\"https:\/\/twitter.com\/noticiadosvales\" target=\"_blank\">@noticiadosvales<\/a> e Instagram <a rel=\"noreferrer noopener\" href=\"https:\/\/www.instagram.com\/aconteceunovale\" target=\"_blank\">@aconteceunovale<\/a>.<\/p>\n","protected":false},"excerpt":{"rendered":"<p>Um homem de 51 anos foi preso por porte ilegal de arma de fogo e suspeita de tr\u00e1fico de drogas no bairro Vila Isa, em Governador Valadares, no Leste de Minas Gerais. Segundo informa\u00e7\u00f5es da Pol\u00edcia Militar, durante uma opera\u00e7\u00e3o de batida policial, os militares receberam den\u00fancias de que havia comercializa\u00e7\u00e3o de drogas em uma [&hellip;]<\/p>\n","protected":false},"author":4,"featured_media":171335,"comment_status":"open","ping_status":"closed","sticky":false,"template":"","format":"standard","meta":{"amp_status":"","footnotes":""},"categories":[121],"tags":[195687,127520,247,233403,233404,76857,46661,62424],"class_list":["post-171334","post","type-post","status-publish","format-standard","has-post-thumbnail","hentry","category-leste","tag-apreensao-de-arma-em-governador-valadares","tag-arma-apreendida-em-governador-valadares","tag-governador-valadares","tag-homem-e-preso-com-armas-e-drogas-em-governador-valadares","tag-preso-com-armas-em-governador-valadares","tag-traficante-preso-em-governador-valadares","tag-trafico-de-drogas-em-governador-valadares","tag-trafico-em-governador-valadares"],"_links":{"self":[{"href":"https:\/\/aconteceunovale.com.br\/portal\/index.php?rest_route=\/wp\/v2\/posts\/171334","targetHints":{"allow":["GET"]}}],"collection":[{"href":"https:\/\/aconteceunovale.com.br\/portal\/index.php?rest_route=\/wp\/v2\/posts"}],"about":[{"href":"https:\/\/aconteceunovale.com.br\/portal\/index.php?rest_route=\/wp\/v2\/types\/post"}],"author":[{"embeddable":true,"href":"https:\/\/aconteceunovale.com.br\/portal\/index.php?rest_route=\/wp\/v2\/users\/4"}],"replies":[{"embeddable":true,"href":"https:\/\/aconteceunovale.com.br\/portal\/index.php?rest_route=%2Fwp%2Fv2%2Fcomments&post=171334"}],"version-history":[{"count":1,"href":"https:\/\/aconteceunovale.com.br\/portal\/index.php?rest_route=\/wp\/v2\/posts\/171334\/revisions"}],"predecessor-version":[{"id":171336,"href":"https:\/\/aconteceunovale.com.br\/portal\/index.php?rest_route=\/wp\/v2\/posts\/171334\/revisions\/171336"}],"wp:featuredmedia":[{"embeddable":true,"href":"https:\/\/aconteceunovale.com.br\/portal\/index.php?rest_route=\/wp\/v2\/media\/171335"}],"wp:attachment":[{"href":"https:\/\/aconteceunovale.com.br\/portal\/index.php?rest_route=%2Fwp%2Fv2%2Fmedia&parent=171334"}],"wp:term":[{"taxonomy":"category","embeddable":true,"href":"https:\/\/aconteceunovale.com.br\/portal\/index.php?rest_route=%2Fwp%2Fv2%2Fcategories&post=171334"},{"taxonomy":"post_tag","embeddable":true,"href":"https:\/\/aconteceunovale.com.br\/portal\/index.php?rest_route=%2Fwp%2Fv2%2Ftags&post=171334"}],"curies":[{"name":"wp","href":"https:\/\/api.w.org\/{rel}","templated":true}]}}