{"id":171326,"date":"2020-12-28T10:15:40","date_gmt":"2020-12-28T13:15:40","guid":{"rendered":"https:\/\/aconteceunovale.com.br\/portal\/?p=171326"},"modified":"2020-12-28T10:16:46","modified_gmt":"2020-12-28T13:16:46","slug":"vice-presidente-testa-positivo-para-covid-19","status":"publish","type":"post","link":"https:\/\/aconteceunovale.com.br\/portal\/?p=171326","title":{"rendered":"Vice-presidente testa positivo para Covid-19"},"content":{"rendered":"\n<p>O vice-presidente da Rep\u00fablica, Hamilton Mour\u00e3o, testou positivo para a Covid-19. A informa\u00e7\u00e3o foi divulgada pela assessoria da Vice-Presid\u00eancia da Rep\u00fablica, por meio de nota, na noite de domingo (27\/12\/2020).<\/p>\n\n\n\n<p>De acordo com a nota, o teste positivo para a Covid-19 foi confirmado na tarde de ontem. O documento diz ainda que Mour\u00e3o permanecer\u00e1 em isolamento na resid\u00eancia oficial do Jaburu.<\/p>\n\n\n\n<figure class=\"wp-block-gallery columns-1 is-cropped wp-block-gallery-1 is-layout-flex wp-block-gallery-is-layout-flex\"><ul class=\"blocks-gallery-grid\"><li class=\"blocks-gallery-item\"><figure><img loading=\"lazy\" decoding=\"async\" width=\"678\" height=\"406\" src=\"https:\/\/aconteceunovale.com.br\/portal\/wp-content\/uploads\/2020\/12\/mourao-1.jpg\" alt=\"\" data-id=\"171327\" data-full-url=\"https:\/\/aconteceunovale.com.br\/portal\/wp-content\/uploads\/2020\/12\/mourao-1.jpg\" data-link=\"https:\/\/aconteceunovale.com.br\/portal\/?attachment_id=171327\" class=\"wp-image-171327\" srcset=\"https:\/\/aconteceunovale.com.br\/portal\/wp-content\/uploads\/2020\/12\/mourao-1.jpg 678w, https:\/\/aconteceunovale.com.br\/portal\/wp-content\/uploads\/2020\/12\/mourao-1-300x180.jpg 300w\" sizes=\"auto, (max-width: 678px) 100vw, 678px\" \/><figcaption class=\"blocks-gallery-item__caption\"><em>Hamilton Mour\u00e3o &#8211; Foto: Fabio Rodrigues Pozzebom \/ Ag\u00eancia Brasil<\/em><\/figcaption><\/figure><\/li><\/ul><\/figure>\n\n\n\n<h2 class=\"wp-block-heading\">Nota<\/h2>\n\n\n\n<p><em>\u201cNa tarde de hoje, domingo, 27 de dezembro, foi confirmado o teste positivo para Covid-19 do vice-presidente da Rep\u00fablica, Hamilton Mour\u00e3o, que permanecer\u00e1 em isolamento na resid\u00eancia oficial do Jaburu.\u201d<\/em><\/p>\n\n\n\n<p class=\"has-white-color has-vivid-cyan-blue-background-color has-text-color has-background\">Quer saber as not\u00edcias do <strong>Aconteceu no Vale<\/strong> em primeira m\u00e3o? Siga-nos no Facebook <a rel=\"noreferrer noopener\" href=\"http:\/\/facebook.com\/aconteceunovale\" target=\"_blank\">@aconteceunovale<\/a>, Twitter <a rel=\"noreferrer noopener\" href=\"https:\/\/twitter.com\/noticiadosvales\" target=\"_blank\">@noticiadosvales<\/a> e Instagram <a rel=\"noreferrer noopener\" href=\"https:\/\/www.instagram.com\/aconteceunovale\" target=\"_blank\">@aconteceunovale<\/a>.<\/p>\n","protected":false},"excerpt":{"rendered":"<p>O vice-presidente da Rep\u00fablica, Hamilton Mour\u00e3o, testou positivo para a Covid-19. A informa\u00e7\u00e3o foi divulgada pela assessoria da Vice-Presid\u00eancia da Rep\u00fablica, por meio de nota, na noite de domingo (27\/12\/2020). De acordo com a nota, o teste positivo para a Covid-19 foi confirmado na tarde de ontem. O documento diz ainda que Mour\u00e3o permanecer\u00e1 em [&hellip;]<\/p>\n","protected":false},"author":4,"featured_media":171327,"comment_status":"open","ping_status":"closed","sticky":false,"template":"","format":"standard","meta":{"amp_status":"","footnotes":""},"categories":[6,40240,40242],"tags":[214884,216498,177538,233388,215653,140166,219687,218365,37866,195878,233387],"class_list":["post-171326","post","type-post","status-publish","format-standard","has-post-thumbnail","hentry","category-br","category-politica-2","category-saude-2","tag-coronavirus","tag-covid-19","tag-hamilton-mourao","tag-mourao-testa-positivo-para-covid-19","tag-novo-coronavirus","tag-pandemia","tag-pandemia-da-covid-19","tag-pandemia-do-coronavirus","tag-vice-presidente-da-republica","tag-vice-presidente-hamilton-mourao","tag-vice-presidente-testa-positivo-para-covid-19"],"_links":{"self":[{"href":"https:\/\/aconteceunovale.com.br\/portal\/index.php?rest_route=\/wp\/v2\/posts\/171326","targetHints":{"allow":["GET"]}}],"collection":[{"href":"https:\/\/aconteceunovale.com.br\/portal\/index.php?rest_route=\/wp\/v2\/posts"}],"about":[{"href":"https:\/\/aconteceunovale.com.br\/portal\/index.php?rest_route=\/wp\/v2\/types\/post"}],"author":[{"embeddable":true,"href":"https:\/\/aconteceunovale.com.br\/portal\/index.php?rest_route=\/wp\/v2\/users\/4"}],"replies":[{"embeddable":true,"href":"https:\/\/aconteceunovale.com.br\/portal\/index.php?rest_route=%2Fwp%2Fv2%2Fcomments&post=171326"}],"version-history":[{"count":1,"href":"https:\/\/aconteceunovale.com.br\/portal\/index.php?rest_route=\/wp\/v2\/posts\/171326\/revisions"}],"predecessor-version":[{"id":171328,"href":"https:\/\/aconteceunovale.com.br\/portal\/index.php?rest_route=\/wp\/v2\/posts\/171326\/revisions\/171328"}],"wp:featuredmedia":[{"embeddable":true,"href":"https:\/\/aconteceunovale.com.br\/portal\/index.php?rest_route=\/wp\/v2\/media\/171327"}],"wp:attachment":[{"href":"https:\/\/aconteceunovale.com.br\/portal\/index.php?rest_route=%2Fwp%2Fv2%2Fmedia&parent=171326"}],"wp:term":[{"taxonomy":"category","embeddable":true,"href":"https:\/\/aconteceunovale.com.br\/portal\/index.php?rest_route=%2Fwp%2Fv2%2Fcategories&post=171326"},{"taxonomy":"post_tag","embeddable":true,"href":"https:\/\/aconteceunovale.com.br\/portal\/index.php?rest_route=%2Fwp%2Fv2%2Ftags&post=171326"}],"curies":[{"name":"wp","href":"https:\/\/api.w.org\/{rel}","templated":true}]}}