{"id":171321,"date":"2020-12-28T09:43:25","date_gmt":"2020-12-28T12:43:25","guid":{"rendered":"https:\/\/aconteceunovale.com.br\/portal\/?p=171321"},"modified":"2020-12-28T09:43:46","modified_gmt":"2020-12-28T12:43:46","slug":"prazo-para-adesao-ao-programa-de-regularizacao-ambiental-termina-em-31-de-dezembro","status":"publish","type":"post","link":"https:\/\/aconteceunovale.com.br\/portal\/?p=171321","title":{"rendered":"Prazo para ades\u00e3o ao Programa de Regulariza\u00e7\u00e3o Ambiental termina em 31 de dezembro"},"content":{"rendered":"\n<p>Agricultores familiares e demais produtores rurais precisam ficar atentos ao prazo final do direito de ades\u00e3o ao Programa de Regulariza\u00e7\u00e3o Ambiental (PRA), que se encerra na quinta-feira da pr\u00f3xima semana (31\/12). O alerta \u00e9 dos t\u00e9cnicos da&nbsp;<a href=\"http:\/\/www.emater.mg.gov.br\/\" target=\"_blank\" rel=\"noreferrer noopener\">Empresa de Assist\u00eancia T\u00e9cnica e Extens\u00e3o Rural do Estado de Minas Gerais (Emater-MG)<\/a>. A ades\u00e3o ao PRA \u00e9 feita por meio da inscri\u00e7\u00e3o do im\u00f3vel rural no&nbsp;<a href=\"http:\/\/www.car.gov.br\/\" target=\"_blank\" rel=\"noreferrer noopener\">Cadastro Ambiental Rural (CAR)<\/a>.&nbsp;<\/p>\n\n\n\n<p>\u201cEssa ades\u00e3o implica em grandes benef\u00edcios, principalmente para os agricultores familiares que est\u00e3o vinculados \u00e0 ela. O usu\u00e1rio faz o CAR e, no fim, ter\u00e1 uma pergunta: \u2018deseja aderir ao PRA?\u2019, a recomenda\u00e7\u00e3o \u00e9 que ele marque a resposta \u2018sim\u2019. Mesmo quem j\u00e1 fez o CAR e n\u00e3o aderiu, pode fazer uma retifica\u00e7\u00e3o\u201d, explica o coordenador t\u00e9cnico estadual de Meio Ambiente da Emater-MG, \u00canio Resende.<\/p>\n\n\n\n<p>Ainda de acordo o coordenador da Emater-MG a ades\u00e3o ao Programa de Regulariza\u00e7\u00e3o Ambiental (PRA) garante a aplica\u00e7\u00e3o de diversos dispositivos legais contidos no C\u00f3digo Florestal que podem trazer benef\u00edcios para os agricultores na regulariza\u00e7\u00e3o ambiental do im\u00f3vel rural. \u201cEspecialmente na quest\u00e3o das \u00e1reas de preserva\u00e7\u00e3o permanente, de reserva legal e \u00e1reas rurais com uso antr\u00f3pico consolidado\u201d, ressalta.<\/p>\n\n\n\n<p>\u00c9 importante refor\u00e7ar que a inscri\u00e7\u00e3o no CAR pode ser feita a qualquer momento, para antigos im\u00f3veis ou para aqueles que est\u00e3o sendo formados agora, e possui prazo indeterminado. No entanto, o direito de ades\u00e3o ao PRA se restringe aos im\u00f3veis que estiverem inscritos at\u00e9 31\/12\/2020.<\/p>\n\n\n\n<p>A Emater-MG destaca que o direito \u00e0 ades\u00e3o ao programa est\u00e1 de acordo com o que determina a Legisla\u00e7\u00e3o Florestal vigente \u2013 Lei Federal 12.651 e Lei Estadual 20.922 \u2013 e com as orienta\u00e7\u00f5es e decis\u00f5es do Servi\u00e7o Florestal Brasileiro (SFB), do Minist\u00e9rio da Agricultura, Pecu\u00e1ria e Abastecimento (Mapa) e do\u00a0<a rel=\"noreferrer noopener\" href=\"http:\/\/www.ief.mg.gov.br\/\" target=\"_blank\">Instituto Estadual de Florestas (IEF)<\/a>.<\/p>\n\n\n\n<p class=\"has-white-color has-vivid-cyan-blue-background-color has-text-color has-background\">Quer saber as not\u00edcias do <strong>Aconteceu no Vale<\/strong> em primeira m\u00e3o? Siga-nos no Facebook <a rel=\"noreferrer noopener\" href=\"http:\/\/facebook.com\/aconteceunovale\" target=\"_blank\">@aconteceunovale<\/a>, Twitter <a rel=\"noreferrer noopener\" href=\"https:\/\/twitter.com\/noticiadosvales\" target=\"_blank\">@noticiadosvales<\/a> e Instagram <a rel=\"noreferrer noopener\" href=\"https:\/\/www.instagram.com\/aconteceunovale\" target=\"_blank\">@aconteceunovale<\/a>.<\/p>\n","protected":false},"excerpt":{"rendered":"<p>Agricultores familiares e demais produtores rurais precisam ficar atentos ao prazo final do direito de ades\u00e3o ao Programa de Regulariza\u00e7\u00e3o Ambiental (PRA), que se encerra na quinta-feira da pr\u00f3xima semana (31\/12). O alerta \u00e9 dos t\u00e9cnicos da&nbsp;Empresa de Assist\u00eancia T\u00e9cnica e Extens\u00e3o Rural do Estado de Minas Gerais (Emater-MG). A ades\u00e3o ao PRA \u00e9 feita [&hellip;]<\/p>\n","protected":false},"author":4,"featured_media":171322,"comment_status":"open","ping_status":"closed","sticky":false,"template":"","format":"standard","meta":{"amp_status":"","footnotes":""},"categories":[123],"tags":[8354,42405,25775,233378,748,233379,233380,23235,233377,91974,233376,233373,112204,233374,233375,214588,24666,233381,233382],"class_list":["post-171321","post","type-post","status-publish","format-standard","has-post-thumbnail","hentry","category-gerais","tag-cadastro-ambiental-rural","tag-car","tag-emater-mg","tag-enio-resende","tag-ief","tag-lei-12651","tag-lei-20922","tag-mapa","tag-meio-ambiente-da-emater-mg","tag-ministerio-da-agricultura","tag-pra-minas-gerais","tag-prazo-para-adesao-ao-programa-de-regularizacao-ambiental-termina-em-31-de-dezembro","tag-programa-de-regularizacao-ambiental","tag-programa-de-regularizacao-ambiental-em-minas-gerais","tag-programa-de-regularizacao-ambiental-minas-gerais","tag-seapa-mg","tag-semad","tag-servico-floreal-brasileiro","tag-sfb"],"_links":{"self":[{"href":"https:\/\/aconteceunovale.com.br\/portal\/index.php?rest_route=\/wp\/v2\/posts\/171321","targetHints":{"allow":["GET"]}}],"collection":[{"href":"https:\/\/aconteceunovale.com.br\/portal\/index.php?rest_route=\/wp\/v2\/posts"}],"about":[{"href":"https:\/\/aconteceunovale.com.br\/portal\/index.php?rest_route=\/wp\/v2\/types\/post"}],"author":[{"embeddable":true,"href":"https:\/\/aconteceunovale.com.br\/portal\/index.php?rest_route=\/wp\/v2\/users\/4"}],"replies":[{"embeddable":true,"href":"https:\/\/aconteceunovale.com.br\/portal\/index.php?rest_route=%2Fwp%2Fv2%2Fcomments&post=171321"}],"version-history":[{"count":1,"href":"https:\/\/aconteceunovale.com.br\/portal\/index.php?rest_route=\/wp\/v2\/posts\/171321\/revisions"}],"predecessor-version":[{"id":171323,"href":"https:\/\/aconteceunovale.com.br\/portal\/index.php?rest_route=\/wp\/v2\/posts\/171321\/revisions\/171323"}],"wp:featuredmedia":[{"embeddable":true,"href":"https:\/\/aconteceunovale.com.br\/portal\/index.php?rest_route=\/wp\/v2\/media\/171322"}],"wp:attachment":[{"href":"https:\/\/aconteceunovale.com.br\/portal\/index.php?rest_route=%2Fwp%2Fv2%2Fmedia&parent=171321"}],"wp:term":[{"taxonomy":"category","embeddable":true,"href":"https:\/\/aconteceunovale.com.br\/portal\/index.php?rest_route=%2Fwp%2Fv2%2Fcategories&post=171321"},{"taxonomy":"post_tag","embeddable":true,"href":"https:\/\/aconteceunovale.com.br\/portal\/index.php?rest_route=%2Fwp%2Fv2%2Ftags&post=171321"}],"curies":[{"name":"wp","href":"https:\/\/api.w.org\/{rel}","templated":true}]}}