{"id":171313,"date":"2020-12-27T22:12:11","date_gmt":"2020-12-28T01:12:11","guid":{"rendered":"https:\/\/aconteceunovale.com.br\/portal\/?p=171313"},"modified":"2020-12-27T22:12:24","modified_gmt":"2020-12-28T01:12:24","slug":"idoso-e-preso-por-tentativa-de-homicidio-em-coluna","status":"publish","type":"post","link":"https:\/\/aconteceunovale.com.br\/portal\/?p=171313","title":{"rendered":"Idoso \u00e9 preso por tentativa de homic\u00eddio em Coluna"},"content":{"rendered":"\n<p>Um idoso de 63 anos foi preso em Coluna (MG), nesse s\u00e1bado (26\/12\/2020), ap\u00f3s tentar matar um homem, de 52, com golpes de faca e foice. A v\u00edtima foi atingida no pesco\u00e7o, nas costas e em um dos bra\u00e7os.<\/p>\n\n\n\n<p>Segundo informa\u00e7\u00f5es da Pol\u00edcia Militar, o homem disse que foi abordado pelo idoso ap\u00f3s sair de um bar. Uma pessoa que estava com a v\u00edtima segurou o suspeito, que correu sentido \u00e0 sua resid\u00eancia.<\/p>\n\n\n\n<p>Ainda de acordo com a PM, o homem agredido foi socorrido ao hospital e segue internado. O suspeito foi localizado e conduzido \u00e0 Delegacia de Pol\u00edcia Civil.<\/p>\n\n\n\n<p>O caso ser\u00e1 investigado.<\/p>\n\n\n\n<p class=\"has-white-color has-vivid-cyan-blue-background-color has-text-color has-background\">Quer saber as not\u00edcias do <strong>Aconteceu no Vale<\/strong> em primeira m\u00e3o? Siga-nos no Facebook <a rel=\"noreferrer noopener\" href=\"http:\/\/facebook.com\/aconteceunovale\" target=\"_blank\">@aconteceunovale<\/a>, Twitter <a rel=\"noreferrer noopener\" href=\"https:\/\/twitter.com\/noticiadosvales\" target=\"_blank\">@noticiadosvales<\/a> e Instagram <a rel=\"noreferrer noopener\" href=\"https:\/\/www.instagram.com\/aconteceunovale\" target=\"_blank\">@aconteceunovale<\/a>.<\/p>\n","protected":false},"excerpt":{"rendered":"<p>Um idoso de 63 anos foi preso em Coluna (MG), nesse s\u00e1bado (26\/12\/2020), ap\u00f3s tentar matar um homem, de 52, com golpes de faca e foice. A v\u00edtima foi atingida no pesco\u00e7o, nas costas e em um dos bra\u00e7os. Segundo informa\u00e7\u00f5es da Pol\u00edcia Militar, o homem disse que foi abordado pelo idoso ap\u00f3s sair de [&hellip;]<\/p>\n","protected":false},"author":4,"featured_media":151866,"comment_status":"open","ping_status":"closed","sticky":false,"template":"","format":"standard","meta":{"amp_status":"","footnotes":""},"categories":[121],"tags":[233365,281,233363,233362,233364,201757],"class_list":["post-171313","post","type-post","status-publish","format-standard","has-post-thumbnail","hentry","category-leste","tag-agredido-com-faca-e-foice-em-coluna","tag-coluna","tag-homem-agredido-em-coluna","tag-idoso-e-preso-por-tentativa-de-homicidio-em-coluna","tag-preso-por-tentativa-de-homicidio-em-coluna","tag-tentativa-de-homicidio-em-coluna"],"_links":{"self":[{"href":"https:\/\/aconteceunovale.com.br\/portal\/index.php?rest_route=\/wp\/v2\/posts\/171313","targetHints":{"allow":["GET"]}}],"collection":[{"href":"https:\/\/aconteceunovale.com.br\/portal\/index.php?rest_route=\/wp\/v2\/posts"}],"about":[{"href":"https:\/\/aconteceunovale.com.br\/portal\/index.php?rest_route=\/wp\/v2\/types\/post"}],"author":[{"embeddable":true,"href":"https:\/\/aconteceunovale.com.br\/portal\/index.php?rest_route=\/wp\/v2\/users\/4"}],"replies":[{"embeddable":true,"href":"https:\/\/aconteceunovale.com.br\/portal\/index.php?rest_route=%2Fwp%2Fv2%2Fcomments&post=171313"}],"version-history":[{"count":1,"href":"https:\/\/aconteceunovale.com.br\/portal\/index.php?rest_route=\/wp\/v2\/posts\/171313\/revisions"}],"predecessor-version":[{"id":171314,"href":"https:\/\/aconteceunovale.com.br\/portal\/index.php?rest_route=\/wp\/v2\/posts\/171313\/revisions\/171314"}],"wp:featuredmedia":[{"embeddable":true,"href":"https:\/\/aconteceunovale.com.br\/portal\/index.php?rest_route=\/wp\/v2\/media\/151866"}],"wp:attachment":[{"href":"https:\/\/aconteceunovale.com.br\/portal\/index.php?rest_route=%2Fwp%2Fv2%2Fmedia&parent=171313"}],"wp:term":[{"taxonomy":"category","embeddable":true,"href":"https:\/\/aconteceunovale.com.br\/portal\/index.php?rest_route=%2Fwp%2Fv2%2Fcategories&post=171313"},{"taxonomy":"post_tag","embeddable":true,"href":"https:\/\/aconteceunovale.com.br\/portal\/index.php?rest_route=%2Fwp%2Fv2%2Ftags&post=171313"}],"curies":[{"name":"wp","href":"https:\/\/api.w.org\/{rel}","templated":true}]}}