{"id":171307,"date":"2020-12-27T21:47:55","date_gmt":"2020-12-28T00:47:55","guid":{"rendered":"https:\/\/aconteceunovale.com.br\/portal\/?p=171307"},"modified":"2020-12-27T21:48:43","modified_gmt":"2020-12-28T00:48:43","slug":"adolescente-e-apreendido-com-arma-e-drogas-no-municipio-de-alpercata","status":"publish","type":"post","link":"https:\/\/aconteceunovale.com.br\/portal\/?p=171307","title":{"rendered":"Adolescente \u00e9 apreendido com arma e drogas no munic\u00edpio de Alpercata"},"content":{"rendered":"\n<p>Um adolescente de 17 anos foi apreendido com uma arma de fogo no munic\u00edpio de Alpercata, no Vale do Rio Doce, nesse s\u00e1bado (26\/12\/2020). Ele estava em uma ch\u00e1cara no distrito de Era Nova.<\/p>\n\n\n\n<p>Segundo informa\u00e7\u00f5es da Pol\u00edcia Militar (PM), militares receberam den\u00fancias de perturba\u00e7\u00e3o do sossego e, ao chegarem na ch\u00e1cara, encontraram o menor com um rev\u00f3lver calibre 38 com uma muni\u00e7\u00e3o intacta.<\/p>\n\n\n\n<p>Al\u00e9m disso, havia com ele um pino de crack em p\u00f3, maconha, balan\u00e7a de precis\u00e3o e mais de R$ 400,00. O adolescente e o material foram encaminhados \u00e0 Delegacia de Pol\u00edcia Civil.<\/p>\n\n\n\n<figure class=\"wp-block-gallery columns-1 is-cropped wp-block-gallery-1 is-layout-flex wp-block-gallery-is-layout-flex\"><ul class=\"blocks-gallery-grid\"><li class=\"blocks-gallery-item\"><figure><img loading=\"lazy\" decoding=\"async\" width=\"660\" height=\"450\" src=\"https:\/\/aconteceunovale.com.br\/portal\/wp-content\/uploads\/2020\/12\/arma_alpercata.jpeg\" alt=\"\" data-id=\"171308\" data-full-url=\"https:\/\/aconteceunovale.com.br\/portal\/wp-content\/uploads\/2020\/12\/arma_alpercata.jpeg\" data-link=\"https:\/\/aconteceunovale.com.br\/portal\/?attachment_id=171308\" class=\"wp-image-171308\" srcset=\"https:\/\/aconteceunovale.com.br\/portal\/wp-content\/uploads\/2020\/12\/arma_alpercata.jpeg 660w, https:\/\/aconteceunovale.com.br\/portal\/wp-content\/uploads\/2020\/12\/arma_alpercata-300x205.jpeg 300w, https:\/\/aconteceunovale.com.br\/portal\/wp-content\/uploads\/2020\/12\/arma_alpercata-218x150.jpeg 218w, https:\/\/aconteceunovale.com.br\/portal\/wp-content\/uploads\/2020\/12\/arma_alpercata-616x420.jpeg 616w\" sizes=\"auto, (max-width: 660px) 100vw, 660px\" \/><figcaption class=\"blocks-gallery-item__caption\"><em>Foto: Pol\u00edcia Militar\/Divulga\u00e7\u00e3o<\/em><\/figcaption><\/figure><\/li><\/ul><\/figure>\n\n\n\n<p class=\"has-white-color has-vivid-cyan-blue-background-color has-text-color has-background\">Quer saber as not\u00edcias do <strong>Aconteceu no Vale<\/strong> em primeira m\u00e3o? Siga-nos no Facebook <a rel=\"noreferrer noopener\" href=\"http:\/\/facebook.com\/aconteceunovale\" target=\"_blank\">@aconteceunovale<\/a>, Twitter <a rel=\"noreferrer noopener\" href=\"https:\/\/twitter.com\/noticiadosvales\" target=\"_blank\">@noticiadosvales<\/a> e Instagram <a rel=\"noreferrer noopener\" href=\"https:\/\/www.instagram.com\/aconteceunovale\" target=\"_blank\">@aconteceunovale<\/a>.<\/p>\n","protected":false},"excerpt":{"rendered":"<p>Um adolescente de 17 anos foi apreendido com uma arma de fogo no munic\u00edpio de Alpercata, no Vale do Rio Doce, nesse s\u00e1bado (26\/12\/2020). Ele estava em uma ch\u00e1cara no distrito de Era Nova. Segundo informa\u00e7\u00f5es da Pol\u00edcia Militar (PM), militares receberam den\u00fancias de perturba\u00e7\u00e3o do sossego e, ao chegarem na ch\u00e1cara, encontraram o menor [&hellip;]<\/p>\n","protected":false},"author":4,"featured_media":171308,"comment_status":"open","ping_status":"closed","sticky":false,"template":"","format":"standard","meta":{"amp_status":"","footnotes":""},"categories":[121],"tags":[233350,274,233351,233355,233352,233354,233353,106229,204731,233356],"class_list":["post-171307","post","type-post","status-publish","format-standard","has-post-thumbnail","hentry","category-leste","tag-adolescente-e-apreendido-com-arma-e-drogas-no-municipio-de-alpercata","tag-alpercata","tag-apreensao-de-arma-em-alpercata","tag-apreensao-de-arma-em-era-nova","tag-arma-apreendida-em-alpercata","tag-arma-apreendida-em-era-nova","tag-detido-com-arma-em-alpercata","tag-era-nova","tag-trafico-em-alpercata","tag-trafico-em-era-nova"],"_links":{"self":[{"href":"https:\/\/aconteceunovale.com.br\/portal\/index.php?rest_route=\/wp\/v2\/posts\/171307","targetHints":{"allow":["GET"]}}],"collection":[{"href":"https:\/\/aconteceunovale.com.br\/portal\/index.php?rest_route=\/wp\/v2\/posts"}],"about":[{"href":"https:\/\/aconteceunovale.com.br\/portal\/index.php?rest_route=\/wp\/v2\/types\/post"}],"author":[{"embeddable":true,"href":"https:\/\/aconteceunovale.com.br\/portal\/index.php?rest_route=\/wp\/v2\/users\/4"}],"replies":[{"embeddable":true,"href":"https:\/\/aconteceunovale.com.br\/portal\/index.php?rest_route=%2Fwp%2Fv2%2Fcomments&post=171307"}],"version-history":[{"count":1,"href":"https:\/\/aconteceunovale.com.br\/portal\/index.php?rest_route=\/wp\/v2\/posts\/171307\/revisions"}],"predecessor-version":[{"id":171309,"href":"https:\/\/aconteceunovale.com.br\/portal\/index.php?rest_route=\/wp\/v2\/posts\/171307\/revisions\/171309"}],"wp:featuredmedia":[{"embeddable":true,"href":"https:\/\/aconteceunovale.com.br\/portal\/index.php?rest_route=\/wp\/v2\/media\/171308"}],"wp:attachment":[{"href":"https:\/\/aconteceunovale.com.br\/portal\/index.php?rest_route=%2Fwp%2Fv2%2Fmedia&parent=171307"}],"wp:term":[{"taxonomy":"category","embeddable":true,"href":"https:\/\/aconteceunovale.com.br\/portal\/index.php?rest_route=%2Fwp%2Fv2%2Fcategories&post=171307"},{"taxonomy":"post_tag","embeddable":true,"href":"https:\/\/aconteceunovale.com.br\/portal\/index.php?rest_route=%2Fwp%2Fv2%2Ftags&post=171307"}],"curies":[{"name":"wp","href":"https:\/\/api.w.org\/{rel}","templated":true}]}}