{"id":171303,"date":"2020-12-27T21:39:37","date_gmt":"2020-12-28T00:39:37","guid":{"rendered":"https:\/\/aconteceunovale.com.br\/portal\/?p=171303"},"modified":"2020-12-27T21:40:33","modified_gmt":"2020-12-28T00:40:33","slug":"homem-e-assassinado-em-salto-da-divisa-no-vale-do-jequitinhonha","status":"publish","type":"post","link":"https:\/\/aconteceunovale.com.br\/portal\/?p=171303","title":{"rendered":"Homem \u00e9 assassinado em Salto da Divisa, no Vale do Jequitinhonha"},"content":{"rendered":"\n<p>Um homem de 46 anos foi morto a tiros em Salto da Divisa, no Vale do Jequitinhonha, na madrugada deste domingo (27\/12\/2020). Ricardo Silva Santos foi atingido por disparos na cabe\u00e7a, dentro de um bar na Pra\u00e7a Coronel Orozimbo Peixoto, no Centro da cidade. Os dois suspeitos do crime, de 24 e 31 anos, foram presos.<\/p>\n\n\n\n<p>De acordo com a Pol\u00edcia Militar, os dois autores, de 24 e 31 anos, estavam no bar e um deles come\u00e7ou a discutir com uma outra pessoa. A v\u00edtima interveio na discuss\u00e3o e, segundo o suspeito, o agrediu verbalmente.<\/p>\n\n\n\n<p>Ainda segundo a PM, o autor disse que estava armado e que efetuou quatro disparos contra a v\u00edtima, que morreu no local. Os dois fugiram para a casa da irm\u00e3 de um deles, onde foram localizados pelos militares.<\/p>\n\n\n\n<p>Os suspeitos foram encaminhados \u00e0 Delegacia de Pol\u00edcia Civil em Almenara, juntamente com as armas que estavam com eles no momento do crime. O corpo da v\u00edtima foi encaminhado ao Instituto M\u00e9dico Legal (IML) de Te\u00f3filo Otoni.<\/p>\n\n\n\n<p>O crime ser\u00e1 investigado.<\/p>\n\n\n\n<figure class=\"wp-block-gallery columns-1 is-cropped wp-block-gallery-1 is-layout-flex wp-block-gallery-is-layout-flex\"><ul class=\"blocks-gallery-grid\"><li class=\"blocks-gallery-item\"><figure><img loading=\"lazy\" decoding=\"async\" width=\"600\" height=\"416\" src=\"https:\/\/aconteceunovale.com.br\/portal\/wp-content\/uploads\/2020\/12\/vitima_salto_da_divisa.png\" alt=\"\" data-id=\"171304\" data-full-url=\"https:\/\/aconteceunovale.com.br\/portal\/wp-content\/uploads\/2020\/12\/vitima_salto_da_divisa.png\" data-link=\"https:\/\/aconteceunovale.com.br\/portal\/?attachment_id=171304\" class=\"wp-image-171304\" srcset=\"https:\/\/aconteceunovale.com.br\/portal\/wp-content\/uploads\/2020\/12\/vitima_salto_da_divisa.png 600w, https:\/\/aconteceunovale.com.br\/portal\/wp-content\/uploads\/2020\/12\/vitima_salto_da_divisa-300x208.png 300w, https:\/\/aconteceunovale.com.br\/portal\/wp-content\/uploads\/2020\/12\/vitima_salto_da_divisa-100x70.png 100w, https:\/\/aconteceunovale.com.br\/portal\/wp-content\/uploads\/2020\/12\/vitima_salto_da_divisa-218x150.png 218w\" sizes=\"auto, (max-width: 600px) 100vw, 600px\" \/><figcaption class=\"blocks-gallery-item__caption\"><em>Ricardo tinha 46 anos &#8211; Foto: Reprodu\u00e7\u00e3o<\/em><\/figcaption><\/figure><\/li><\/ul><\/figure>\n\n\n\n<p class=\"has-white-color has-vivid-cyan-blue-background-color has-text-color has-background\">Quer saber as not\u00edcias do <strong>Aconteceu no Vale<\/strong> em primeira m\u00e3o? Siga-nos no Facebook <a rel=\"noreferrer noopener\" href=\"http:\/\/facebook.com\/aconteceunovale\" target=\"_blank\">@aconteceunovale<\/a>, Twitter <a rel=\"noreferrer noopener\" href=\"https:\/\/twitter.com\/noticiadosvales\" target=\"_blank\">@noticiadosvales<\/a> e Instagram <a rel=\"noreferrer noopener\" href=\"https:\/\/www.instagram.com\/aconteceunovale\" target=\"_blank\">@aconteceunovale<\/a>.<\/p>\n","protected":false},"excerpt":{"rendered":"<p>Um homem de 46 anos foi morto a tiros em Salto da Divisa, no Vale do Jequitinhonha, na madrugada deste domingo (27\/12\/2020). Ricardo Silva Santos foi atingido por disparos na cabe\u00e7a, dentro de um bar na Pra\u00e7a Coronel Orozimbo Peixoto, no Centro da cidade. Os dois suspeitos do crime, de 24 e 31 anos, foram [&hellip;]<\/p>\n","protected":false},"author":4,"featured_media":171305,"comment_status":"open","ping_status":"closed","sticky":false,"template":"","format":"standard","meta":{"amp_status":"","footnotes":""},"categories":[120],"tags":[142,233345,233346,55561,55560,55559,233348,143987,233349,233347,409,164],"class_list":["post-171303","post","type-post","status-publish","format-standard","has-post-thumbnail","hentry","category-jequi","tag-almenara","tag-homem-e-assassinado-em-salto-da-divisa","tag-homem-morto-em-salto-da-divisa","tag-homicidio-em-salto-da-divisa","tag-morte-em-salto-da-divisa","tag-morto-em-salto-da-divisa","tag-morto-no-centro-de-salto-da-divisa","tag-presos-em-salto-da-divisa","tag-presos-por-homicidio-em-salto-da-divisa","tag-ricardo-silva-santos","tag-salto-da-divisa","tag-teofilo-otoni"],"_links":{"self":[{"href":"https:\/\/aconteceunovale.com.br\/portal\/index.php?rest_route=\/wp\/v2\/posts\/171303","targetHints":{"allow":["GET"]}}],"collection":[{"href":"https:\/\/aconteceunovale.com.br\/portal\/index.php?rest_route=\/wp\/v2\/posts"}],"about":[{"href":"https:\/\/aconteceunovale.com.br\/portal\/index.php?rest_route=\/wp\/v2\/types\/post"}],"author":[{"embeddable":true,"href":"https:\/\/aconteceunovale.com.br\/portal\/index.php?rest_route=\/wp\/v2\/users\/4"}],"replies":[{"embeddable":true,"href":"https:\/\/aconteceunovale.com.br\/portal\/index.php?rest_route=%2Fwp%2Fv2%2Fcomments&post=171303"}],"version-history":[{"count":1,"href":"https:\/\/aconteceunovale.com.br\/portal\/index.php?rest_route=\/wp\/v2\/posts\/171303\/revisions"}],"predecessor-version":[{"id":171306,"href":"https:\/\/aconteceunovale.com.br\/portal\/index.php?rest_route=\/wp\/v2\/posts\/171303\/revisions\/171306"}],"wp:featuredmedia":[{"embeddable":true,"href":"https:\/\/aconteceunovale.com.br\/portal\/index.php?rest_route=\/wp\/v2\/media\/171305"}],"wp:attachment":[{"href":"https:\/\/aconteceunovale.com.br\/portal\/index.php?rest_route=%2Fwp%2Fv2%2Fmedia&parent=171303"}],"wp:term":[{"taxonomy":"category","embeddable":true,"href":"https:\/\/aconteceunovale.com.br\/portal\/index.php?rest_route=%2Fwp%2Fv2%2Fcategories&post=171303"},{"taxonomy":"post_tag","embeddable":true,"href":"https:\/\/aconteceunovale.com.br\/portal\/index.php?rest_route=%2Fwp%2Fv2%2Ftags&post=171303"}],"curies":[{"name":"wp","href":"https:\/\/api.w.org\/{rel}","templated":true}]}}