{"id":171297,"date":"2020-12-27T20:58:33","date_gmt":"2020-12-27T23:58:33","guid":{"rendered":"https:\/\/aconteceunovale.com.br\/portal\/?p=171297"},"modified":"2020-12-27T20:59:37","modified_gmt":"2020-12-27T23:59:37","slug":"covid-19-brasil-passa-dos-191-mil-obitos-desde-o-inicio-da-pandemia","status":"publish","type":"post","link":"https:\/\/aconteceunovale.com.br\/portal\/?p=171297","title":{"rendered":"Covid-19: Brasil passa dos 191 mil \u00f3bitos desde o in\u00edcio da pandemia"},"content":{"rendered":"\n<p>O balan\u00e7o divulgado neste domingo (27\/12\/2020) pelo Minist\u00e9rio da Sa\u00fade aponta 18.479 novos diagn\u00f3sticos positivos para Covid-19 nas 24 horas desde o boletim divulgado ontem pela pasta. S\u00e3o 7.484.285 infectados pelo v\u00edrus desde o in\u00edcio da pandemia. At\u00e9 as 17h de hoje, foram registradas 344 mortes, totalizando 191.139 \u00f3bitos.<\/p>\n\n\n\n<p>Segundo a pasta, 6.515.370 pessoas (87,1%) se recuperaram da covid-19 em todo o pa\u00eds. Outros 777.776 (10,4%) pacientes est\u00e3o em acompanhamento.<\/p>\n\n\n\n<p>O balan\u00e7o do minist\u00e9rio \u00e9 feito a partir de registros reunidos pelas secretarias estaduais de Sa\u00fade e enviados \u00e0 pasta para consolida\u00e7\u00e3o.<\/p>\n\n\n\n<figure class=\"wp-block-image size-large\"><img loading=\"lazy\" decoding=\"async\" width=\"754\" height=\"422\" src=\"https:\/\/aconteceunovale.com.br\/portal\/wp-content\/uploads\/2020\/12\/boletim_corona_br_27dez.jpg\" alt=\"\" class=\"wp-image-171298\" srcset=\"https:\/\/aconteceunovale.com.br\/portal\/wp-content\/uploads\/2020\/12\/boletim_corona_br_27dez.jpg 754w, https:\/\/aconteceunovale.com.br\/portal\/wp-content\/uploads\/2020\/12\/boletim_corona_br_27dez-300x168.jpg 300w, https:\/\/aconteceunovale.com.br\/portal\/wp-content\/uploads\/2020\/12\/boletim_corona_br_27dez-696x390.jpg 696w, https:\/\/aconteceunovale.com.br\/portal\/wp-content\/uploads\/2020\/12\/boletim_corona_br_27dez-750x420.jpg 750w\" sizes=\"auto, (max-width: 754px) 100vw, 754px\" \/><\/figure>\n\n\n\n<p class=\"has-white-color has-vivid-cyan-blue-background-color has-text-color has-background\">Quer saber as not\u00edcias do <strong>Aconteceu no Vale<\/strong> em primeira m\u00e3o? Siga-nos no Facebook <a rel=\"noreferrer noopener\" href=\"http:\/\/facebook.com\/aconteceunovale\" target=\"_blank\">@aconteceunovale<\/a>, Twitter <a rel=\"noreferrer noopener\" href=\"https:\/\/twitter.com\/noticiadosvales\" target=\"_blank\">@noticiadosvales<\/a> e Instagram <a rel=\"noreferrer noopener\" href=\"https:\/\/www.instagram.com\/aconteceunovale\" target=\"_blank\">@aconteceunovale<\/a>.<\/p>\n","protected":false},"excerpt":{"rendered":"<p>O balan\u00e7o divulgado neste domingo (27\/12\/2020) pelo Minist\u00e9rio da Sa\u00fade aponta 18.479 novos diagn\u00f3sticos positivos para Covid-19 nas 24 horas desde o boletim divulgado ontem pela pasta. S\u00e3o 7.484.285 infectados pelo v\u00edrus desde o in\u00edcio da pandemia. At\u00e9 as 17h de hoje, foram registradas 344 mortes, totalizando 191.139 \u00f3bitos. Segundo a pasta, 6.515.370 pessoas (87,1%) [&hellip;]<\/p>\n","protected":false},"author":4,"featured_media":171108,"comment_status":"open","ping_status":"closed","sticky":false,"template":"","format":"standard","meta":{"amp_status":"","footnotes":""},"categories":[6,40242],"tags":[4785,220477,220660,219520,218049,218205,214884,215394,216498,218043,232361,233340,19326,220349,218044,218045,215653,218206,219105,219104,218876,219519,140166,217692,220478,220479,232360,220944,220945],"class_list":["post-171297","post","type-post","status-publish","format-standard","has-post-thumbnail","hentry","category-br","category-saude-2","tag-brasil","tag-brasil-bate-recorde-de-obitos-e-casos-confirmados-em-um-dia","tag-brasil-ultrapassa-marca-de-4-mil-obitos-por-covid-19","tag-casos-confirmados-e-obitos-no-brasil","tag-casos-de-coronavirus-no-brasil","tag-casos-de-covid-19-no-brasil","tag-coronavirus","tag-coronavirus-no-brasil","tag-covid-19","tag-covid-19-no-brasil","tag-covid-19-brasil-passa-dos-180-mil-obitos-desde-o-inicio-da-pandemia","tag-covid-19-brasil-passa-dos-191-mil-obitos-desde-o-inicio-da-pandemia","tag-ministerio-da-saude","tag-ministerio-da-saude-atualiza-numeros-do-coronavirus-no-brasil","tag-mortes-por-coronavirus-no-brasil","tag-mortes-por-covid-19-no-brasil","tag-novo-coronavirus","tag-numero-de-casos-de-covid-19-confirmados-no-brasil","tag-numeros-da-covid-19-no-brasil","tag-numeros-do-coronavirus-no-brasil","tag-obitos-por-coronavirus-no-brasil","tag-obitos-por-covid-19-no-brasil","tag-pandemia","tag-pandemia-de-coronavirus","tag-recorde-de-obitos-por-coronavirus-no-brasil","tag-recorde-de-obitos-por-covid-19-no-brasil","tag-situacao-epidemiologica-da-covid-19-no-brasil-em-11-12-2020","tag-virus-vai-atingir-70-da-populacao","tag-virus-vai-atingir-70-da-populacao-diz-jair-bolsonaro"],"_links":{"self":[{"href":"https:\/\/aconteceunovale.com.br\/portal\/index.php?rest_route=\/wp\/v2\/posts\/171297","targetHints":{"allow":["GET"]}}],"collection":[{"href":"https:\/\/aconteceunovale.com.br\/portal\/index.php?rest_route=\/wp\/v2\/posts"}],"about":[{"href":"https:\/\/aconteceunovale.com.br\/portal\/index.php?rest_route=\/wp\/v2\/types\/post"}],"author":[{"embeddable":true,"href":"https:\/\/aconteceunovale.com.br\/portal\/index.php?rest_route=\/wp\/v2\/users\/4"}],"replies":[{"embeddable":true,"href":"https:\/\/aconteceunovale.com.br\/portal\/index.php?rest_route=%2Fwp%2Fv2%2Fcomments&post=171297"}],"version-history":[{"count":1,"href":"https:\/\/aconteceunovale.com.br\/portal\/index.php?rest_route=\/wp\/v2\/posts\/171297\/revisions"}],"predecessor-version":[{"id":171299,"href":"https:\/\/aconteceunovale.com.br\/portal\/index.php?rest_route=\/wp\/v2\/posts\/171297\/revisions\/171299"}],"wp:featuredmedia":[{"embeddable":true,"href":"https:\/\/aconteceunovale.com.br\/portal\/index.php?rest_route=\/wp\/v2\/media\/171108"}],"wp:attachment":[{"href":"https:\/\/aconteceunovale.com.br\/portal\/index.php?rest_route=%2Fwp%2Fv2%2Fmedia&parent=171297"}],"wp:term":[{"taxonomy":"category","embeddable":true,"href":"https:\/\/aconteceunovale.com.br\/portal\/index.php?rest_route=%2Fwp%2Fv2%2Fcategories&post=171297"},{"taxonomy":"post_tag","embeddable":true,"href":"https:\/\/aconteceunovale.com.br\/portal\/index.php?rest_route=%2Fwp%2Fv2%2Ftags&post=171297"}],"curies":[{"name":"wp","href":"https:\/\/api.w.org\/{rel}","templated":true}]}}