{"id":171294,"date":"2020-12-27T20:45:23","date_gmt":"2020-12-27T23:45:23","guid":{"rendered":"https:\/\/aconteceunovale.com.br\/portal\/?p=171294"},"modified":"2020-12-27T20:46:15","modified_gmt":"2020-12-27T23:46:15","slug":"vacina-tem-impacto-que-precisa-ser-bem-esclarecido-diz-presidente-jair-bolsonaro","status":"publish","type":"post","link":"https:\/\/aconteceunovale.com.br\/portal\/?p=171294","title":{"rendered":"Vacina tem impacto que precisa ser bem esclarecido, diz presidente Jair Bolsonaro"},"content":{"rendered":"\n<p>O presidente Jair Bolsonaro afirmou neste&nbsp;domingo&nbsp;(27\/12\/2020) por meio de redes sociais que existem quatro laborat\u00f3rios desenvolvendo estudos cl\u00ednicos de vacinas no Brasil. O post, no entanto, ressalta que nenhum deles apresentou o pedido de uso emergencial ou de registro junto \u00e0 Ag\u00eancia Nacional de Vigil\u00e2ncia Sanit\u00e1ria (Anvisa).<\/p>\n\n\n\n<p>\u201cTemos pressa em obter uma vacina, segura, eficaz e com qualidade, fabricada por laborat\u00f3rios devidamente certificados. Mas a quest\u00e3o da responsabilidade por rea\u00e7\u00f5es adversas de suas vacinas \u00e9 um tema de grande impacto, e que precisa ser muito bem esclarecido\u201d, afirma o presidente.<\/p>\n\n\n\n<p>Bolsonaro afirmou ainda&nbsp;que, caso exercesse press\u00f5es pela vacina, seria acusado de interfer\u00eancia e irresponsabilidade.<\/p>\n\n\n\n<p>\u201cT\u00e3o logo um laborat\u00f3rio apresente seu pedido de uso emergencial, ou registro junto \u00e0 Anvisa, e esta proceda a sua an\u00e1lise completa e o acolha, a vacina ser\u00e1 ofertada a todos e de forma gratuita e n\u00e3o obrigat\u00f3ria\u201d.<\/p>\n\n\n\n<h2 class=\"wp-block-heading\">Vacina\u00e7\u00e3o<\/h2>\n\n\n\n<p>Em entrevista ao programa Brasil em Pauta, da\u00a0TV Brasil, o\u00a0ministro da Sa\u00fade, Eduardo Pazuello, disse\u00a0que\u00a0todos os estados receber\u00e3o a vacina simultaneamente. &#8220;Independentemente da quantidade da vacina, ela ser\u00e1 distribu\u00edda igualitariamente dentro da proporcionalidade dos estados&#8221;. <\/p>\n\n\n\n<p>A previs\u00e3o do Minist\u00e9rio da Sa\u00fade \u00e9 que 24,7 milh\u00f5es de doses de vacinas estejam dispon\u00edveis em janeiro. \u201cO cronograma de distribui\u00e7\u00e3o e imuniza\u00e7\u00e3o \u00e9 um anexo do nosso plano de imuniza\u00e7\u00e3o&#8221;, disse Pazuello, ao acrescentar que o cronograma pode sofrer mudan\u00e7as. &#8220;Voc\u00ea faz a previs\u00e3o quando contrata, mas \u00e0s vezes adianta, \u00e0s vezes atrasa, e a gente vai atualizando esse cronograma.&#8221;<\/p>\n\n\n\n<p>A expectativa de Pazuello \u00e9 que alguns grupos priorit\u00e1rios comecem a receber a primeira dose da vacina contra a covid-19 no final&nbsp;de janeiro. A vacina\u00e7\u00e3o em massa deve come\u00e7ar a partir&nbsp;de fevereiro.<\/p>\n\n\n\n<p>Segundo o ministro, a vacina\u00e7\u00e3o da popula\u00e7\u00e3o em geral deve come\u00e7ar cerca de quatro meses ap\u00f3s o t\u00e9rmino da imuniza\u00e7\u00e3o dos grupos priorit\u00e1rios.<\/p>\n\n\n\n<p class=\"has-white-color has-vivid-cyan-blue-background-color has-text-color has-background\">Quer saber as not\u00edcias do <strong>Aconteceu no Vale<\/strong> em primeira m\u00e3o? Siga-nos no Facebook <a rel=\"noreferrer noopener\" href=\"http:\/\/facebook.com\/aconteceunovale\" target=\"_blank\">@aconteceunovale<\/a>, Twitter <a rel=\"noreferrer noopener\" href=\"https:\/\/twitter.com\/noticiadosvales\" target=\"_blank\">@noticiadosvales<\/a> e Instagram <a rel=\"noreferrer noopener\" href=\"https:\/\/www.instagram.com\/aconteceunovale\" target=\"_blank\">@aconteceunovale<\/a>.<\/p>\n","protected":false},"excerpt":{"rendered":"<p>O presidente Jair Bolsonaro afirmou neste&nbsp;domingo&nbsp;(27\/12\/2020) por meio de redes sociais que existem quatro laborat\u00f3rios desenvolvendo estudos cl\u00ednicos de vacinas no Brasil. O post, no entanto, ressalta que nenhum deles apresentou o pedido de uso emergencial ou de registro junto \u00e0 Ag\u00eancia Nacional de Vigil\u00e2ncia Sanit\u00e1ria (Anvisa). \u201cTemos pressa em obter uma vacina, segura, eficaz [&hellip;]<\/p>\n","protected":false},"author":4,"featured_media":171295,"comment_status":"open","ping_status":"closed","sticky":false,"template":"","format":"standard","meta":{"amp_status":"","footnotes":""},"categories":[6,40240,40242],"tags":[100375,233319,233318,214884,216498,221803,233299,233298,233320,233321,26436,34259,233294,215653,140166,219687,218365,233295,232472,233300,174222,219775,233297,219773,233296],"class_list":["post-171294","post","type-post","status-publish","format-standard","has-post-thumbnail","hentry","category-br","category-politica-2","category-saude-2","tag-bolsonaro","tag-composicao-da-vacina-contra-coronavirus","tag-composicao-da-vacina-contra-covid-19","tag-coronavirus","tag-covid-19","tag-eduardo-pazuello","tag-imunizacao-contra-a-covid-19-no-brasil","tag-imunizacao-contra-coronavirus-no-brasil","tag-ingredientes-da-vacina-contra-coronavirus","tag-ingredientes-da-vacina-contra-covid-19","tag-jair-bolsonaro","tag-ministro-da-saude","tag-ministro-da-saude-diz-que-estados-receberao-vacina-contra-covid-19-simultaneamente","tag-novo-coronavirus","tag-pandemia","tag-pandemia-da-covid-19","tag-pandemia-do-coronavirus","tag-pazuello","tag-plano-nacional-de-imunizacao-contra-a-covid-19","tag-plano-nacional-de-imunizacao-contra-o-coronavirus","tag-presidente-jair-bolsonaro","tag-vacina-contra-coronavirus","tag-vacina-contra-coronavirus-no-brasil","tag-vacina-contra-covid-19","tag-vacina-contra-covid-19-no-brasil"],"_links":{"self":[{"href":"https:\/\/aconteceunovale.com.br\/portal\/index.php?rest_route=\/wp\/v2\/posts\/171294","targetHints":{"allow":["GET"]}}],"collection":[{"href":"https:\/\/aconteceunovale.com.br\/portal\/index.php?rest_route=\/wp\/v2\/posts"}],"about":[{"href":"https:\/\/aconteceunovale.com.br\/portal\/index.php?rest_route=\/wp\/v2\/types\/post"}],"author":[{"embeddable":true,"href":"https:\/\/aconteceunovale.com.br\/portal\/index.php?rest_route=\/wp\/v2\/users\/4"}],"replies":[{"embeddable":true,"href":"https:\/\/aconteceunovale.com.br\/portal\/index.php?rest_route=%2Fwp%2Fv2%2Fcomments&post=171294"}],"version-history":[{"count":1,"href":"https:\/\/aconteceunovale.com.br\/portal\/index.php?rest_route=\/wp\/v2\/posts\/171294\/revisions"}],"predecessor-version":[{"id":171296,"href":"https:\/\/aconteceunovale.com.br\/portal\/index.php?rest_route=\/wp\/v2\/posts\/171294\/revisions\/171296"}],"wp:featuredmedia":[{"embeddable":true,"href":"https:\/\/aconteceunovale.com.br\/portal\/index.php?rest_route=\/wp\/v2\/media\/171295"}],"wp:attachment":[{"href":"https:\/\/aconteceunovale.com.br\/portal\/index.php?rest_route=%2Fwp%2Fv2%2Fmedia&parent=171294"}],"wp:term":[{"taxonomy":"category","embeddable":true,"href":"https:\/\/aconteceunovale.com.br\/portal\/index.php?rest_route=%2Fwp%2Fv2%2Fcategories&post=171294"},{"taxonomy":"post_tag","embeddable":true,"href":"https:\/\/aconteceunovale.com.br\/portal\/index.php?rest_route=%2Fwp%2Fv2%2Ftags&post=171294"}],"curies":[{"name":"wp","href":"https:\/\/api.w.org\/{rel}","templated":true}]}}