{"id":171291,"date":"2020-12-27T11:08:39","date_gmt":"2020-12-27T14:08:39","guid":{"rendered":"https:\/\/aconteceunovale.com.br\/portal\/?p=171291"},"modified":"2020-12-27T11:09:20","modified_gmt":"2020-12-27T14:09:20","slug":"homem-e-preso-apos-matar-irmao-no-norte-de-minas","status":"publish","type":"post","link":"https:\/\/aconteceunovale.com.br\/portal\/?p=171291","title":{"rendered":"Homem \u00e9 preso ap\u00f3s matar irm\u00e3o no Norte de Minas"},"content":{"rendered":"\n<p>Um homem de 32 anos foi preso nesse s\u00e1bado (26\/12\/2020), em Chapada Ga\u00facha, suspeito de matar o pr\u00f3prio irm\u00e3o. De acordo com a Pol\u00edcia Militar, ele fugiu ap\u00f3s o crime, mas foi encontrado em uma casa pr\u00f3ximo ao local.<\/p>\n\n\n\n<p>Segundo a PM, o autor chegou na casa dos pais e avan\u00e7ou contra o irm\u00e3o, de 24 anos, o atingindo no peito com um canivete, sem motiva\u00e7\u00e3o aparente. De acordo com os militares, ele aparentava estar embriagado no momento do crime.<\/p>\n\n\n\n<p>Os pais do autor informaram \u00e0 pol\u00edcia de que ele tem depress\u00e3o profunda h\u00e1 mais de cinco anos, mas que n\u00e3o estava fazendo tratamento. Disseram ainda que h\u00e1 mais de oito meses ele se afastou dos familiares, tinha raiva de todos e ficava muito alterado quando fazia uso de bebidas alco\u00f3licas.<\/p>\n\n\n\n<p>Segundo a PM, o suspeito n\u00e3o tinha passagens. Ele foi levado para a delegacia de Una\u00ed, juntamente com a faca apreendida. A per\u00edcia esteve no local do crime e realizou os trabalhos. A Pol\u00edcia Civil ir\u00e1 investigar o crime.<\/p>\n\n\n\n<figure class=\"wp-block-gallery columns-1 is-cropped wp-block-gallery-1 is-layout-flex wp-block-gallery-is-layout-flex\"><ul class=\"blocks-gallery-grid\"><li class=\"blocks-gallery-item\"><figure><img loading=\"lazy\" decoding=\"async\" width=\"678\" height=\"369\" src=\"https:\/\/aconteceunovale.com.br\/portal\/wp-content\/uploads\/2020\/12\/homicidio_chapada.jpeg\" alt=\"\" data-id=\"171292\" data-full-url=\"https:\/\/aconteceunovale.com.br\/portal\/wp-content\/uploads\/2020\/12\/homicidio_chapada.jpeg\" data-link=\"https:\/\/aconteceunovale.com.br\/portal\/?attachment_id=171292\" class=\"wp-image-171292\" srcset=\"https:\/\/aconteceunovale.com.br\/portal\/wp-content\/uploads\/2020\/12\/homicidio_chapada.jpeg 678w, https:\/\/aconteceunovale.com.br\/portal\/wp-content\/uploads\/2020\/12\/homicidio_chapada-300x163.jpeg 300w\" sizes=\"auto, (max-width: 678px) 100vw, 678px\" \/><figcaption class=\"blocks-gallery-item__caption\"><em>Arma do crime &#8211; Foto: Pol\u00edcia Militar\/Divulga\u00e7\u00e3o<\/em><\/figcaption><\/figure><\/li><\/ul><\/figure>\n\n\n\n<p class=\"has-white-color has-vivid-cyan-blue-background-color has-text-color has-background\">Quer saber as not\u00edcias do <strong>Aconteceu no Vale<\/strong> em primeira m\u00e3o? Siga-nos no Facebook <a rel=\"noreferrer noopener\" href=\"http:\/\/facebook.com\/aconteceunovale\" target=\"_blank\">@aconteceunovale<\/a>, Twitter <a rel=\"noreferrer noopener\" href=\"https:\/\/twitter.com\/noticiadosvales\" target=\"_blank\">@noticiadosvales<\/a> e Instagram <a rel=\"noreferrer noopener\" href=\"https:\/\/www.instagram.com\/aconteceunovale\" target=\"_blank\">@aconteceunovale<\/a>.<\/p>\n","protected":false},"excerpt":{"rendered":"<p>Um homem de 32 anos foi preso nesse s\u00e1bado (26\/12\/2020), em Chapada Ga\u00facha, suspeito de matar o pr\u00f3prio irm\u00e3o. De acordo com a Pol\u00edcia Militar, ele fugiu ap\u00f3s o crime, mas foi encontrado em uma casa pr\u00f3ximo ao local. Segundo a PM, o autor chegou na casa dos pais e avan\u00e7ou contra o irm\u00e3o, de [&hellip;]<\/p>\n","protected":false},"author":4,"featured_media":171292,"comment_status":"open","ping_status":"closed","sticky":false,"template":"","format":"standard","meta":{"amp_status":"","footnotes":""},"categories":[1236],"tags":[233338,1018,233335,233334,233336,233337,233339],"class_list":["post-171291","post","type-post","status-publish","format-standard","has-post-thumbnail","hentry","category-norte_de_minas","tag-assassinado-em-chapada-gaucha","tag-destaque","tag-homem-e-preso-apos-matar-irmao-em-chapada-gaucha","tag-homem-e-preso-apos-matar-irmao-no-norte-de-minas","tag-homicidio-em-chapada-gaucha","tag-morto-em-chapada-gaucha","tag-morto-pelo-irmao-em-chapada-gaucha"],"_links":{"self":[{"href":"https:\/\/aconteceunovale.com.br\/portal\/index.php?rest_route=\/wp\/v2\/posts\/171291","targetHints":{"allow":["GET"]}}],"collection":[{"href":"https:\/\/aconteceunovale.com.br\/portal\/index.php?rest_route=\/wp\/v2\/posts"}],"about":[{"href":"https:\/\/aconteceunovale.com.br\/portal\/index.php?rest_route=\/wp\/v2\/types\/post"}],"author":[{"embeddable":true,"href":"https:\/\/aconteceunovale.com.br\/portal\/index.php?rest_route=\/wp\/v2\/users\/4"}],"replies":[{"embeddable":true,"href":"https:\/\/aconteceunovale.com.br\/portal\/index.php?rest_route=%2Fwp%2Fv2%2Fcomments&post=171291"}],"version-history":[{"count":1,"href":"https:\/\/aconteceunovale.com.br\/portal\/index.php?rest_route=\/wp\/v2\/posts\/171291\/revisions"}],"predecessor-version":[{"id":171293,"href":"https:\/\/aconteceunovale.com.br\/portal\/index.php?rest_route=\/wp\/v2\/posts\/171291\/revisions\/171293"}],"wp:featuredmedia":[{"embeddable":true,"href":"https:\/\/aconteceunovale.com.br\/portal\/index.php?rest_route=\/wp\/v2\/media\/171292"}],"wp:attachment":[{"href":"https:\/\/aconteceunovale.com.br\/portal\/index.php?rest_route=%2Fwp%2Fv2%2Fmedia&parent=171291"}],"wp:term":[{"taxonomy":"category","embeddable":true,"href":"https:\/\/aconteceunovale.com.br\/portal\/index.php?rest_route=%2Fwp%2Fv2%2Fcategories&post=171291"},{"taxonomy":"post_tag","embeddable":true,"href":"https:\/\/aconteceunovale.com.br\/portal\/index.php?rest_route=%2Fwp%2Fv2%2Ftags&post=171291"}],"curies":[{"name":"wp","href":"https:\/\/api.w.org\/{rel}","templated":true}]}}